{"id":3821,"date":"2025-05-01T10:08:15","date_gmt":"2025-05-01T13:08:15","guid":{"rendered":"https:\/\/www.enorsai.com\/noticias\/sociedad\/1-de-mayo-tragico-dia-del-trabajador-en-argentina-entre-la-motosierra-de-milei-y-la-precarizacion-laboral\/"},"modified":"2025-05-01T10:08:15","modified_gmt":"2025-05-01T13:08:15","slug":"1-de-mayo-tragico-dia-del-trabajador-en-argentina-entre-la-motosierra-de-milei-y-la-precarizacion-laboral","status":"publish","type":"post","link":"https:\/\/www.enorsai.com\/noticias\/sociedad\/1-de-mayo-tragico-dia-del-trabajador-en-argentina-entre-la-motosierra-de-milei-y-la-precarizacion-laboral\/","title":{"rendered":"1\u00b0 de Mayo: Tr\u00e1gico d\u00eda del Trabajador en Argentina, entre la motosierra de Milei y la precarizaci\u00f3n laboral"},"content":{"rendered":"\n<p><strong><em>En un 1\u00b0 de mayo marcado por la crisis, los trabajadores enfrentan despidos masivos, ca\u00edda del poder adquisitivo y un ajuste que golpea con m\u00e1s fuerza a quienes menos tienen<\/em><\/strong>. <br><br>Bajada: Mientras el gobierno de Javier Milei celebra su \u201cmayor ajuste fiscal de la historia\u201d, los datos revelan una realidad alarmante: m\u00e1s de 185.000 empleos perdidos, salarios pulverizados por la inflaci\u00f3n y una pobreza que ya alcanza al 52% de la poblaci\u00f3n. <br><br>Este D\u00eda del Trabajador encuentra a la clase obrera argentina en una encrucijada.\u00a0 Lejos de conmemorar avances o reivindicaciones, el 1\u00b0 de mayo de 2025 se ti\u00f1e de incertidumbre y descontento.\u00a0 Desde la asunci\u00f3n de Javier Milei en diciembre de 2023, el pa\u00eds ha sido testigo de una serie de pol\u00edticas econ\u00f3micas que, bajo la promesa de eliminar el d\u00e9ficit fiscal, han tenido consecuencias devastadoras para el tejido laboral y social. <br><br>Uno de los pilares de este ajuste ha sido la dr\u00e1stica reducci\u00f3n del empleo p\u00fablico.\u00a0 Seg\u00fan datos oficiales, en los primeros doce meses de gesti\u00f3n se perdieron cerca de 185.000 empleos formales, de los cuales 51.000 corresponden al sector p\u00fablico\u00a0 . El gobierno, lejos de ocultarlo, se jacta de estas cifras, present\u00e1ndolas como logros en su cruzada contra el \u00abEstado elefanti\u00e1sico\u00bb\u00a0 .<br><br>Sin embargo, la realidad para los trabajadores es otra.\u00a0 La Asociaci\u00f3n de Trabajadores del Estado (ATE) denuncia que el 75% de los empleados estatales percibe ingresos por debajo de la l\u00ednea de pobreza, y que los salarios han sufrido una p\u00e9rdida del 34% respecto a la inflaci\u00f3n acumulada desde diciembre pasado\u00a0 . En diciembre de 2023, los salarios reales marcaron una ca\u00edda mensual sin precedentes en los \u00faltimos 30 a\u00f1os: un 10% en un solo mes\u00a0 .<br><br>La Confederaci\u00f3n General del Trabajo (CGT) ha sido enf\u00e1tica en su cr\u00edtica: \u00abEl ajuste, una vez m\u00e1s, recae sobre el pueblo\u00bb\u00a0 . La central obrera advierte que las medidas econ\u00f3micas del gobierno no solo afectan a los trabajadores formales, sino tambi\u00e9n a los informales, cuentapropistas, jubilados y pensionados.\u00a0 Adem\u00e1s, alertan sobre una posible aceleraci\u00f3n inflacionaria que podr\u00eda oscilar entre el 20% y el 30% en los pr\u00f3ximos meses. <br><br>En este contexto, el gobierno ha anunciado un controvertido acuerdo con el Fondo Monetario Internacional por 20.000 millones de d\u00f3lares, evocando temores de crisis pasadas y generando a\u00fan m\u00e1s incertidumbre entre la poblaci\u00f3n\u00a0 .<br><br>Este 1\u00b0 de mayo, las redes sociales se han inundado de mensajes de trabajadores que comparten sus historias de despidos, recortes y precarizaci\u00f3n.\u00a0 La consigna \u00abNo es la casta, el ajuste lo paga el pueblo\u00bb se ha convertido en un grito de protesta que resuena en todo el pa\u00eds. <br><br>En lugar de avanzar hacia una Argentina m\u00e1s justa y equitativa, las pol\u00edticas actuales parecen estar profundizando las desigualdades y debilitando los derechos laborales conquistados con tanto esfuerzo.\u00a0 Este D\u00eda del Trabajador, m\u00e1s que una celebraci\u00f3n, es un llamado urgente a la reflexi\u00f3n y a la acci\u00f3n colectiva para defender el trabajo digno y los derechos de quienes sostienen d\u00eda a d\u00eda el pa\u00eds. <\/p>\n\n\n\n<p><\/p>\n","protected":false},"excerpt":{"rendered":"<p>En un 1\u00b0 de mayo marcado por la crisis, los trabajadores enfrentan despidos masivos, ca\u00edda del poder adquisitivo y un ajuste que golpea con m\u00e1s fuerza a quienes menos tienen. Bajada: Mientras el gobierno de Javier Milei celebra su \u201cmayor ajuste fiscal de la historia\u201d, los datos revelan una realidad alarmante: m\u00e1s de 185.000 empleos&#8230;<\/p>\n","protected":false},"author":11,"featured_media":3820,"comment_status":"open","ping_status":"open","sticky":false,"template":"","format":"standard","meta":{"_monsterinsights_skip_tracking":false,"_monsterinsights_sitenote_active":false,"_monsterinsights_sitenote_note":"","_monsterinsights_sitenote_category":0,"footnotes":"","jetpack_publicize_message":"","jetpack_publicize_feature_enabled":true,"jetpack_social_post_already_shared":true,"jetpack_social_options":{"image_generator_settings":{"template":"highway","default_image_id":0,"font":"","enabled":false},"version":2}},"categories":[4],"tags":[],"class_list":["post-3821","post","type-post","status-publish","format-standard","has-post-thumbnail","hentry","category-sociedad"],"jetpack_publicize_connections":[],"_links":{"self":[{"href":"https:\/\/www.enorsai.com\/noticias\/wp-json\/wp\/v2\/posts\/3821","targetHints":{"allow":["GET"]}}],"collection":[{"href":"https:\/\/www.enorsai.com\/noticias\/wp-json\/wp\/v2\/posts"}],"about":[{"href":"https:\/\/www.enorsai.com\/noticias\/wp-json\/wp\/v2\/types\/post"}],"author":[{"embeddable":true,"href":"https:\/\/www.enorsai.com\/noticias\/wp-json\/wp\/v2\/users\/11"}],"replies":[{"embeddable":true,"href":"https:\/\/www.enorsai.com\/noticias\/wp-json\/wp\/v2\/comments?post=3821"}],"version-history":[{"count":0,"href":"https:\/\/www.enorsai.com\/noticias\/wp-json\/wp\/v2\/posts\/3821\/revisions"}],"wp:featuredmedia":[{"embeddable":true,"href":"https:\/\/www.enorsai.com\/noticias\/wp-json\/wp\/v2\/media\/3820"}],"wp:attachment":[{"href":"https:\/\/www.enorsai.com\/noticias\/wp-json\/wp\/v2\/media?parent=3821"}],"wp:term":[{"taxonomy":"category","embeddable":true,"href":"https:\/\/www.enorsai.com\/noticias\/wp-json\/wp\/v2\/categories?post=3821"},{"taxonomy":"post_tag","embeddable":true,"href":"https:\/\/www.enorsai.com\/noticias\/wp-json\/wp\/v2\/tags?post=3821"}],"curies":[{"name":"wp","href":"https:\/\/api.w.org\/{rel}","templated":true}]}}