{"id":3819,"date":"2025-04-30T21:48:43","date_gmt":"2025-05-01T00:48:43","guid":{"rendered":"https:\/\/www.enorsai.com\/noticias\/politica\/cara-de-piedra-la-mentira-de-silvia-lospennato-sobre-la-linea-h-en-pleno-debate-electoral\/"},"modified":"2025-04-30T21:48:43","modified_gmt":"2025-05-01T00:48:43","slug":"cara-de-piedra-la-mentira-de-silvia-lospennato-sobre-la-linea-h-en-pleno-debate-electoral","status":"publish","type":"post","link":"https:\/\/www.enorsai.com\/noticias\/politica\/cara-de-piedra-la-mentira-de-silvia-lospennato-sobre-la-linea-h-en-pleno-debate-electoral\/","title":{"rendered":"\u00a1Cara de piedra! La mentira de Silvia Lospennato sobre la L\u00ednea H en pleno debate electoral"},"content":{"rendered":"\n<p>La candidata del PRO afirm\u00f3 que su partido inaugur\u00f3 la L\u00ednea H del subte, omitiendo que fue Jorge Telerman quien habilit\u00f3 el servicio en 2007.<br><br>En un intento por capitalizar obras ajenas, Silvia Lospennato tergivers\u00f3 la historia de la L\u00ednea H durante el debate de candidatos. La realidad es que la l\u00ednea fue inaugurada por Jorge Telerman en 2007, mucho antes de que el PRO asumiera el gobierno porte\u00f1o.<br><br>Durante el reciente debate de candidatos, Silvia Lospennato, representante del PRO, afirm\u00f3 que su partido fue responsable de la inauguraci\u00f3n de la L\u00ednea H del subte. Sin embargo, esta declaraci\u00f3n contradice los hechos hist\u00f3ricos. La L\u00ednea H fue oficialmente habilitada al p\u00fablico el 18 de octubre de 2007 por el entonces jefe de Gobierno, Jorge Telerman, en una ceremonia que marc\u00f3 la primera apertura de una nueva l\u00ednea de subte en 63 a\u00f1os (fuente: enelsubte.com).<\/p>\n\n\n\n<p><br><br>Es cierto que durante las gestiones del PRO se llevaron a cabo extensiones y mejoras en la L\u00ednea H, como la inauguraci\u00f3n de las estaciones C\u00f3rdoba y Las Heras en diciembre de 2015 (fuente: buenosaires.gob.ar). Sin embargo, atribuirse la inauguraci\u00f3n completa de la l\u00ednea es una distorsi\u00f3n de la realidad.<br><br>Este tipo de declaraciones no solo desinforman al electorado, sino que tambi\u00e9n reflejan una tendencia preocupante en la pol\u00edtica actual: la apropiaci\u00f3n de logros ajenos para obtener r\u00e9ditos electorales. Es fundamental que los candidatos y partidos pol\u00edticos reconozcan y respeten la historia y los esfuerzos de gestiones anteriores, en lugar de reescribirla seg\u00fan sus conveniencias.<br><br>La ciudadan\u00eda merece un debate pol\u00edtico basado en hechos y propuestas concretas, no en narrativas manipuladas. La transparencia y la honestidad son pilares esenciales para fortalecer la democracia y recuperar la confianza en las instituciones.<br><br><br><br><\/p>\n\n\n\n<figure class=\"wp-block-embed is-type-rich is-provider-twitter wp-block-embed-twitter\"><div class=\"wp-block-embed__wrapper\">\n<blockquote class=\"twitter-tweet\" data-width=\"550\" data-dnt=\"true\"><p lang=\"es\" dir=\"ltr\">Silvia, s\u00f3lo como dato: la l\u00ednea H la inaugur\u00e9 durante mi gesti\u00f3n en 2007. <br>Basta con googlear.<a href=\"https:\/\/twitter.com\/hashtag\/LaCiudadDebate?src=hash&amp;ref_src=twsrc%5Etfw\">#LaCiudadDebate<\/a> <a href=\"https:\/\/t.co\/wONTFVSvMs\">https:\/\/t.co\/wONTFVSvMs<\/a><\/p>&mdash; Jorge Telerman (@JorgeTelerman) <a href=\"https:\/\/twitter.com\/JorgeTelerman\/status\/1917370366038618475?ref_src=twsrc%5Etfw\">April 30, 2025<\/a><\/blockquote><script async src=\"https:\/\/platform.twitter.com\/widgets.js\" charset=\"utf-8\"><\/script>\n<\/div><\/figure>\n","protected":false},"excerpt":{"rendered":"<p>La candidata del PRO afirm\u00f3 que su partido inaugur\u00f3 la L\u00ednea H del subte, omitiendo que fue Jorge Telerman quien habilit\u00f3 el servicio en 2007. En un intento por capitalizar obras ajenas, Silvia Lospennato tergivers\u00f3 la historia de la L\u00ednea H durante el debate de candidatos. La realidad es que la l\u00ednea fue inaugurada por&#8230;<\/p>\n","protected":false},"author":9,"featured_media":3818,"comment_status":"open","ping_status":"open","sticky":false,"template":"","format":"standard","meta":{"_monsterinsights_skip_tracking":false,"_monsterinsights_sitenote_active":false,"_monsterinsights_sitenote_note":"","_monsterinsights_sitenote_category":0,"footnotes":"","jetpack_publicize_message":"","jetpack_publicize_feature_enabled":true,"jetpack_social_post_already_shared":true,"jetpack_social_options":{"image_generator_settings":{"template":"highway","default_image_id":0,"font":"","enabled":false},"version":2}},"categories":[2],"tags":[],"class_list":["post-3819","post","type-post","status-publish","format-standard","has-post-thumbnail","hentry","category-politica"],"jetpack_publicize_connections":[],"_links":{"self":[{"href":"https:\/\/www.enorsai.com\/noticias\/wp-json\/wp\/v2\/posts\/3819","targetHints":{"allow":["GET"]}}],"collection":[{"href":"https:\/\/www.enorsai.com\/noticias\/wp-json\/wp\/v2\/posts"}],"about":[{"href":"https:\/\/www.enorsai.com\/noticias\/wp-json\/wp\/v2\/types\/post"}],"author":[{"embeddable":true,"href":"https:\/\/www.enorsai.com\/noticias\/wp-json\/wp\/v2\/users\/9"}],"replies":[{"embeddable":true,"href":"https:\/\/www.enorsai.com\/noticias\/wp-json\/wp\/v2\/comments?post=3819"}],"version-history":[{"count":0,"href":"https:\/\/www.enorsai.com\/noticias\/wp-json\/wp\/v2\/posts\/3819\/revisions"}],"wp:featuredmedia":[{"embeddable":true,"href":"https:\/\/www.enorsai.com\/noticias\/wp-json\/wp\/v2\/media\/3818"}],"wp:attachment":[{"href":"https:\/\/www.enorsai.com\/noticias\/wp-json\/wp\/v2\/media?parent=3819"}],"wp:term":[{"taxonomy":"category","embeddable":true,"href":"https:\/\/www.enorsai.com\/noticias\/wp-json\/wp\/v2\/categories?post=3819"},{"taxonomy":"post_tag","embeddable":true,"href":"https:\/\/www.enorsai.com\/noticias\/wp-json\/wp\/v2\/tags?post=3819"}],"curies":[{"name":"wp","href":"https:\/\/api.w.org\/{rel}","templated":true}]}}