{"id":3817,"date":"2025-04-30T21:19:53","date_gmt":"2025-05-01T00:19:53","guid":{"rendered":"https:\/\/www.enorsai.com\/noticias\/sociedad\/milei-oficializo-aumentos-mensuales-en-tarifas-de-luz-y-gas-por-cinco-anos\/"},"modified":"2025-04-30T21:19:53","modified_gmt":"2025-05-01T00:19:53","slug":"milei-oficializo-aumentos-mensuales-en-tarifas-de-luz-y-gas-por-cinco-anos","status":"publish","type":"post","link":"https:\/\/www.enorsai.com\/noticias\/sociedad\/milei-oficializo-aumentos-mensuales-en-tarifas-de-luz-y-gas-por-cinco-anos\/","title":{"rendered":"Milei oficializ\u00f3 aumentos mensuales en tarifas de luz y gas por cinco a\u00f1os"},"content":{"rendered":"\n<p><strong><em>Mientras la inflaci\u00f3n no da tregua y crece el descontento social, el Gobierno profundiza su receta neoliberal con una suba permanente en la luz y el gas, blindando los intereses empresariales en detrimento del bolsillo popular.<\/em><\/strong><\/p>\n\n\n\n<p><br>El Ministerio de Econom\u00eda, con la firma de Luis Caputo, aprob\u00f3 un nuevo esquema tarifario que eleva las boletas de energ\u00eda el\u00e9ctrica y gas desde mayo y establece subas mensuales hasta 2027. Lejos de aliviar a la poblaci\u00f3n, el gobierno de Javier Milei consolida su pol\u00edtica de shock con un modelo que garantiza rentabilidad empresaria mientras la ciudadan\u00eda ajusta hasta el \u00faltimo centavo.<\/p>\n\n\n\n<p>No fue una sorpresa. En medio del deterioro sostenido de la imagen presidencial y el alza persistente de la inflaci\u00f3n, el Gobierno de Javier Milei oficializ\u00f3 un nuevo mazazo al bolsillo de los argentinos: aumentos mensuales en las tarifas de luz y gas durante los pr\u00f3ximos cinco a\u00f1os. La medida, publicada en el Bolet\u00edn Oficial y respaldada por resoluciones del ENRE, ENARGAS y la Secretar\u00eda de Energ\u00eda, comienza a regir desde mayo con un alza inicial de entre el 2,4 y el 2,52 por ciento. Pero esto es apenas el comienzo de una escalada tarifaria cuidadosamente dise\u00f1ada para favorecer al sector privado.<\/p>\n\n\n\n<p>Con el pretexto de evitar \u201cel deterioro del sistema energ\u00e9tico\u201d y \u201cpreservar el valor real de las tarifas\u201d, el Ejecutivo implementar\u00e1 una f\u00f3rmula autom\u00e1tica de actualizaci\u00f3n ligada al \u00cdndice de Precios Mayorista (IPIM) y al \u00cdndice de Precios al Consumidor (IPC), lo que garantiza que los aumentos estar\u00e1n blindados frente a la inflaci\u00f3n \u2014la misma que no deja de castigar a millones de hogares. Este mecanismo de indexaci\u00f3n perpetua no solo desnuda el desinter\u00e9s oficial por los sectores m\u00e1s vulnerables, sino que tambi\u00e9n revela la esencia de su programa econ\u00f3mico: asegurar rentabilidad empresarial a costa del consumo popular.<\/p>\n\n\n\n<p>El discurso gubernamental de \u201csinceramiento\u201d tarifario oculta una verdad inc\u00f3moda. Como ha se\u00f1alado la consultora Ecolatina, el 60% de la inflaci\u00f3n actual se explica por decisiones del propio Gobierno, entre ellas la devaluaci\u00f3n brutal de diciembre, la liberaci\u00f3n de precios y la desregulaci\u00f3n de sectores clave. El aumento de tarifas no es una medida aislada, sino parte de una estrategia integral de licuaci\u00f3n del salario real y transferencia de recursos hacia los grandes grupos econ\u00f3micos.<\/p>\n\n\n\n<p>La pol\u00edtica energ\u00e9tica del oficialismo responde al mismo dogma libertario que propugna el fin del Estado como regulador y garante del bienestar general. Bajo el eufemismo de la \u201cemergencia energ\u00e9tica\u201d, Milei y Caputo reeditan las recetas del ajuste estructural de los a\u00f1os noventa: privatizaci\u00f3n de beneficios y socializaci\u00f3n del esfuerzo. En este esquema, los usuarios ya no son ciudadanos con derechos, sino simples clientes condenados a pagar tarifas dolarizadas por servicios que se degradan.<\/p>\n\n\n\n<p>La reacci\u00f3n social no se hizo esperar. En redes sociales, el descontento fue masivo. \u201cVan por todo: los alimentos, la salud, las universidades y ahora la energ\u00eda. Esto no es libertad, es saqueo\u201d, escribi\u00f3 un usuario en X (ex Twitter), mientras el hashtag #AjusteSinFin escalaba entre las principales tendencias. Incluso medios afines al oficialismo reconocieron el impacto negativo de la medida: seg\u00fan una encuesta de CB Consultora, la imagen positiva de Milei cay\u00f3 6 puntos en abril, arrastrada por el malestar econ\u00f3mico.<\/p>\n\n\n\n<p>Lejos de atender las se\u00f1ales de alarma, el Gobierno profundiza su deriva autoritaria y antisocial. Mientras se congela el presupuesto universitario, se achican las partidas para jubilados y se eliminan subsidios al transporte, se garantiza a las empresas energ\u00e9ticas una recomposici\u00f3n en 30 cuotas mensuales que llegar\u00e1 hasta noviembre de 2027. Una iron\u00eda cruel en un pa\u00eds donde cada vez m\u00e1s personas deben elegir entre pagar la boleta de gas o llenar la olla.<\/p>\n\n\n\n<p>El horizonte que plantea este esquema tarifario es de empobrecimiento sostenido. Las familias trabajadoras ya sufren un ajuste que no da tregua, con salarios que perdieron m\u00e1s del 25% de su poder adquisitivo en lo que va del a\u00f1o, seg\u00fan el CEPA. La suba constante de tarifas solo acelerar\u00e1 la ca\u00edda del consumo y, con ella, la recesi\u00f3n que ya se percibe en todos los sectores de la econom\u00eda real.<\/p>\n\n\n\n<p>En definitiva, la pol\u00edtica energ\u00e9tica de Javier Milei no es t\u00e9cnica, ni gradual, ni inevitable. Es una decisi\u00f3n profundamente ideol\u00f3gica, que expresa el desprecio por lo p\u00fablico y la veneraci\u00f3n por los mercados. Un proyecto de pa\u00eds donde el acceso a la energ\u00eda, lejos de ser un derecho b\u00e1sico, se transforma en un lujo reservado para quienes puedan pagarlo.<\/p>\n","protected":false},"excerpt":{"rendered":"<p>Mientras la inflaci\u00f3n no da tregua y crece el descontento social, el Gobierno profundiza su receta neoliberal con una suba permanente en la luz y el gas, blindando los intereses empresariales en detrimento del bolsillo popular. El Ministerio de Econom\u00eda, con la firma de Luis Caputo, aprob\u00f3 un nuevo esquema tarifario que eleva las boletas&#8230;<\/p>\n","protected":false},"author":11,"featured_media":3816,"comment_status":"open","ping_status":"open","sticky":false,"template":"","format":"standard","meta":{"_monsterinsights_skip_tracking":false,"_monsterinsights_sitenote_active":false,"_monsterinsights_sitenote_note":"","_monsterinsights_sitenote_category":0,"footnotes":"","jetpack_publicize_message":"","jetpack_publicize_feature_enabled":true,"jetpack_social_post_already_shared":true,"jetpack_social_options":{"image_generator_settings":{"template":"highway","default_image_id":0,"font":"","enabled":false},"version":2}},"categories":[4],"tags":[],"class_list":["post-3817","post","type-post","status-publish","format-standard","has-post-thumbnail","hentry","category-sociedad"],"jetpack_publicize_connections":[],"_links":{"self":[{"href":"https:\/\/www.enorsai.com\/noticias\/wp-json\/wp\/v2\/posts\/3817","targetHints":{"allow":["GET"]}}],"collection":[{"href":"https:\/\/www.enorsai.com\/noticias\/wp-json\/wp\/v2\/posts"}],"about":[{"href":"https:\/\/www.enorsai.com\/noticias\/wp-json\/wp\/v2\/types\/post"}],"author":[{"embeddable":true,"href":"https:\/\/www.enorsai.com\/noticias\/wp-json\/wp\/v2\/users\/11"}],"replies":[{"embeddable":true,"href":"https:\/\/www.enorsai.com\/noticias\/wp-json\/wp\/v2\/comments?post=3817"}],"version-history":[{"count":0,"href":"https:\/\/www.enorsai.com\/noticias\/wp-json\/wp\/v2\/posts\/3817\/revisions"}],"wp:featuredmedia":[{"embeddable":true,"href":"https:\/\/www.enorsai.com\/noticias\/wp-json\/wp\/v2\/media\/3816"}],"wp:attachment":[{"href":"https:\/\/www.enorsai.com\/noticias\/wp-json\/wp\/v2\/media?parent=3817"}],"wp:term":[{"taxonomy":"category","embeddable":true,"href":"https:\/\/www.enorsai.com\/noticias\/wp-json\/wp\/v2\/categories?post=3817"},{"taxonomy":"post_tag","embeddable":true,"href":"https:\/\/www.enorsai.com\/noticias\/wp-json\/wp\/v2\/tags?post=3817"}],"curies":[{"name":"wp","href":"https:\/\/api.w.org\/{rel}","templated":true}]}}