{"id":3810,"date":"2025-04-30T15:49:24","date_gmt":"2025-04-30T18:49:24","guid":{"rendered":"http:\/\/www.enorsai.com\/noticias\/?p=3810"},"modified":"2025-04-30T15:49:24","modified_gmt":"2025-04-30T18:49:24","slug":"la-actitud-violenta-del-asesor-estrella-de-javier-milei-contra-un-reportero-grafico-no-es-una-metafora-es-un-programa-de-gobierno","status":"publish","type":"post","link":"https:\/\/www.enorsai.com\/noticias\/politica\/la-actitud-violenta-del-asesor-estrella-de-javier-milei-contra-un-reportero-grafico-no-es-una-metafora-es-un-programa-de-gobierno\/","title":{"rendered":"La actitud violenta del asesor estrella de Javier Milei contra un reportero gr\u00e1fico no es una met\u00e1fora es un programa de gobierno"},"content":{"rendered":"\n<p><strong><em>La secuencia completa de agresi\u00f3n protagonizada por Santiago Caputo contra el fot\u00f3grafo Antonio Becerra revela mucho m\u00e1s que un exabrupto personal: es parte de una ofensiva planificada para intimidar al periodismo independiente, silenciar im\u00e1genes inc\u00f3modas y consolidar una l\u00f3gica autoritaria desde el coraz\u00f3n mismo del poder libertario. Caputo no tiene cargo, pero maneja resortes clave del Estado y es el cerebro detr\u00e1s de una guerra que ya dej\u00f3 heridos, silenciados y despedidos.<\/em><\/strong><\/p>\n\n\n\n<p>(Por Walter Onorato) En la Argentina de Javier Milei, tomar una fotograf\u00eda puede ser un acto de resistencia. Lo comprob\u00f3 el reportero gr\u00e1fico Antonio Becerra cuando, cumpliendo con su tarea profesional, intent\u00f3 registrar con su c\u00e1mara la llegada de Santiago Caputo \u2014el omnipresente pero nunca oficializado asesor presidencial\u2014 al debate de candidatos porte\u00f1os. Lo que sigui\u00f3 fue una escena que no por grotesca deja de ser aterradora: Caputo no solo intent\u00f3 bloquear la c\u00e1mara con su mano, sino que, como si fuera un agente de inteligencia en plena dictadura, le arrebat\u00f3 la credencial al fot\u00f3grafo y le sac\u00f3 una foto, dejando en claro que quien se atreve a mostrar los rostros del poder ser\u00e1 marcado.<\/p>\n\n\n\n<p>Las im\u00e1genes de ese momento, registradas desde distintos \u00e1ngulos y viralizadas en redes sociales, no dejan lugar a dudas. Caputo actu\u00f3 con violencia, con impunidad y con una clara intenci\u00f3n intimidatoria. Pero m\u00e1s grave a\u00fan es lo que este acto revela: no se trat\u00f3 de un arrebato individual sino de un s\u00edntoma. Una expresi\u00f3n transparente de la estrategia que el gobierno libertario impulsa desde sus entra\u00f1as: blindarse ante cualquier mirada externa, anular al periodismo como instancia cr\u00edtica y convertir en enemigos a quienes cumplen la tarea esencial de informar.<\/p>\n\n\n\n<p>No es un hecho aislado. La agresi\u00f3n a Becerra se inscribe en una secuencia sistem\u00e1tica que va desde los ataques discursivos de Milei a la prensa \u2014a quienes acusa de no ser odiados lo suficiente\u2014 hasta los ataques f\u00edsicos y las amenazas. Pablo Grillo, reportero que recibi\u00f3 un disparo de gas lacrim\u00f3geno que le parti\u00f3 el cr\u00e1neo, permanece internado. Mientras tanto, cientos de fot\u00f3grafas y fot\u00f3grafos trabajan con miedo a que sus nombres figuren en las publicaciones que firman, por temor a represalias o despidos. No es paranoia: es la consecuencia directa de un modelo de poder que quiere medios disciplinados y c\u00e1maras apagadas.<\/p>\n\n\n\n<p>Santiago Caputo no tiene cargo p\u00fablico, pero eso no le impide manejar resortes clave del Estado. Seg\u00fan distintos informes, coordina la SIDE, la AFIP y otras \u00e1reas de inteligencia econ\u00f3mica y pol\u00edtica. Es el cerebro detr\u00e1s de la estrategia comunicacional del gobierno, el que convence a Milei de alimentar el odio hacia el periodismo, el que opera desde las sombras con cuentas truchas y amenazas veladas. Su sola presencia en el Canal de la Ciudad fue un mensaje: vino a respaldar a los suyos, a marcar territorio y, si es necesario, a apretar con gestos y actos concretos. El hecho de que le haya levantado el tono incluso a Ramiro Marra, uno de los responsables de su llegada al poder, muestra que no responde a reglas institucionales, sino a una l\u00f3gica de poder puro, sin mediaciones.<\/p>\n\n\n<ul class=\"wp-block-latest-posts__list is-grid columns-3 wp-block-latest-posts\"><li><div class=\"wp-block-latest-posts__featured-image\"><img loading=\"lazy\" decoding=\"async\" width=\"300\" height=\"200\" src=\"https:\/\/www.enorsai.com\/noticias\/wp-content\/uploads\/2026\/04\/kicillof-salud-300x200.jpg\" class=\"attachment-medium size-medium wp-post-image\" alt=\"\" style=\"\" srcset=\"https:\/\/www.enorsai.com\/noticias\/wp-content\/uploads\/2026\/04\/kicillof-salud-300x200.jpg 300w, https:\/\/www.enorsai.com\/noticias\/wp-content\/uploads\/2026\/04\/kicillof-salud-1024x683.jpg 1024w, https:\/\/www.enorsai.com\/noticias\/wp-content\/uploads\/2026\/04\/kicillof-salud-768x512.jpg 768w, https:\/\/www.enorsai.com\/noticias\/wp-content\/uploads\/2026\/04\/kicillof-salud-600x400.jpg 600w, https:\/\/www.enorsai.com\/noticias\/wp-content\/uploads\/2026\/04\/kicillof-salud.jpg 1068w\" sizes=\"auto, (max-width: 300px) 100vw, 300px\" \/><\/div><a class=\"wp-block-latest-posts__post-title\" href=\"https:\/\/www.enorsai.com\/noticias\/sociedad\/salud\/kicillof-refuerza-la-entrega-de-medicamentos-ante-el-ajuste-de-milei\/\">Kicillof refuerza la entrega de medicamentos ante el ajuste de Milei<\/a><\/li>\n<li><div class=\"wp-block-latest-posts__featured-image\"><img loading=\"lazy\" decoding=\"async\" width=\"300\" height=\"169\" src=\"https:\/\/www.enorsai.com\/noticias\/wp-content\/uploads\/2026\/04\/La-cantidad-de-locales-vacios-crecio-385-en-la-Ciudad-de-Buenos-Aires-300x169.png\" class=\"attachment-medium size-medium wp-post-image\" alt=\"\" style=\"\" srcset=\"https:\/\/www.enorsai.com\/noticias\/wp-content\/uploads\/2026\/04\/La-cantidad-de-locales-vacios-crecio-385-en-la-Ciudad-de-Buenos-Aires-300x169.png 300w, https:\/\/www.enorsai.com\/noticias\/wp-content\/uploads\/2026\/04\/La-cantidad-de-locales-vacios-crecio-385-en-la-Ciudad-de-Buenos-Aires-768x432.png 768w, https:\/\/www.enorsai.com\/noticias\/wp-content\/uploads\/2026\/04\/La-cantidad-de-locales-vacios-crecio-385-en-la-Ciudad-de-Buenos-Aires.png 960w\" sizes=\"auto, (max-width: 300px) 100vw, 300px\" \/><\/div><a class=\"wp-block-latest-posts__post-title\" href=\"https:\/\/www.enorsai.com\/noticias\/economia\/la-cantidad-de-locales-vacios-crecio-385-en-la-ciudad-de-buenos-aires\/\">La cantidad de locales vac\u00edos creci\u00f3 38,5% en la Ciudad de Buenos Aires<\/a><\/li>\n<li><div class=\"wp-block-latest-posts__featured-image\"><img loading=\"lazy\" decoding=\"async\" width=\"300\" height=\"169\" src=\"https:\/\/www.enorsai.com\/noticias\/wp-content\/uploads\/2026\/04\/Caso-LIBRA-investigan-si-un-operador-privado-controlaba-posteos-del-presidente-Milei-300x169.png\" class=\"attachment-medium size-medium wp-post-image\" alt=\"\" style=\"\" srcset=\"https:\/\/www.enorsai.com\/noticias\/wp-content\/uploads\/2026\/04\/Caso-LIBRA-investigan-si-un-operador-privado-controlaba-posteos-del-presidente-Milei-300x169.png 300w, https:\/\/www.enorsai.com\/noticias\/wp-content\/uploads\/2026\/04\/Caso-LIBRA-investigan-si-un-operador-privado-controlaba-posteos-del-presidente-Milei.png 400w\" sizes=\"auto, (max-width: 300px) 100vw, 300px\" \/><\/div><a class=\"wp-block-latest-posts__post-title\" href=\"https:\/\/www.enorsai.com\/noticias\/politica\/caso-libra-investigan-si-un-operador-privado-controlaba-posteos-del-presidente-milei\/\">Caso $LIBRA: investigan si un operador privado controlaba posteos del presidente Milei<\/a><\/li>\n<\/ul>\n\n\n<p>El episodio fue documentado y relatado con precisi\u00f3n por la historiadora del fotoperiodismo Cora Gamarnik, quien reconstruy\u00f3 la secuencia completa a trav\u00e9s de un hilo en su cuenta de X. La cadena de im\u00e1genes no solo demuestra la agresi\u00f3n: revela el temple de un fot\u00f3grafo que, pese a la intimidaci\u00f3n, no baj\u00f3 la c\u00e1mara. Es un gesto profesional, pero tambi\u00e9n profundamente pol\u00edtico. En un pa\u00eds donde asesinaron a Jos\u00e9 Luis Cabezas por retratar a un empresario protegido, sostener la c\u00e1mara es, hoy m\u00e1s que nunca, un acto de coraje.<\/p>\n\n\n\n<p>Pero este no es solo un ataque contra un trabajador de prensa. Es una advertencia a todos los que ejercen el periodismo inc\u00f3modo. Es el intento de domesticar a la prensa por medio del miedo. Es la institucionalizaci\u00f3n del escrache desde el poder hacia los que osan mirar donde no se puede. Es la naturalizaci\u00f3n de una violencia que ya no necesita esconderse: se practica en p\u00fablico, se graba, se difunde, se aplaude desde cuentas oficiales.<\/p>\n\n\n\n<p>Lo que busca Caputo al fotografiar la credencial de Becerra no es un capricho: es una ficha. Es la pr\u00e1ctica de quienes construyen listas, de quienes elaboran perfiles, de quienes clasifican y vigilan. Es un acto de disciplinamiento que pretende advertir al resto de los periodistas: sabemos qui\u00e9nes son, sabemos d\u00f3nde trabajan, sabemos c\u00f3mo hacerlos callar. Esa l\u00f3gica es incompatible con cualquier forma de democracia.<\/p>\n\n\n\n<p>La candidata radical Lula Levy lo dijo con claridad tras el episodio: \u00abEn el pa\u00eds de Cabezas esto no es casual: buscan silenciar, amedrentar y dejar claro qui\u00e9n manda. Hay que ponerle un freno\u00bb. Y tiene raz\u00f3n. La democracia no se degrada de golpe, se erosiona en gestos que parecen aislados pero que responden a una estructura. Un insulto, un empuj\u00f3n, una foto tomada sin consentimiento, una credencial arrancada. Cada una de estas acciones va marcando una direcci\u00f3n. Y esa direcci\u00f3n nos lleva hacia un Estado policial sin uniforme, donde los enemigos son los ojos que miran y las palabras que escriben.<\/p>\n\n\n\n<p>El fotoperiodismo, como bien recuerda Gamarnik, tiene una larga tradici\u00f3n en Argentina de resistir al poder. Cuanto m\u00e1s se lo censura, m\u00e1s se multiplica. La historia est\u00e1 llena de ejemplos. Pero esa resistencia tiene un costo: despidos, precarizaci\u00f3n, amenazas, persecuciones. Hoy, bajo el gobierno de Javier Milei, ese costo se agrava. Porque no se trata solo de un presidente con discursos virulentos, sino de un aparato que incluye operadores sin rostro ni firma, que manejan informaci\u00f3n sensible y que act\u00faan sin ning\u00fan control institucional.<\/p>\n\n\n\n<p>\u00bfQu\u00e9 se hace con el nombre de un fot\u00f3grafo en manos del poder? \u00bfQu\u00e9 implica que un asesor presidencial act\u00fae como si tuviera licencia para intimidar a quien quiera? \u00bfHasta d\u00f3nde se va a tolerar esta escalada? \u00bfCu\u00e1ntos episodios m\u00e1s hacen falta para entender que no es una an\u00e9cdota, sino un plan?<\/p>\n\n\n\n<p>En una democracia real, los funcionarios rinden cuentas. En la Argentina libertaria de hoy, los que rinden cuentas son los periodistas. Los funcionarios no explican, no se exponen, no debaten: operan, amenazan, atacan. En ese escenario, defender al periodismo no es un acto corporativo, es una necesidad pol\u00edtica. Porque lo que est\u00e1 en juego no es la libertad de prensa en abstracto, sino el derecho de la sociedad a saber, a ver, a cuestionar.<\/p>\n\n\n\n<p>La imagen de Santiago Caputo arrancando una credencial y sacando una foto no es solo un s\u00edmbolo del autoritarismo rampante. Es una advertencia. Pero tambi\u00e9n puede ser, si se convierte en denuncia y en acci\u00f3n colectiva, un punto de inflexi\u00f3n. Porque lo que intentan ocultar, finalmente, es lo que m\u00e1s debe ser mostrado.<\/p>\n\n\n\n<p>Fuentes:<\/p>\n\n\n\n<ul class=\"wp-block-list\">\n<li><a href=\"https:\/\/www.lapoliticaonline.com\/politica\/gesto-vigilante-de-santiago-caputo-con-un-fotografo-porque-lo-enfocaba\/\">https:\/\/www.lapoliticaonline.com\/politica\/gesto-vigilante-de-santiago-caputo-con-un-fotografo-porque-lo-enfocaba\/<\/a><a href=\"https:\/\/x.com\/coragamarnik\"><\/a><\/li>\n\n\n\n<li><a href=\"https:\/\/x.com\/coragamarnik\">Cora Gamarnik<\/a> (<a href=\"https:\/\/x.com\/coragamarnik\"><\/a><a href=\"https:\/\/x.com\/coragamarnik\"><\/a><a href=\"https:\/\/x.com\/coragamarnik\">@coragamarnik<\/a>) <a href=\"https:\/\/x.com\/coragamarnik\/status\/1917592605971431860\">https:\/\/x.com\/coragamarnik\/status\/1917592605971431860<\/a><\/li>\n<\/ul>\n","protected":false},"excerpt":{"rendered":"<p>La escena en que Santiago Caputo agrede a un fot\u00f3grafo revela el rostro m\u00e1s oscuro del poder libertario: uno que teme a la verdad, que reprime al periodismo y que intenta silenciar a quienes se atreven a mostrar lo que incomoda. En Argentina, el ojo del poder vuelve a ser peligroso.<\/p>\n","protected":false},"author":2,"featured_media":3811,"comment_status":"open","ping_status":"open","sticky":false,"template":"","format":"standard","meta":{"_monsterinsights_skip_tracking":false,"_monsterinsights_sitenote_active":false,"_monsterinsights_sitenote_note":"","_monsterinsights_sitenote_category":0,"footnotes":"","jetpack_publicize_message":"\ud83d\udcf8 Santiago Caputo, el operador en las sombras de Milei, atac\u00f3 a un fot\u00f3grafo por hacer su trabajo en un acto p\u00fablico. \u00bfQu\u00e9 oculta el poder libertario que tanto le molesta ser retratado?\n\ud83d\ude21 En el pa\u00eds de Cabezas, esto no es casual.\n\ud83d\udce2 \u00a1Basta de amedrentar a la prensa!","jetpack_publicize_feature_enabled":true,"jetpack_social_post_already_shared":false,"jetpack_social_options":{"image_generator_settings":{"template":"highway","enabled":false},"version":2}},"categories":[2],"tags":[184,504,207,882,505,178,45,1343,1039,365],"class_list":["post-3810","post","type-post","status-publish","format-standard","has-post-thumbnail","hentry","category-politica","tag-caputo","tag-censura","tag-dictadura","tag-fotografia","tag-libertad","tag-medios","tag-milei","tag-periodismo","tag-poder","tag-represion"],"jetpack_publicize_connections":[],"_links":{"self":[{"href":"https:\/\/www.enorsai.com\/noticias\/wp-json\/wp\/v2\/posts\/3810","targetHints":{"allow":["GET"]}}],"collection":[{"href":"https:\/\/www.enorsai.com\/noticias\/wp-json\/wp\/v2\/posts"}],"about":[{"href":"https:\/\/www.enorsai.com\/noticias\/wp-json\/wp\/v2\/types\/post"}],"author":[{"embeddable":true,"href":"https:\/\/www.enorsai.com\/noticias\/wp-json\/wp\/v2\/users\/2"}],"replies":[{"embeddable":true,"href":"https:\/\/www.enorsai.com\/noticias\/wp-json\/wp\/v2\/comments?post=3810"}],"version-history":[{"count":1,"href":"https:\/\/www.enorsai.com\/noticias\/wp-json\/wp\/v2\/posts\/3810\/revisions"}],"predecessor-version":[{"id":3812,"href":"https:\/\/www.enorsai.com\/noticias\/wp-json\/wp\/v2\/posts\/3810\/revisions\/3812"}],"wp:featuredmedia":[{"embeddable":true,"href":"https:\/\/www.enorsai.com\/noticias\/wp-json\/wp\/v2\/media\/3811"}],"wp:attachment":[{"href":"https:\/\/www.enorsai.com\/noticias\/wp-json\/wp\/v2\/media?parent=3810"}],"wp:term":[{"taxonomy":"category","embeddable":true,"href":"https:\/\/www.enorsai.com\/noticias\/wp-json\/wp\/v2\/categories?post=3810"},{"taxonomy":"post_tag","embeddable":true,"href":"https:\/\/www.enorsai.com\/noticias\/wp-json\/wp\/v2\/tags?post=3810"}],"curies":[{"name":"wp","href":"https:\/\/api.w.org\/{rel}","templated":true}]}}