{"id":3802,"date":"2025-04-30T08:01:34","date_gmt":"2025-04-30T11:01:34","guid":{"rendered":"https:\/\/www.enorsai.com\/noticias\/?p=3802"},"modified":"2025-04-30T08:01:34","modified_gmt":"2025-04-30T11:01:34","slug":"mesa-de-saldos-pareja-le-tiro-nafta-a-macri-y-aseguro-que-los-del-pro-estaban-regalados","status":"publish","type":"post","link":"https:\/\/www.enorsai.com\/noticias\/politica\/mesa-de-saldos-pareja-le-tiro-nafta-a-macri-y-aseguro-que-los-del-pro-estaban-regalados\/","title":{"rendered":"Mesa de saldos: Pareja le tir\u00f3 nafta a Macri y asegur\u00f3 que \u201clos del PRO estaban regalados\u201d"},"content":{"rendered":"\n<p><strong><em>El titular de LLA bonaerense, Sebasti\u00e1n Pareja, sostuvo que \u00abno hubo que presionar\u00bb a ning\u00fan dirigente del PRO para que pegue el salto a las filas libertarias.<\/em><\/strong><\/p>\n\n\n\n<p>El titular de La Libertad Avanza en la provincia de Buenos Aires, Sebasti\u00e1n Pareja, volvi\u00f3 a cruzar los recientes dichos del expresidente, Mauricio Macri, quien hab\u00eda acusado a dirigentes libertarios de comprar a dirigentes del PRO para que peguen el salto a las filas libertarias.<\/p>\n\n\n\n<p>En ese sentido, Pareja defendi\u00f3 la estrategia del espacio liderado por Javier Milei, al asegurar que en el \u00faltimo tiempo \u201cno hubo necesidad de presionar a nadie\u201d para sumar referentes del PRO. \u201cDejamos las puertas abiertas, no fuimos a buscarlos. El proceso decant\u00f3 solo\u201d, afirm\u00f3.<\/p>\n\n\n\n<p>\u201cMacri hace rato que no tiene raz\u00f3n. Cuando ganamos en el balotaje, me junt\u00e9 con la mesa pol\u00edtica y di una sola indicaci\u00f3n que era no ir a caranchear en el PRO y sectores del radicalismo, dejar que el proceso decante naturalmente. En ese momento no hab\u00eda que comprarlos, estaban regalados\u201d, indic\u00f3 el titular de La Libertad Avanza bonaerense en declaraciones a La Br\u00fajula 24.<\/p>\n\n\n\n<p>Mientras contin\u00faa los tires y aflojes respecto a una eventual alianza electoral entre libertarios y amarillos en la Provincia, Pareja afirm\u00f3 que a\u00fan contin\u00faan las conversaciones, pero aclar\u00f3: \u201cLa pol\u00edtica debe comprender que cambiaron las reglas de juego, la persona que se sienta con nosotros y arranca la conversaci\u00f3n preguntando qu\u00e9 le toca a \u00e9l, si renueva o no su banca, se equivoca y la conversaci\u00f3n se termina\u201d.<\/p>\n\n\n\n<p>Con relaci\u00f3n a esto, Pareja sostuvo que el armado libertario en territorio bonaerense est\u00e1 \u201cabiertos a conversar\u201d con diversos espacios con el objetivo de \u201cpelear contra el populismo\u201d, pero consider\u00f3 que algunos reclamos del PRO est\u00e1n fueras de lugar. \u201cNos vendieron que eran el mejor equipo de los \u00faltimos 70 a\u00f1os y gan\u00f3 Alberto Fern\u00e1ndez, no tienen autoridad moral para cuestionarnos\u201d, cuestion\u00f3.<\/p>\n\n\n\n<p>\u201cTenemos muy buen di\u00e1logo, pero cuando el exmandatario pone condiciones para negociar, le preguntar\u00eda si no sabe que tenemos a la mejor ministra de Seguridad que era su candidata a Presidenta, tenemos a Petri, Sturzenegger y Luis Caputo que fueron del PRO, Cu\u00e1l es el inconveniente que me ponga de acuerdo con Santilli y Ritondo sin escuchar lo que dice Macri, no lo entiendo\u201d, concluy\u00f3 el armador libertario.<\/p>\n\n\n\n<p>Cabe destacar que, el sector m\u00e1s cercano al expresidente Mauricio Macri prefiere aguardar el derrotero de la elecci\u00f3n de la Ciudad de Buenos Aires (CABA) para confirmar una eventual alianza. \u201cLa discusi\u00f3n pasa por los que quieren un acuerdo a todo o nada con LLA y los que quieren mantener la identidad del PRO\u201d, plante\u00f3 un dirigente.<\/p>\n\n\n\n<p>Por Diputados Bonaerenses<\/p>\n","protected":false},"excerpt":{"rendered":"<p>El titular de LLA bonaerense, Sebasti\u00e1n Pareja, sostuvo que \u00abno hubo que presionar\u00bb a ning\u00fan dirigente del PRO para que pegue el salto a las filas libertarias. El titular de La Libertad Avanza en la provincia de Buenos Aires, Sebasti\u00e1n Pareja, volvi\u00f3 a cruzar los recientes dichos del expresidente, Mauricio Macri, quien hab\u00eda acusado a&#8230;<\/p>\n","protected":false},"author":5,"featured_media":3803,"comment_status":"open","ping_status":"open","sticky":false,"template":"","format":"standard","meta":{"_monsterinsights_skip_tracking":false,"_monsterinsights_sitenote_active":false,"_monsterinsights_sitenote_note":"","_monsterinsights_sitenote_category":0,"footnotes":"","jetpack_publicize_message":"","jetpack_publicize_feature_enabled":true,"jetpack_social_post_already_shared":true,"jetpack_social_options":{"image_generator_settings":{"template":"highway","default_image_id":0,"font":"","enabled":false},"version":2}},"categories":[2],"tags":[514,45,616],"class_list":["post-3802","post","type-post","status-publish","format-standard","has-post-thumbnail","hentry","category-politica","tag-macri","tag-milei","tag-pro"],"jetpack_publicize_connections":[],"_links":{"self":[{"href":"https:\/\/www.enorsai.com\/noticias\/wp-json\/wp\/v2\/posts\/3802","targetHints":{"allow":["GET"]}}],"collection":[{"href":"https:\/\/www.enorsai.com\/noticias\/wp-json\/wp\/v2\/posts"}],"about":[{"href":"https:\/\/www.enorsai.com\/noticias\/wp-json\/wp\/v2\/types\/post"}],"author":[{"embeddable":true,"href":"https:\/\/www.enorsai.com\/noticias\/wp-json\/wp\/v2\/users\/5"}],"replies":[{"embeddable":true,"href":"https:\/\/www.enorsai.com\/noticias\/wp-json\/wp\/v2\/comments?post=3802"}],"version-history":[{"count":1,"href":"https:\/\/www.enorsai.com\/noticias\/wp-json\/wp\/v2\/posts\/3802\/revisions"}],"predecessor-version":[{"id":3804,"href":"https:\/\/www.enorsai.com\/noticias\/wp-json\/wp\/v2\/posts\/3802\/revisions\/3804"}],"wp:featuredmedia":[{"embeddable":true,"href":"https:\/\/www.enorsai.com\/noticias\/wp-json\/wp\/v2\/media\/3803"}],"wp:attachment":[{"href":"https:\/\/www.enorsai.com\/noticias\/wp-json\/wp\/v2\/media?parent=3802"}],"wp:term":[{"taxonomy":"category","embeddable":true,"href":"https:\/\/www.enorsai.com\/noticias\/wp-json\/wp\/v2\/categories?post=3802"},{"taxonomy":"post_tag","embeddable":true,"href":"https:\/\/www.enorsai.com\/noticias\/wp-json\/wp\/v2\/tags?post=3802"}],"curies":[{"name":"wp","href":"https:\/\/api.w.org\/{rel}","templated":true}]}}