{"id":3778,"date":"2025-04-29T12:25:57","date_gmt":"2025-04-29T15:25:57","guid":{"rendered":"https:\/\/www.enorsai.com\/noticias\/?p=3778"},"modified":"2025-04-29T13:32:45","modified_gmt":"2025-04-29T16:32:45","slug":"puro-humo-anuncian-la-baja-del-combustible-pero-el-consumidor-solo-vera-un-impacto-del-1","status":"publish","type":"post","link":"https:\/\/www.enorsai.com\/noticias\/economia\/puro-humo-anuncian-la-baja-del-combustible-pero-el-consumidor-solo-vera-un-impacto-del-1\/","title":{"rendered":"\u00a1Puro humo! Anuncian la baja del combustible pero el consumidor s\u00f3lo ver\u00e1 un impacto del 1%"},"content":{"rendered":"\n<p>Mientras el Gobierno de Javier Milei celebra una supuesta baja en los combustibles, los consumidores apenas perciben una reducci\u00f3n m\u00ednima en los surtidores.<\/p>\n\n\n\n<p>YPF anunci\u00f3 una disminuci\u00f3n del 4% en la nafta y del 5% en el gasoil, pero debido a impuestos y devaluaci\u00f3n, el impacto real para el consumidor es de solo 1% y 2% respectivamente. En un contexto de ajuste econ\u00f3mico, esta medida parece m\u00e1s una estrategia de marketing que un alivio tangible para el bolsillo de los argentinos. <\/p>\n\n\n\n<p>En un pa\u00eds donde cada peso cuenta, el anuncio de YPF sobre la baja en los precios de los combustibles gener\u00f3 expectativas entre los consumidores. Sin embargo, la realidad en los surtidores dista mucho de las promesas oficiales. A partir del 1 de octubre, la petrolera estatal implement\u00f3 una reducci\u00f3n del 4% en la nafta y del 5% en el gasoil en sus refiner\u00edas. No obstante, debido a la devaluaci\u00f3n del peso y al aumento de impuestos, el impacto real en los precios al p\u00fablico es de apenas 1% y 2% respectivamente . <\/p>\n\n\n\n<p>El presidente de YPF, Horacio Mar\u00edn, justific\u00f3 la medida como un reflejo de las fluctuaciones en el mercado internacional del petr\u00f3leo. \u00abSi el precio del crudo internacional sube, el precio de los combustibles localmente va a subir. Si el precio baja, vamos a bajar\u00bb, afirm\u00f3 Mar\u00edn . Sin embargo, esta pol\u00edtica de precios \u00abjustos\u00bb parece ignorar el contexto econ\u00f3mico local, donde la inflaci\u00f3n y la p\u00e9rdida del poder adquisitivo afectan profundamente a los ciudadanos. <\/p>\n\n\n\n<p>La medida tambi\u00e9n ha sido criticada por su escaso impacto real en el bolsillo de los consumidores. Seg\u00fan Mar\u00edn, \u00abel gasoil, que hoy sale a 100 unidades desde la refiner\u00eda de La Plata, ma\u00f1ana costar\u00e1 95. No obstante, debido a la devaluaci\u00f3n del peso, que es de un 2%, y al aumento de impuestos, el efecto final que ver\u00e1n los consumidores ser\u00e1 una reducci\u00f3n del 2% en el gasoil y del 1% en las naftas\u00bb . En t\u00e9rminos concretos, si un litro de nafta costaba $1.000, la reducci\u00f3n ser\u00eda de apenas $10; en el caso del gasoil, de $20. <\/p>\n\n\n\n<p>Esta situaci\u00f3n plantea interrogantes sobre la verdadera intenci\u00f3n detr\u00e1s de la medida. \u00bfEs una estrategia para mejorar la imagen del Gobierno en medio de un ajuste econ\u00f3mico severo? \u00bfO simplemente una maniobra para desviar la atenci\u00f3n de los problemas estructurales que enfrenta el pa\u00eds?<\/p>\n\n\n\n<p>Adem\u00e1s, la pol\u00edtica de precios de YPF parece estar m\u00e1s alineada con los intereses del mercado internacional que con las necesidades de los argentinos. La empresa busca mantener un \u00abprecio justo\u00bb que refleje las condiciones del mercado internacional y local, as\u00ed como la evoluci\u00f3n de los costos asociados a la producci\u00f3n de combustibles . Sin embargo, esta l\u00f3gica de mercado no considera el impacto que tiene en la vida cotidiana de millones de personas que dependen del combustible para trabajar, estudiar o simplemente vivir. <\/p>\n\n\n\n<p>En este contexto, la \u00abrebaja\u00bb de YPF se presenta m\u00e1s como una ilusi\u00f3n que como una soluci\u00f3n real. Una medida que, lejos de aliviar la carga econ\u00f3mica de los argentinos, evidencia la desconexi\u00f3n entre las pol\u00edticas del Gobierno y las necesidades de la poblaci\u00f3n.<\/p>\n\n\n\n<p>Es necesario repensar las estrategias econ\u00f3micas y priorizar pol\u00edticas que realmente beneficien a la mayor\u00eda de los ciudadanos. De lo contrario, medidas como esta seguir\u00e1n siendo percibidas como gestos vac\u00edos en medio de una crisis que exige respuestas concretas y efectivas. <\/p>\n\n\n\n<p>Fuentes:<\/p>\n\n\n\n<ul class=\"wp-block-list\">\n<li><a href=\"https:\/\/www.baenegocios.com\/economia\/YPF-confirmo-la-baja-del-precio-de-los-combustibles-20240930-0023.html?utm_source=chatgpt.com\">https:\/\/www.baenegocios.com\/economia\/YPF-confirmo-la-baja-del-precio-de-los-combustibles-20240930-0023.html<\/a><\/li>\n\n\n\n<li><a href=\"https:\/\/www.elliberal.com.ar\/nota\/31650\/2024\/09\/anuncian-rebaja-de-precios-de-nafta-y-gasoil-en-ypf-desde-la-medianoche?utm_source=chatgpt.com\">https:\/\/www.elliberal.com.ar\/nota\/31650\/2024\/09\/anuncian-rebaja-de-precios-de-nafta-y-gasoil-en-ypf-desde-la-medianoche<\/a><\/li>\n\n\n\n<li><a href=\"https:\/\/derechadiario.com.ar\/economia\/ypf-baja-precio-los-combustibles-cuanto-sera-baja-y-desde-cuando-aplica?utm_source=chatgpt.com\">https:\/\/derechadiario.com.ar\/economia\/ypf-baja-precio-los-combustibles-cuanto-sera-baja-y-desde-cuando-aplica<\/a><\/li>\n\n\n\n<li><a href=\"https:\/\/www.ellitoral.com\/informacion-general\/ypf-anuncio-rebaja-precios-nafta-gasoil-bajaran-combusitble-petrolo-precio-internacional_0_YNwC6TOk9Z.html?utm_source=chatgpt.com\">https:\/\/www.ellitoral.com\/informacion-general\/ypf-anuncio-rebaja-precios-nafta-gasoil-bajaran-combusitble-petrolo-precio-internacional_0_YNwC6TOk9Z.html<\/a><\/li>\n<\/ul>\n","protected":false},"excerpt":{"rendered":"<p>Mientras el Gobierno de Javier Milei celebra una supuesta baja en los combustibles, los consumidores apenas perciben una reducci\u00f3n m\u00ednima en los surtidores. YPF anunci\u00f3 una disminuci\u00f3n del 4% en la nafta y del 5% en el gasoil, pero debido a impuestos y devaluaci\u00f3n, el impacto real para el consumidor es de solo 1% y&#8230;<\/p>\n","protected":false},"author":1,"featured_media":3779,"comment_status":"open","ping_status":"open","sticky":false,"template":"","format":"standard","meta":{"_monsterinsights_skip_tracking":false,"_monsterinsights_sitenote_active":false,"_monsterinsights_sitenote_note":"","_monsterinsights_sitenote_category":0,"footnotes":"","jetpack_publicize_message":"","jetpack_publicize_feature_enabled":true,"jetpack_social_post_already_shared":true,"jetpack_social_options":{"image_generator_settings":{"template":"highway","default_image_id":0,"font":"","enabled":false},"version":2}},"categories":[3],"tags":[],"class_list":["post-3778","post","type-post","status-publish","format-standard","has-post-thumbnail","hentry","category-economia"],"jetpack_publicize_connections":[],"_links":{"self":[{"href":"https:\/\/www.enorsai.com\/noticias\/wp-json\/wp\/v2\/posts\/3778","targetHints":{"allow":["GET"]}}],"collection":[{"href":"https:\/\/www.enorsai.com\/noticias\/wp-json\/wp\/v2\/posts"}],"about":[{"href":"https:\/\/www.enorsai.com\/noticias\/wp-json\/wp\/v2\/types\/post"}],"author":[{"embeddable":true,"href":"https:\/\/www.enorsai.com\/noticias\/wp-json\/wp\/v2\/users\/1"}],"replies":[{"embeddable":true,"href":"https:\/\/www.enorsai.com\/noticias\/wp-json\/wp\/v2\/comments?post=3778"}],"version-history":[{"count":1,"href":"https:\/\/www.enorsai.com\/noticias\/wp-json\/wp\/v2\/posts\/3778\/revisions"}],"predecessor-version":[{"id":3780,"href":"https:\/\/www.enorsai.com\/noticias\/wp-json\/wp\/v2\/posts\/3778\/revisions\/3780"}],"wp:featuredmedia":[{"embeddable":true,"href":"https:\/\/www.enorsai.com\/noticias\/wp-json\/wp\/v2\/media\/3779"}],"wp:attachment":[{"href":"https:\/\/www.enorsai.com\/noticias\/wp-json\/wp\/v2\/media?parent=3778"}],"wp:term":[{"taxonomy":"category","embeddable":true,"href":"https:\/\/www.enorsai.com\/noticias\/wp-json\/wp\/v2\/categories?post=3778"},{"taxonomy":"post_tag","embeddable":true,"href":"https:\/\/www.enorsai.com\/noticias\/wp-json\/wp\/v2\/tags?post=3778"}],"curies":[{"name":"wp","href":"https:\/\/api.w.org\/{rel}","templated":true}]}}