{"id":3768,"date":"2025-04-29T06:14:44","date_gmt":"2025-04-29T09:14:44","guid":{"rendered":"https:\/\/www.enorsai.com\/noticias\/?p=3768"},"modified":"2025-04-29T06:17:37","modified_gmt":"2025-04-29T09:17:37","slug":"la-tiktokera-de-adorni-que-pagamos-todos","status":"publish","type":"post","link":"https:\/\/www.enorsai.com\/noticias\/politica\/la-tiktokera-de-adorni-que-pagamos-todos\/","title":{"rendered":"La TikTokera de Adorni que pagamos\u00a0todos"},"content":{"rendered":"\n<p>El Vocero llev\u00f3 al Vaticano a su tiktokera personal.<\/p>\n\n\n\n<p>(Por Roque Perez) Nuevamente aquellos que iban a \u00abcambiar\u00bb la pol\u00edtica en la Argentina vuelven a estar\u00a0<em>en orsai<\/em>. El vocero presidencial y cabeza de lista para las pr\u00f3ximas elecciones porte\u00f1as, Manuel Adorni, llev\u00f3 al Vaticano a su coordinadora de contenidos digitales,\u00a0<strong>la tiktokera libertaria Macarena Jimena Rodr\u00edguez<\/strong>, en el marco del viaje oficial por el funeral del Papa Francisco.<\/p>\n\n\n\n<p>Macarena Jimena Rodr\u00edguez, exintegrante de la lista de La Libertad Avanza en las legislativas porte\u00f1as de 2021, fue\u00a0<strong>designada por el propio Adorni<\/strong>, hace unos meses, a trav\u00e9s de la\u00a0Resoluci\u00f3n 1079\/2025, \u00ab<em>en el cargo de Coordinadora de Contenidos de Activos Digitales dependiente actualmente de la Direcci\u00f3n Operativa de Comunicaci\u00f3n Digital de la PRESIDENCIA DE LA NACI\u00d3N de la Direcci\u00f3n Nacional de Comunicaci\u00f3n Digital de la PRESIDENCIA DE LA NACI\u00d3N de la Subsecretaria de Vocer\u00eda y Comunicaci\u00f3n de Gobierno de la SECRETAR\u00cdA DE COMUNICACI\u00d3N Y MEDIOS de la PRESIDENCIA DE LA NACI\u00d3N<\/em>\u00ab.<\/p>\n\n\n\n<p><strong>La decisi\u00f3n de incluir a su community manager en la reducida comitiva oficial que viaj\u00f3 a Roma para asistir al funeral gener\u00f3 interrogantes sobre los motivos del traslado<\/strong>&nbsp;y los gastos asociados, especialmente a pocas semanas de los comicios legislativos en los cuales Adorni es el principal postulante de La Libertad Avanza en la Ciudad.<\/p>\n\n\n\n<p>Los cuestionamientos apuntan a por qu\u00e9 fue necesario su traslado, para qu\u00e9 funci\u00f3n espec\u00edfica en una<strong>&nbsp;ceremonia protocolar&nbsp;<\/strong>y qui\u00e9n cubre los costos del viaje de una funcionaria dedicada a redes sociales, en el marco de un duelo de Estado y de un acto de car\u00e1cter estrictamente diplom\u00e1tico.<\/p>\n","protected":false},"excerpt":{"rendered":"<p>El Vocero llev\u00f3 al Vaticano a su tiktokera personal. (Por Roque Perez) Nuevamente aquellos que iban a \u00abcambiar\u00bb la pol\u00edtica en la Argentina vuelven a estar\u00a0en orsai. El vocero presidencial y cabeza de lista para las pr\u00f3ximas elecciones porte\u00f1as, Manuel Adorni, llev\u00f3 al Vaticano a su coordinadora de contenidos digitales,\u00a0la tiktokera libertaria Macarena Jimena Rodr\u00edguez,&#8230;<\/p>\n","protected":false},"author":7,"featured_media":3769,"comment_status":"open","ping_status":"open","sticky":false,"template":"","format":"standard","meta":{"_monsterinsights_skip_tracking":false,"_monsterinsights_sitenote_active":false,"_monsterinsights_sitenote_note":"","_monsterinsights_sitenote_category":0,"footnotes":"","jetpack_publicize_message":"La TikTokera de Adorni que pagamos\u00a0todos","jetpack_publicize_feature_enabled":true,"jetpack_social_post_already_shared":false,"jetpack_social_options":{"image_generator_settings":{"template":"highway","enabled":false},"version":2}},"categories":[2],"tags":[880],"class_list":["post-3768","post","type-post","status-publish","format-standard","has-post-thumbnail","hentry","category-politica","tag-adorni"],"jetpack_publicize_connections":[],"_links":{"self":[{"href":"https:\/\/www.enorsai.com\/noticias\/wp-json\/wp\/v2\/posts\/3768","targetHints":{"allow":["GET"]}}],"collection":[{"href":"https:\/\/www.enorsai.com\/noticias\/wp-json\/wp\/v2\/posts"}],"about":[{"href":"https:\/\/www.enorsai.com\/noticias\/wp-json\/wp\/v2\/types\/post"}],"author":[{"embeddable":true,"href":"https:\/\/www.enorsai.com\/noticias\/wp-json\/wp\/v2\/users\/7"}],"replies":[{"embeddable":true,"href":"https:\/\/www.enorsai.com\/noticias\/wp-json\/wp\/v2\/comments?post=3768"}],"version-history":[{"count":2,"href":"https:\/\/www.enorsai.com\/noticias\/wp-json\/wp\/v2\/posts\/3768\/revisions"}],"predecessor-version":[{"id":3771,"href":"https:\/\/www.enorsai.com\/noticias\/wp-json\/wp\/v2\/posts\/3768\/revisions\/3771"}],"wp:featuredmedia":[{"embeddable":true,"href":"https:\/\/www.enorsai.com\/noticias\/wp-json\/wp\/v2\/media\/3769"}],"wp:attachment":[{"href":"https:\/\/www.enorsai.com\/noticias\/wp-json\/wp\/v2\/media?parent=3768"}],"wp:term":[{"taxonomy":"category","embeddable":true,"href":"https:\/\/www.enorsai.com\/noticias\/wp-json\/wp\/v2\/categories?post=3768"},{"taxonomy":"post_tag","embeddable":true,"href":"https:\/\/www.enorsai.com\/noticias\/wp-json\/wp\/v2\/tags?post=3768"}],"curies":[{"name":"wp","href":"https:\/\/api.w.org\/{rel}","templated":true}]}}