{"id":3755,"date":"2025-04-28T16:04:48","date_gmt":"2025-04-28T19:04:48","guid":{"rendered":"http:\/\/www.enorsai.com\/noticias\/?p=3755"},"modified":"2025-04-28T16:22:31","modified_gmt":"2025-04-28T19:22:31","slug":"el-periodista-oficialista-luis-majul-no-paso-el-examen-psicologico-al-intentar-renovar-su-carnet-de-conducir","status":"publish","type":"post","link":"https:\/\/www.enorsai.com\/noticias\/sociedad\/el-periodista-oficialista-luis-majul-no-paso-el-examen-psicologico-al-intentar-renovar-su-carnet-de-conducir\/","title":{"rendered":"El periodista oficialista Luis Majul no pas\u00f3 el examen psicol\u00f3gico al intentar renovar su carnet de conducir"},"content":{"rendered":"\n<p>La fallida renovaci\u00f3n de la licencia de conducir de Luis Majul, su airada reacci\u00f3n y las maniobras para revertir el resultado negativo en el test psicol\u00f3gico exponen, una vez m\u00e1s, el doble est\u00e1ndar de quienes militan el ajuste brutal del gobierno de Javier Milei pero exigen privilegios personales cuando los alcanza la ley.<\/p>\n\n\n\n<p>En un pa\u00eds donde las reglas parecen regir solo para los que no tienen poder, el ins\u00f3lito episodio protagonizado por Luis Majul se convierte en una postal perfecta del cinismo que atraviesa al oficialismo libertario. Esta semana se conoci\u00f3 que el periodista estrella de La Naci\u00f3n+, fervoroso defensor del gobierno de Javier Milei, sufri\u00f3 la retenci\u00f3n de su licencia de conducir al no superar el examen psicol\u00f3gico requerido para su renovaci\u00f3n. Lejos de aceptar el resultado como cualquier ciudadano de a pie, Majul opt\u00f3 por la pataleta, el llamado urgente al abogado de confianza y un escandaloso operativo para revertir la situaci\u00f3n, demostrando que, cuando el ajuste toca sus propios intereses, los libertarios tambi\u00e9n lloran.<\/p>\n\n\n\n<p>El 23 de abril pasado, Luis Majul se present\u00f3 en la sede del Autom\u00f3vil Club Argentino (ACA) ubicada en Villa Soldati para renovar su licencia de conducir. All\u00ed, debi\u00f3 atravesar los ex\u00e1menes de rigor, entre ellos el an\u00e1lisis psicol\u00f3gico, imprescindible para determinar la aptitud mental de los conductores. Fue en ese punto donde el periodista, conocido m\u00e1s por su histrionismo televisivo que por su rigor period\u00edstico, se encontr\u00f3 con una realidad dif\u00edcil de digerir: no pas\u00f3 el test.<\/p>\n\n\n\n<figure class=\"wp-block-embed is-type-rich is-provider-twitter wp-block-embed-twitter\"><div class=\"wp-block-embed__wrapper\">\n<blockquote class=\"twitter-tweet\" data-width=\"550\" data-dnt=\"true\"><p lang=\"es\" dir=\"ltr\">\ud83d\udca5Nancy Pazos revel\u00f3 que al periodista Luis Majul le RECHAZARON la renovaci\u00f3n de la licencia de conducir porque no pas\u00f3 el TEST PSICOL\u00d3GICO. <a href=\"https:\/\/t.co\/12zG0Giyqd\">pic.twitter.com\/12zG0Giyqd<\/a><\/p>&mdash; \ud835\udc00\ud835\udc11\ud835\udc06\ud835\udc04\ud835\udc0d\ud835\udc13\ud835\udc08\ud835\udc0d\ud835\udc00 \ud835\udc07\ud835\udc0e\ud835\udc18 \ud83c\udf99\ud83c\udfa7\ud83d\udcfb\ud83d\udcf0 \ud83c\udde6\ud83c\uddf7 \ud83c\udf1f\ud83c\udf1f\ud83c\udf1f (@Antonio27591643) <a href=\"https:\/\/twitter.com\/Antonio27591643\/status\/1915614770348118050?ref_src=twsrc%5Etfw\">April 25, 2025<\/a><\/blockquote><script async src=\"https:\/\/platform.twitter.com\/widgets.js\" charset=\"utf-8\"><\/script>\n<\/div><\/figure>\n\n\n\n<p>La profesional que realiz\u00f3 la evaluaci\u00f3n, se\u00f1alada por fuentes como una de las m\u00e1s experimentadas del \u00e1rea, decidi\u00f3 retener la licencia del conductor al detectar se\u00f1ales incompatibles con la aprobaci\u00f3n del examen. De acuerdo a los relatos que trascendieron en el programa <em>Duro de Domar<\/em> de C5N, narrados por la periodista Nancy Pazos, Majul no solo se neg\u00f3 a firmar el formulario que documentaba su reprobaci\u00f3n, sino que exigi\u00f3 la intervenci\u00f3n de su abogado, indignado porque \u00abpor unos dibujitos\u00bb \u2014en referencia a los tests proyectivos habituales en psicolog\u00eda\u2014 se lo considerara no apto para conducir.<\/p>\n\n\n\n<p>Lejos de comportarse con la templanza que suele exigir a la ciudadan\u00eda desde su p\u00falpito medi\u00e1tico, Majul entr\u00f3 en una espiral de quejas y presiones. Seg\u00fan detall\u00f3 Pazos, al d\u00eda siguiente el tr\u00e1mite fue dado de baja con la observaci\u00f3n en el \u00e1rea de psicolog\u00eda, pero luego reabierto en otra dependencia de Avenida Roca. All\u00ed, despu\u00e9s de reiniciar el proceso y sortear las instancias burocr\u00e1ticas, el periodista finalmente logr\u00f3 obtener su licencia, borrando, al menos en lo formal, el bochorno original.<\/p>\n\n\n<ul class=\"wp-block-latest-posts__list is-grid columns-3 wp-block-latest-posts\"><li><div class=\"wp-block-latest-posts__featured-image\"><img loading=\"lazy\" decoding=\"async\" width=\"300\" height=\"169\" src=\"https:\/\/www.enorsai.com\/noticias\/wp-content\/uploads\/2026\/03\/8M-Milei-ataca-al-feminismo-como-un-viejo-machirulo-300x169.png\" class=\"attachment-medium size-medium wp-post-image\" alt=\"\" style=\"\" srcset=\"https:\/\/www.enorsai.com\/noticias\/wp-content\/uploads\/2026\/03\/8M-Milei-ataca-al-feminismo-como-un-viejo-machirulo-300x169.png 300w, https:\/\/www.enorsai.com\/noticias\/wp-content\/uploads\/2026\/03\/8M-Milei-ataca-al-feminismo-como-un-viejo-machirulo-1024x576.png 1024w, https:\/\/www.enorsai.com\/noticias\/wp-content\/uploads\/2026\/03\/8M-Milei-ataca-al-feminismo-como-un-viejo-machirulo-768x432.png 768w, https:\/\/www.enorsai.com\/noticias\/wp-content\/uploads\/2026\/03\/8M-Milei-ataca-al-feminismo-como-un-viejo-machirulo.png 1280w\" sizes=\"auto, (max-width: 300px) 100vw, 300px\" \/><\/div><a class=\"wp-block-latest-posts__post-title\" href=\"https:\/\/www.enorsai.com\/noticias\/politica\/derrumbe-total-mas-del-70-de-los-argentinos-rechaza-a-milei-y-su-casta\/\">Derrumbe total: m\u00e1s del 70% de los argentinos rechaza a Milei y su casta<\/a><\/li>\n<li><div class=\"wp-block-latest-posts__featured-image\"><img loading=\"lazy\" decoding=\"async\" width=\"300\" height=\"185\" src=\"https:\/\/www.enorsai.com\/noticias\/wp-content\/uploads\/2025\/07\/20250704-gas-300x185.webp\" class=\"attachment-medium size-medium wp-post-image\" alt=\"\" style=\"\" srcset=\"https:\/\/www.enorsai.com\/noticias\/wp-content\/uploads\/2025\/07\/20250704-gas-300x185.webp 300w, https:\/\/www.enorsai.com\/noticias\/wp-content\/uploads\/2025\/07\/20250704-gas.webp 760w\" sizes=\"auto, (max-width: 300px) 100vw, 300px\" \/><\/div><a class=\"wp-block-latest-posts__post-title\" href=\"https:\/\/www.enorsai.com\/noticias\/politica\/milei-lo-hizo-hay-desabastecimiento-de-gas-y-limitan-la-venta-de-gnc\/\">Milei lo hizo: hay desabastecimiento de gas y limitan la venta de GNC<\/a><\/li>\n<li><div class=\"wp-block-latest-posts__featured-image\"><img loading=\"lazy\" decoding=\"async\" width=\"300\" height=\"200\" src=\"https:\/\/www.enorsai.com\/noticias\/wp-content\/uploads\/2026\/04\/kicillof-salud-300x200.jpg\" class=\"attachment-medium size-medium wp-post-image\" alt=\"\" style=\"\" srcset=\"https:\/\/www.enorsai.com\/noticias\/wp-content\/uploads\/2026\/04\/kicillof-salud-300x200.jpg 300w, https:\/\/www.enorsai.com\/noticias\/wp-content\/uploads\/2026\/04\/kicillof-salud-1024x683.jpg 1024w, https:\/\/www.enorsai.com\/noticias\/wp-content\/uploads\/2026\/04\/kicillof-salud-768x512.jpg 768w, https:\/\/www.enorsai.com\/noticias\/wp-content\/uploads\/2026\/04\/kicillof-salud-600x400.jpg 600w, https:\/\/www.enorsai.com\/noticias\/wp-content\/uploads\/2026\/04\/kicillof-salud.jpg 1068w\" sizes=\"auto, (max-width: 300px) 100vw, 300px\" \/><\/div><a class=\"wp-block-latest-posts__post-title\" href=\"https:\/\/www.enorsai.com\/noticias\/sociedad\/salud\/kicillof-refuerza-la-entrega-de-medicamentos-ante-el-ajuste-de-milei\/\">Kicillof refuerza la entrega de medicamentos ante el ajuste de Milei<\/a><\/li>\n<\/ul>\n\n\n<p>Sin embargo, la mancha ya estaba hecha. Y no se trat\u00f3 solamente de un traspi\u00e9 administrativo: lo que qued\u00f3 al desnudo fue la impunidad con la que personajes como Majul pretenden moverse en un pa\u00eds que, parad\u00f3jicamente, ellos mismos exigen \u00abordenar\u00bb a fuerza de ajuste, recortes y palos para los sectores populares.<\/p>\n\n\n\n<p>Mientras desde sus micr\u00f3fonos condena a quienes reclaman sus derechos en las calles, Majul exige privilegios cuando se enfrenta a un obst\u00e1culo personal. Mientras exige transparencia y meritocracia para los dem\u00e1s, recurre a maniobras opacas para zafar de una evaluaci\u00f3n desfavorable. Mientras milita la eliminaci\u00f3n de toda estructura del Estado que proteja a los m\u00e1s vulnerables, no duda en aprovecharse de sus resortes para garantizar su comodidad personal. \u00bfQu\u00e9 hay m\u00e1s casta que eso?<\/p>\n\n\n\n<p>Resulta imposible no leer este episodio en el contexto m\u00e1s amplio del deterioro institucional que impulsa el gobierno de Javier Milei. La pr\u00e9dica constante contra el Estado, contra los controles, contra cualquier regulaci\u00f3n que limite \u00abla libertad de los individuos\u00bb, termina, en los hechos, construyendo un pa\u00eds en el que la fuerza, la rosca y la cercan\u00eda al poder reemplazan a la ley. Y en esa l\u00f3gica, Luis Majul no es un accidente: es el modelo perfecto de un comunicador devenido operador, que ya no pretende informar sino blindar a un gobierno de espaldas a la sociedad.<\/p>\n\n\n\n<p>No es la primera vez que Majul protagoniza incidentes que rozan el rid\u00edculo, ni ser\u00e1 la \u00faltima. Pero en esta ocasi\u00f3n el episodio golpea en un punto sensible: la aptitud psicol\u00f3gica para conducir un veh\u00edculo no es un capricho ni una formalidad. Se trata de una medida de seguridad p\u00fablica, dise\u00f1ada para proteger a todos los ciudadanos. El hecho de que un periodista tan influyente, que ha construido su carrera se\u00f1alando con el dedo a otros, no pueda siquiera superar una evaluaci\u00f3n b\u00e1sica, y que luego utilice su poder para torcer el resultado, habla mucho m\u00e1s de \u00e9l que cualquier editorial pomposa que pretenda leer frente a las c\u00e1maras.<\/p>\n\n\n\n<p>La pregunta que dej\u00f3 flotando Nancy Pazos en su programa (\u00ab\u00bfTodo esto es cierto, Luis Majul?\u00bb) resuena con fuerza en un momento donde la credibilidad de los grandes medios est\u00e1 bajo la lupa. \u00bfCon qu\u00e9 autoridad puede alguien que ni siquiera puede aprobar un examen psicol\u00f3gico b\u00e1sico pontificar sobre el rumbo de la Naci\u00f3n? \u00bfQu\u00e9 clase de periodismo representan quienes, frente a un rev\u00e9s personal, eligen la presi\u00f3n y el berrinche en lugar de aceptar las reglas que rigen para todos?<\/p>\n\n\n\n<p>La an\u00e9cdota del \u00abesc\u00e1ndalo de los dibujitos\u00bb no es menor. Refleja una l\u00f3gica profundamente arraigada en el c\u00edrculo de poder que rodea a Javier Milei: una elite que se proclama v\u00edctima mientras ejerce violencia simb\u00f3lica y real contra cualquier forma de control social. Una elite que desprecia las reglas comunes, pero que se aferra con u\u00f1as y dientes a sus privilegios personales.<\/p>\n\n\n\n<p>Hoy, mientras miles de argentinos deben enfrentar recortes en salud, educaci\u00f3n y derechos b\u00e1sicos, mientras el Estado abandona sus funciones esenciales bajo la excusa de achicarse, el drama de Majul por no pasar un examen psicol\u00f3gico expone una verdad inc\u00f3moda: en la Argentina libertaria, la verdadera casta no son los jubilados ni los trabajadores ni los estudiantes. La verdadera casta son ellos. Los voceros del ajuste, los aduladores seriales del poder, los privilegiados de siempre, que ni siquiera son capaces de mirarse al espejo cuando fracasan.<\/p>\n\n\n\n<p>Y entonces, el interrogante se vuelve ineludible: \u00bfqu\u00e9 seguridad podemos esperar de quienes ni siquiera pueden garantizar la suya propia?<\/p>\n\n\n\n<p>Fuentes:<\/p>\n\n\n\n<ul class=\"wp-block-list\">\n<li><a href=\"https:\/\/noticiasargentinas.com\/espectaculos\/aseguran-que-le-retuvieron-la-licencia-de-conducir-a-luis-majul---no-paso-el-analisis-psicologico-_a680b8a306310a9bb0943cc14?srsltid=AfmBOooAYdt3XvU38Itv_7Grc4X1tEj6J6HdXzf7QiJtG_wbWwfAry4j\">https:\/\/noticiasargentinas.com\/espectaculos\/aseguran-que-le-retuvieron-la-licencia-de-conducir-a-luis-majul&#8212;no-paso-el-analisis-psicologico-_a680b8a306310a9bb0943cc14<\/a><\/li>\n\n\n\n<li><a href=\"https:\/\/www.elesquiu.com\/espectaculos\/2025\/4\/26\/el-escandalo-que-armo-luis-majul-al-fallar-el-psicologico-para-renovar-el-carnet-de-conducir-551873.html\">https:\/\/www.elesquiu.com\/espectaculos\/2025\/4\/26\/el-escandalo-que-armo-luis-majul-al-fallar-el-psicologico-para-renovar-el-carnet-de-conducir-551873.html<\/a><\/li>\n<\/ul>\n\n\n\n<p><\/p>\n","protected":false},"excerpt":{"rendered":"<p>La fallida renovaci\u00f3n de la licencia de conducir de Luis Majul, su airada reacci\u00f3n y las maniobras para revertir el resultado negativo en el test psicol\u00f3gico exponen, una vez m\u00e1s, el doble est\u00e1ndar de quienes militan el ajuste brutal del gobierno de Javier Milei pero exigen privilegios personales cuando los alcanza la ley. En un&#8230;<\/p>\n","protected":false},"author":12,"featured_media":3757,"comment_status":"open","ping_status":"open","sticky":false,"template":"","format":"standard","meta":{"_monsterinsights_skip_tracking":false,"_monsterinsights_sitenote_active":false,"_monsterinsights_sitenote_note":"","_monsterinsights_sitenote_category":0,"footnotes":"","jetpack_publicize_message":"El periodista oficialista Luis Majul no pas\u00f3 el examen psicol\u00f3gico al intentar renovar su carnet de conducir","jetpack_publicize_feature_enabled":true,"jetpack_social_post_already_shared":false,"jetpack_social_options":{"image_generator_settings":{"template":"highway","enabled":false},"version":2}},"categories":[4],"tags":[],"class_list":["post-3755","post","type-post","status-publish","format-standard","has-post-thumbnail","hentry","category-sociedad"],"jetpack_publicize_connections":[],"_links":{"self":[{"href":"https:\/\/www.enorsai.com\/noticias\/wp-json\/wp\/v2\/posts\/3755","targetHints":{"allow":["GET"]}}],"collection":[{"href":"https:\/\/www.enorsai.com\/noticias\/wp-json\/wp\/v2\/posts"}],"about":[{"href":"https:\/\/www.enorsai.com\/noticias\/wp-json\/wp\/v2\/types\/post"}],"author":[{"embeddable":true,"href":"https:\/\/www.enorsai.com\/noticias\/wp-json\/wp\/v2\/users\/12"}],"replies":[{"embeddable":true,"href":"https:\/\/www.enorsai.com\/noticias\/wp-json\/wp\/v2\/comments?post=3755"}],"version-history":[{"count":3,"href":"https:\/\/www.enorsai.com\/noticias\/wp-json\/wp\/v2\/posts\/3755\/revisions"}],"predecessor-version":[{"id":3759,"href":"https:\/\/www.enorsai.com\/noticias\/wp-json\/wp\/v2\/posts\/3755\/revisions\/3759"}],"wp:featuredmedia":[{"embeddable":true,"href":"https:\/\/www.enorsai.com\/noticias\/wp-json\/wp\/v2\/media\/3757"}],"wp:attachment":[{"href":"https:\/\/www.enorsai.com\/noticias\/wp-json\/wp\/v2\/media?parent=3755"}],"wp:term":[{"taxonomy":"category","embeddable":true,"href":"https:\/\/www.enorsai.com\/noticias\/wp-json\/wp\/v2\/categories?post=3755"},{"taxonomy":"post_tag","embeddable":true,"href":"https:\/\/www.enorsai.com\/noticias\/wp-json\/wp\/v2\/tags?post=3755"}],"curies":[{"name":"wp","href":"https:\/\/api.w.org\/{rel}","templated":true}]}}