{"id":3747,"date":"2025-04-28T09:00:57","date_gmt":"2025-04-28T12:00:57","guid":{"rendered":"https:\/\/www.enorsai.com\/noticias\/?p=3747"},"modified":"2025-04-28T09:02:05","modified_gmt":"2025-04-28T12:02:05","slug":"acorralado-manuel-adorni-ahora-niega-que-la-tiktokera-que-viajo-a-roma-con-la-comitiva-oficial-sea-su-community-manager","status":"publish","type":"post","link":"https:\/\/www.enorsai.com\/noticias\/politica\/acorralado-manuel-adorni-ahora-niega-que-la-tiktokera-que-viajo-a-roma-con-la-comitiva-oficial-sea-su-community-manager\/","title":{"rendered":"Acorralado: Manuel Adorni ahora niega que la tiktokera\u00a0que viaj\u00f3 a Roma con la comitiva oficial sea su community manager"},"content":{"rendered":"\n<p><strong><em>Mientras Javier Milei predica la motosierra sobre el Estado y sus voceros despotrican contra el \u201cgasto pol\u00edtico\u201d, la realidad del oficialismo muestra otra cara: improvisaci\u00f3n, prebendas digitales y una estrategia de comunicaci\u00f3n sostenida con recursos p\u00fablicos, aun en actos de m\u00e1xima sensibilidad institucional.<\/em><\/strong><\/p>\n\n\n\n<p>La fotograf\u00eda fue reveladora. Mientras la comitiva oficial regresaba al pa\u00eds tras asistir al funeral de Francisco, el primer Papa argentino, una figura eclipsaba el protocolo diplom\u00e1tico: Macarena Jimena Rodr\u00edguez, conocida en redes como fervorosa tiktokera libertaria y flamante Coordinadora de Contenidos de Activos Digitales de la Presidencia de la Naci\u00f3n. Un cargo formal, con sueldo estatal, creado para administrar la comunicaci\u00f3n digital de un gobierno que denuesta los medios tradicionales pero invierte en influenciadores ideol\u00f3gicos.<\/p>\n\n\n\n<p>Rodr\u00edguez descendi\u00f3 del vuelo oficial en Aeroparque Jorge Newbery el domingo 27 de abril, entre ministros, funcionarios de peso y diplom\u00e1ticos. Su presencia desat\u00f3 una oleada de indignaci\u00f3n: no solo por la falta de transparencia respecto a su funci\u00f3n en un evento de Estado, sino tambi\u00e9n porque evidencia que, mientras se pregona ajuste y recorte a las \u00e1reas esenciales, el gobierno de Milei reserva privilegios de representaci\u00f3n internacional para operadores de redes sociales.<\/p>\n\n\n\n<p>La trama es a\u00fan m\u00e1s irritante cuando se recuerda que d\u00edas antes el vocero presidencial y ahora candidato a legislador porte\u00f1o, Manuel Adorni, hab\u00eda negado cualquier relaci\u00f3n org\u00e1nica con Rodr\u00edguez, descalificando como \u201cfake news\u201d las versiones que la sindicaban como su community manager. El silencio oficial sobre los gastos de este viaje y sobre los motivos de su inclusi\u00f3n en la delegaci\u00f3n oficial profundiza la sospecha de que no se trat\u00f3 de un error de protocolo sino de un modus operandi: aprovechar cada instancia p\u00fablica para montar una maquinaria de propaganda pol\u00edtica, financiada con fondos p\u00fablicos.<\/p>\n\n\n<ul class=\"wp-block-latest-posts__list is-grid columns-3 wp-block-latest-posts\"><li><div class=\"wp-block-latest-posts__featured-image\"><img loading=\"lazy\" decoding=\"async\" width=\"300\" height=\"185\" src=\"https:\/\/www.enorsai.com\/noticias\/wp-content\/uploads\/2025\/07\/20250704-gas-300x185.webp\" class=\"attachment-medium size-medium wp-post-image\" alt=\"\" style=\"\" srcset=\"https:\/\/www.enorsai.com\/noticias\/wp-content\/uploads\/2025\/07\/20250704-gas-300x185.webp 300w, https:\/\/www.enorsai.com\/noticias\/wp-content\/uploads\/2025\/07\/20250704-gas.webp 760w\" sizes=\"auto, (max-width: 300px) 100vw, 300px\" \/><\/div><a class=\"wp-block-latest-posts__post-title\" href=\"https:\/\/www.enorsai.com\/noticias\/politica\/milei-lo-hizo-hay-desabastecimiento-de-gas-y-limitan-la-venta-de-gnc\/\">Milei lo hizo: hay desabastecimiento de gas y limitan la venta de GNC<\/a><\/li>\n<li><div class=\"wp-block-latest-posts__featured-image\"><img loading=\"lazy\" decoding=\"async\" width=\"300\" height=\"200\" src=\"https:\/\/www.enorsai.com\/noticias\/wp-content\/uploads\/2026\/04\/kicillof-salud-300x200.jpg\" class=\"attachment-medium size-medium wp-post-image\" alt=\"\" style=\"\" srcset=\"https:\/\/www.enorsai.com\/noticias\/wp-content\/uploads\/2026\/04\/kicillof-salud-300x200.jpg 300w, https:\/\/www.enorsai.com\/noticias\/wp-content\/uploads\/2026\/04\/kicillof-salud-1024x683.jpg 1024w, https:\/\/www.enorsai.com\/noticias\/wp-content\/uploads\/2026\/04\/kicillof-salud-768x512.jpg 768w, https:\/\/www.enorsai.com\/noticias\/wp-content\/uploads\/2026\/04\/kicillof-salud-600x400.jpg 600w, https:\/\/www.enorsai.com\/noticias\/wp-content\/uploads\/2026\/04\/kicillof-salud.jpg 1068w\" sizes=\"auto, (max-width: 300px) 100vw, 300px\" \/><\/div><a class=\"wp-block-latest-posts__post-title\" href=\"https:\/\/www.enorsai.com\/noticias\/sociedad\/salud\/kicillof-refuerza-la-entrega-de-medicamentos-ante-el-ajuste-de-milei\/\">Kicillof refuerza la entrega de medicamentos ante el ajuste de Milei<\/a><\/li>\n<li><div class=\"wp-block-latest-posts__featured-image\"><img loading=\"lazy\" decoding=\"async\" width=\"300\" height=\"169\" src=\"https:\/\/www.enorsai.com\/noticias\/wp-content\/uploads\/2026\/04\/La-cantidad-de-locales-vacios-crecio-385-en-la-Ciudad-de-Buenos-Aires-300x169.png\" class=\"attachment-medium size-medium wp-post-image\" alt=\"\" style=\"\" srcset=\"https:\/\/www.enorsai.com\/noticias\/wp-content\/uploads\/2026\/04\/La-cantidad-de-locales-vacios-crecio-385-en-la-Ciudad-de-Buenos-Aires-300x169.png 300w, https:\/\/www.enorsai.com\/noticias\/wp-content\/uploads\/2026\/04\/La-cantidad-de-locales-vacios-crecio-385-en-la-Ciudad-de-Buenos-Aires-768x432.png 768w, https:\/\/www.enorsai.com\/noticias\/wp-content\/uploads\/2026\/04\/La-cantidad-de-locales-vacios-crecio-385-en-la-Ciudad-de-Buenos-Aires.png 960w\" sizes=\"auto, (max-width: 300px) 100vw, 300px\" \/><\/div><a class=\"wp-block-latest-posts__post-title\" href=\"https:\/\/www.enorsai.com\/noticias\/economia\/la-cantidad-de-locales-vacios-crecio-385-en-la-ciudad-de-buenos-aires\/\">La cantidad de locales vac\u00edos creci\u00f3 38,5% en la Ciudad de Buenos Aires<\/a><\/li>\n<\/ul>\n\n\n<p>No es la primera vez que Rodr\u00edguez aparece en el radar de la comunicaci\u00f3n presidencial. Fue designada oficialmente el 1\u00b0 de febrero de 2025 bajo el r\u00e9gimen del Sistema Nacional de Empleo P\u00fablico (SINEP), nivel B, funci\u00f3n ejecutiva IV, con car\u00e1cter transitorio. Una designaci\u00f3n administrativa con ropaje t\u00e9cnico pero que, en la pr\u00e1ctica, sirvi\u00f3 para formalizar su tarea de \u201cinfluencer gubernamental\u201d y reforzar la estrategia de Milei de gobernar a trav\u00e9s de redes, con desprecio abierto hacia el periodismo profesional.<\/p>\n\n\n\n<p>Su viaje al Vaticano revela la fragilidad de la narrativa de \u00abausteridad\u00bb que la administraci\u00f3n libertaria vende hacia afuera. El funeral del Papa Francisco no era un acto de militancia libertaria ni un evento apto para un operador de TikTok. Era una ceremonia de Estado, de profundo respeto diplom\u00e1tico, donde cada miembro de la delegaci\u00f3n deb\u00eda representar a la Argentina institucional, no al partido de gobierno ni a sus proyectos personales de campa\u00f1a.<\/p>\n\n\n\n<p>El problema no es solo \u00e9tico: es administrativo y legal. Si Rodr\u00edguez viaj\u00f3 en car\u00e1cter de funcionaria oficial, debe justificarse su tarea concreta en el protocolo del funeral. Si no, estamos ante un posible uso indebido de recursos p\u00fablicos para fines particulares. Hasta el momento, ninguna voz oficial explic\u00f3 cu\u00e1les fueron las funciones de la Coordinadora de Contenidos Digitales en la misa funeral de un jefe de Estado religioso, ni qu\u00e9 beneficios obtuvo la representaci\u00f3n argentina de su presencia all\u00ed.<\/p>\n\n\n\n<p>Lejos de aportar claridad, la joven reaccion\u00f3 al esc\u00e1ndalo atacando a los medios de comunicaci\u00f3n. \u201cAl periodismo no le gusta informar. Le importa mentir a cambio de un sobre de dinero\u201d, dispar\u00f3, replicando la ret\u00f3rica confrontativa de Milei contra cualquier cr\u00edtica period\u00edstica. En su descargo, Rodr\u00edguez neg\u00f3 trabajar para Adorni como community manager y acus\u00f3 a los periodistas de inventar noticias para golpear a su candidato, sin explicar, sin embargo, qu\u00e9 rol jug\u00f3 exactamente en Roma, ni c\u00f3mo fue que termin\u00f3 acompa\u00f1ando al presidente en un viaje tan sensible.<\/p>\n\n\n\n<p>La estrategia comunicacional del oficialismo queda al desnudo: por un lado, criminalizar a la prensa cr\u00edtica; por otro, tejer una red de operadores digitales oficialistas \u2014como Rodr\u00edguez\u2014 que manejen el relato sin controles ni cuestionamientos, y que, parad\u00f3jicamente, se sostienen con los mismos fondos p\u00fablicos que se prometi\u00f3 erradicar de la \u201ccasta\u201d.<\/p>\n\n\n\n<p>Lo m\u00e1s preocupante es que este caso no es una an\u00e9cdota aislada sino un s\u00edntoma de una pol\u00edtica de Estado: sustituir las instituciones republicanas y los mecanismos de control democr\u00e1tico por influencers adictos al poder, sin rendici\u00f3n de cuentas, en un nuevo clientelismo 2.0. La transparencia, tantas veces invocada en los discursos libertarios, parece ser apenas un eslogan vac\u00edo cuando se trata de beneficiar a los propios.<\/p>\n\n\n\n<p>A esta altura, resulta imposible separar la propaganda libertaria de la utilizaci\u00f3n descarada de los recursos p\u00fablicos. Rodr\u00edguez no solo form\u00f3 parte de la lista de La Libertad Avanza en 2021, sino que tambi\u00e9n ha sido vista en actos proselitistas y en coberturas de campa\u00f1a, c\u00e1mara al hombro, registrando las actividades de Milei y su entorno. Su figura sintetiza la doble moral de un gobierno que abomina de \u201cla casta\u201d mientras construye su propia red de prebendas y acomodos, ahora en formato TikTok.<\/p>\n\n\n\n<p>El esc\u00e1ndalo de Roma deber\u00eda encender todas las alarmas institucionales. No porque una influencer haya viajado en un avi\u00f3n presidencial \u2014eso ser\u00eda, en todo caso, apenas folcl\u00f3rico\u2014 sino porque evidencia un uso patrimonialista del Estado, donde el gasto p\u00fablico se ajusta para los jubilados, los investigadores cient\u00edficos o los docentes, pero se flexibiliza generosamente para los operadores de redes sociales del presidente.<\/p>\n\n\n\n<p>En definitiva, el caso Macarena Rodr\u00edguez es un espejo brutal del gobierno de Javier Milei: un r\u00e9gimen obsesionado con el relato, que desprecia los hechos y que reemplaza el rigor institucional por campa\u00f1as de redes administradas en la opacidad m\u00e1s absoluta. Un experimento de gobierno donde la verdad importa menos que el trending topic y donde la democracia se vac\u00eda en nombre de una presunta \u201clibertad\u201d que s\u00f3lo parece aplicarse a los amigos del poder.<\/p>\n\n\n\n<p>Mientras tanto, la ciudadan\u00eda paga la fiesta.<\/p>\n\n\n\n<p>Fuentes:<\/p>\n\n\n\n<ul class=\"wp-block-list\">\n<li><a href=\"https:\/\/www.pagina12.com.ar\/821393-la-tiktokera-macarena-integro-la-comitiva-oficial-que-viajo-\">https:\/\/www.pagina12.com.ar\/821393-la-tiktokera-macarena-integro-la-comitiva-oficial-que-viajo-<\/a><\/li>\n\n\n\n<li><a href=\"https:\/\/www.perfil.com\/noticias\/politica\/viajo-con-milei-al-vaticano-pero-desmiente-que-trabaje-para-la-candidatura-de-manuel-adorni.phtml\">https:\/\/www.perfil.com\/noticias\/politica\/viajo-con-milei-al-vaticano-pero-desmiente-que-trabaje-para-la-candidatura-de-manuel-adorni.phtml<\/a><\/li>\n<\/ul>\n","protected":false},"excerpt":{"rendered":"<p>Mientras Javier Milei predica la motosierra sobre el Estado y sus voceros despotrican contra el \u201cgasto pol\u00edtico\u201d, la realidad del oficialismo muestra otra cara: improvisaci\u00f3n, prebendas digitales y una estrategia de comunicaci\u00f3n sostenida con recursos p\u00fablicos, aun en actos de m\u00e1xima sensibilidad institucional. La fotograf\u00eda fue reveladora. Mientras la comitiva oficial regresaba al pa\u00eds tras&#8230;<\/p>\n","protected":false},"author":12,"featured_media":3748,"comment_status":"open","ping_status":"open","sticky":false,"template":"","format":"standard","meta":{"_monsterinsights_skip_tracking":false,"_monsterinsights_sitenote_active":false,"_monsterinsights_sitenote_note":"","_monsterinsights_sitenote_category":0,"footnotes":"","jetpack_publicize_message":"Acorralado: Manuel Adorni ahora niega que la tiktokera\u00a0que viaj\u00f3 a Roma con la comitiva oficial sea su community manager","jetpack_publicize_feature_enabled":true,"jetpack_social_post_already_shared":false,"jetpack_social_options":{"image_generator_settings":{"template":"highway","enabled":false},"version":2}},"categories":[2],"tags":[880,45],"class_list":["post-3747","post","type-post","status-publish","format-standard","has-post-thumbnail","hentry","category-politica","tag-adorni","tag-milei"],"jetpack_publicize_connections":[],"_links":{"self":[{"href":"https:\/\/www.enorsai.com\/noticias\/wp-json\/wp\/v2\/posts\/3747","targetHints":{"allow":["GET"]}}],"collection":[{"href":"https:\/\/www.enorsai.com\/noticias\/wp-json\/wp\/v2\/posts"}],"about":[{"href":"https:\/\/www.enorsai.com\/noticias\/wp-json\/wp\/v2\/types\/post"}],"author":[{"embeddable":true,"href":"https:\/\/www.enorsai.com\/noticias\/wp-json\/wp\/v2\/users\/12"}],"replies":[{"embeddable":true,"href":"https:\/\/www.enorsai.com\/noticias\/wp-json\/wp\/v2\/comments?post=3747"}],"version-history":[{"count":2,"href":"https:\/\/www.enorsai.com\/noticias\/wp-json\/wp\/v2\/posts\/3747\/revisions"}],"predecessor-version":[{"id":3750,"href":"https:\/\/www.enorsai.com\/noticias\/wp-json\/wp\/v2\/posts\/3747\/revisions\/3750"}],"wp:featuredmedia":[{"embeddable":true,"href":"https:\/\/www.enorsai.com\/noticias\/wp-json\/wp\/v2\/media\/3748"}],"wp:attachment":[{"href":"https:\/\/www.enorsai.com\/noticias\/wp-json\/wp\/v2\/media?parent=3747"}],"wp:term":[{"taxonomy":"category","embeddable":true,"href":"https:\/\/www.enorsai.com\/noticias\/wp-json\/wp\/v2\/categories?post=3747"},{"taxonomy":"post_tag","embeddable":true,"href":"https:\/\/www.enorsai.com\/noticias\/wp-json\/wp\/v2\/tags?post=3747"}],"curies":[{"name":"wp","href":"https:\/\/api.w.org\/{rel}","templated":true}]}}