{"id":3743,"date":"2025-04-28T07:11:48","date_gmt":"2025-04-28T10:11:48","guid":{"rendered":"https:\/\/www.enorsai.com\/noticias\/economia\/papelon-despues-de-tantos-anuncios-y-promesas-no-habra-planta-de-gnl-en-rio-negro\/"},"modified":"2025-04-28T07:11:48","modified_gmt":"2025-04-28T10:11:48","slug":"papelon-despues-de-tantos-anuncios-y-promesas-no-habra-planta-de-gnl-en-rio-negro","status":"publish","type":"post","link":"https:\/\/www.enorsai.com\/noticias\/economia\/papelon-despues-de-tantos-anuncios-y-promesas-no-habra-planta-de-gnl-en-rio-negro\/","title":{"rendered":"\u00a1Papel\u00f3n! Despu\u00e9s de tantos anuncios y promesas no habr\u00e1 planta de GNL en R\u00edo Negro"},"content":{"rendered":"\n<p><br>El espejismo libertario que nunca lleg\u00f3. Tras meses de anuncios rimbombantes y promesas de inversi\u00f3n, el gobierno de Javier Milei reconoce que no habr\u00e1 planta de GNL en R\u00edo Negro. El proyecto que desat\u00f3 tensiones con Axel Kicillof termina en otro fracaso de gesti\u00f3n.<br><br>La tan promocionada planta de gas natural licuado en R\u00edo Negro, que fue presentada como un hito del \u00abmilagro libertario\u00bb, no ver\u00e1 la luz. Entre promesas vac\u00edas, peleas pol\u00edticas y ausencia de planificaci\u00f3n, el gobierno de Javier Milei suma un nuevo cap\u00edtulo a su extenso historial de anuncios incumplidos.<br><br>Desde que Javier Milei asumi\u00f3 la presidencia, la gesti\u00f3n de los recursos estrat\u00e9gicos de la Argentina se convirti\u00f3 en un festival de promesas altisonantes que pocas veces se materializan. Una de las \u00faltimas v\u00edctimas de esta tendencia fue el proyecto de instalaci\u00f3n de una planta de gas natural licuado (GNL) en R\u00edo Negro, que ahora oficialmente ha sido descartado, seg\u00fan informaron fuentes del propio Ejecutivo nacional y reprodujeron medios como P\u00e1gina 12 y La Pol\u00edtica Online.<br><br>El megaproyecto, impulsado inicialmente por YPF en asociaci\u00f3n con la petrolera malaya Petronas, hab\u00eda sido objeto de un conflicto abierto entre el gobernador de Buenos Aires, Axel Kicillof, y el presidente Javier Milei. Kicillof, defensor del rol estatal en la infraestructura energ\u00e9tica, se opuso a la decisi\u00f3n libertaria de trasladar el emprendimiento desde Buenos Aires hacia R\u00edo Negro, calific\u00e1ndola como \u00abuna vendetta pol\u00edtica sin sustento t\u00e9cnico\u00bb (P\u00e1gina 12, 26 de abril de 2025). Por su parte, Milei y su ministra de Energ\u00eda, Mar\u00eda Fernanda Troni, defendieron el cambio de sede bajo el mantra de \u00abmenos Estado, m\u00e1s mercado\u00bb, sin aportar un plan realista que garantizara su ejecuci\u00f3n.<br><br>En redes sociales, la noticia del abandono del proyecto gener\u00f3 una oleada de cr\u00edticas. Referentes energ\u00e9ticos, economistas y usuarios denunciaron la \u00abimprovisaci\u00f3n absoluta\u00bb del gobierno libertario. \u00abTodo show, ning\u00fan resultado\u00bb, escribi\u00f3 en X (ex Twitter) el analista pol\u00edtico Juan Manuel Karg, mientras que la exministra de Energ\u00eda, D\u00e9bora Giorgi, se\u00f1al\u00f3 que \u00abla falta de seriedad en el manejo del sector energ\u00e9tico compromete la soberan\u00eda futura de la Argentina\u00bb.<br><br>La realidad es que, detr\u00e1s del marketing pol\u00edtico, los n\u00fameros no cerraban. La planta de GNL requer\u00eda inversiones multimillonarias, infraestructura portuaria avanzada y acuerdos regulatorios que Milei, obsesionado con su cruzada antiestatal, nunca se preocup\u00f3 en construir. \u00abLa idea de hacer un megaproyecto energ\u00e9tico desmantelando todas las instituciones del Estado argentino es como querer fabricar un Ferrari en el medio del desierto\u00bb, ironiz\u00f3 el periodista econ\u00f3mico Alfredo Zaiat en su columna dominical en P\u00e1gina 12.<br><br>Mientras tanto, R\u00edo Negro queda atrapada en la resaca de una promesa incumplida. El gobierno provincial, liderado por Alberto Weretilneck, hab\u00eda celebrado el anuncio como una oportunidad hist\u00f3rica de desarrollo industrial, pero ahora enfrenta la desilusi\u00f3n y la necesidad de explicar por qu\u00e9 apost\u00f3 a un proyecto que, en realidad, nunca tuvo cimientos s\u00f3lidos. La desinversi\u00f3n no solo golpea a una provincia que hab\u00eda puesto expectativas en el proyecto, sino que pone en evidencia una vez m\u00e1s la fragilidad del discurso \u00abmeritocr\u00e1tico\u00bb que Milei proclama en cada aparici\u00f3n p\u00fablica.<br><br>El enfrentamiento entre Milei y Kicillof, que parec\u00eda un choque de modelos econ\u00f3micos en torno al futuro del GNL, termina siendo una met\u00e1fora de una administraci\u00f3n nacional que prefiere librar batallas ideol\u00f3gicas en Twitter antes que garantizar obras concretas. \u00abMilei prometi\u00f3 libertades, pero entrega frustraciones\u00bb, titul\u00f3 mordazmente el portal El Destape en una nota reciente.<br><br>La ca\u00edda del proyecto de GNL no es un hecho aislado: es la consecuencia l\u00f3gica de un modelo de gesti\u00f3n que desprecia la planificaci\u00f3n estrat\u00e9gica, rompe puentes con los actores locales y cede espacios claves del desarrollo nacional a la especulaci\u00f3n financiera y la improvisaci\u00f3n discursiva. En un pa\u00eds que necesita inversiones reales y generaci\u00f3n de empleo de calidad, Javier Milei opta por ofrecer humo en lugar de futuro.<br><br>As\u00ed, mientras la Patagonia sigue esperando un proyecto que ya ni figura en los planes oficiales, el presidente se dedica a festejar \u00edndices financieros moment\u00e1neos que poco tienen que ver con la vida real de la poblaci\u00f3n. El GNL en R\u00edo Negro queda como otro recordatorio de que, para el gobierno libertario, el pa\u00eds real no importa: lo \u00fanico que cuenta es alimentar su relato vac\u00edo de contenido.<\/p>\n","protected":false},"excerpt":{"rendered":"<p>El espejismo libertario que nunca lleg\u00f3. Tras meses de anuncios rimbombantes y promesas de inversi\u00f3n, el gobierno de Javier Milei reconoce que no habr\u00e1 planta de GNL en R\u00edo Negro. El proyecto que desat\u00f3 tensiones con Axel Kicillof termina en otro fracaso de gesti\u00f3n. La tan promocionada planta de gas natural licuado en R\u00edo Negro,&#8230;<\/p>\n","protected":false},"author":9,"featured_media":3742,"comment_status":"open","ping_status":"open","sticky":false,"template":"","format":"standard","meta":{"_monsterinsights_skip_tracking":false,"_monsterinsights_sitenote_active":false,"_monsterinsights_sitenote_note":"","_monsterinsights_sitenote_category":0,"footnotes":"","jetpack_publicize_message":"","jetpack_publicize_feature_enabled":true,"jetpack_social_post_already_shared":true,"jetpack_social_options":{"image_generator_settings":{"template":"highway","default_image_id":0,"font":"","enabled":false},"version":2}},"categories":[3],"tags":[238,45],"class_list":["post-3743","post","type-post","status-publish","format-standard","has-post-thumbnail","hentry","category-economia","tag-axel-kicillof","tag-milei"],"jetpack_publicize_connections":[],"_links":{"self":[{"href":"https:\/\/www.enorsai.com\/noticias\/wp-json\/wp\/v2\/posts\/3743","targetHints":{"allow":["GET"]}}],"collection":[{"href":"https:\/\/www.enorsai.com\/noticias\/wp-json\/wp\/v2\/posts"}],"about":[{"href":"https:\/\/www.enorsai.com\/noticias\/wp-json\/wp\/v2\/types\/post"}],"author":[{"embeddable":true,"href":"https:\/\/www.enorsai.com\/noticias\/wp-json\/wp\/v2\/users\/9"}],"replies":[{"embeddable":true,"href":"https:\/\/www.enorsai.com\/noticias\/wp-json\/wp\/v2\/comments?post=3743"}],"version-history":[{"count":0,"href":"https:\/\/www.enorsai.com\/noticias\/wp-json\/wp\/v2\/posts\/3743\/revisions"}],"wp:featuredmedia":[{"embeddable":true,"href":"https:\/\/www.enorsai.com\/noticias\/wp-json\/wp\/v2\/media\/3742"}],"wp:attachment":[{"href":"https:\/\/www.enorsai.com\/noticias\/wp-json\/wp\/v2\/media?parent=3743"}],"wp:term":[{"taxonomy":"category","embeddable":true,"href":"https:\/\/www.enorsai.com\/noticias\/wp-json\/wp\/v2\/categories?post=3743"},{"taxonomy":"post_tag","embeddable":true,"href":"https:\/\/www.enorsai.com\/noticias\/wp-json\/wp\/v2\/tags?post=3743"}],"curies":[{"name":"wp","href":"https:\/\/api.w.org\/{rel}","templated":true}]}}