{"id":3735,"date":"2025-04-27T21:50:20","date_gmt":"2025-04-28T00:50:20","guid":{"rendered":"https:\/\/www.enorsai.com\/noticias\/politica\/lombardi-el-regreso-de-un-candidato-marcado-por-despidos-de-trabajadores-y-una-fuerte-contradiccion-fiscal\/"},"modified":"2025-04-27T21:50:20","modified_gmt":"2025-04-28T00:50:20","slug":"lombardi-el-regreso-de-un-candidato-marcado-por-despidos-de-trabajadores-y-una-fuerte-contradiccion-fiscal","status":"publish","type":"post","link":"https:\/\/www.enorsai.com\/noticias\/politica\/lombardi-el-regreso-de-un-candidato-marcado-por-despidos-de-trabajadores-y-una-fuerte-contradiccion-fiscal\/","title":{"rendered":"Lombardi: El regreso de un candidato marcado por despidos de trabajadores y una fuerte contradicci\u00f3n fiscal"},"content":{"rendered":"\n<p><strong><em>Hern\u00e1n Lombardi, figura emblem\u00e1tica del PRO y actual ministro de Desarrollo Econ\u00f3mico de la Ciudad de Buenos Aires, vuelve a la escena pol\u00edtica porte\u00f1a con promesas de reducci\u00f3n impositiva.<\/em><\/strong> <\/p>\n\n\n\n<p>Sin embargo, su historial en la gesti\u00f3n p\u00fablica, especialmente durante el gobierno de Mauricio Macri, plantea serias dudas sobre su compromiso con el bienestar ciudadano y la coherencia de sus propuestas.<\/p>\n\n\n\n<p><br><br>Un legado de despidos masivos<br><br>Durante su gesti\u00f3n al frente del Sistema Federal de Medios y Contenidos P\u00fablicos, Lombardi implement\u00f3 un brutal plan de despidos masivos en la agencia estatal de noticias T\u00e9lam, afectando a 357 trabajadores, cerca del 40% de la planta. Esta medida fue ampliamente criticada y posteriormente declarada ilegal por la Justicia, que orden\u00f3 la reincorporaci\u00f3n de los empleados cesanteados.<br><br>La falta de cumplimiento del Procedimiento Preventivo de Crisis, obligatorio en casos de despidos colectivos, evidenci\u00f3 una gesti\u00f3n insensible y alejada del marco legal, que dej\u00f3 a cientos de familias en la calle bajo la l\u00f3gica del ajuste.<\/p>\n\n\n\n<p><br><br>Promesas fiscales en un contexto de contradicci\u00f3n<br><br>Ahora, Lombardi asume el cargo de ministro de Desarrollo Econ\u00f3mico porte\u00f1o con la promesa de \u00abbajar impuestos\u00bb y mejorar la infraestructura p\u00fablica. Sin embargo, esta propuesta resulta profundamente contradictoria: el PRO gobierna la Ciudad de Buenos Aires hace m\u00e1s de 16 a\u00f1os, y en ese per\u00edodo, los impuestos y tasas no dejaron de crecer.<br><br>Resulta llamativo que quienes fueron responsables de uno de los sistemas impositivos m\u00e1s regresivos ahora pretendan instalarse como adalides de la baja tributaria. M\u00e1s que una propuesta seria, parece una estrategia de campa\u00f1a desesperada.<\/p>\n\n\n\n<p><br><br>Una gesti\u00f3n marcada por la precarizaci\u00f3n<br><br>Adem\u00e1s de los despidos en T\u00e9lam, la gesti\u00f3n de Lombardi se caracteriz\u00f3 por el vaciamiento sistem\u00e1tico de los medios p\u00fablicos. Se cerraron portales web en ingl\u00e9s y portugu\u00e9s, se discontinuaron transmisiones de Radio T\u00e9lam y se redujo dr\u00e1sticamente la cantidad de corresponsal\u00edas en el interior del pa\u00eds, dejando a varias provincias sin cobertura period\u00edstica (Fuente: Wikipedia).<br><br>Estas acciones no solo atentaron contra el derecho a la comunicaci\u00f3n, sino que tambi\u00e9n reflejaron una visi\u00f3n elitista y centralista que despreci\u00f3 el federalismo y la diversidad de voces en los medios.<br><br><br><br>El regreso de Hern\u00e1n Lombardi a un cargo ejecutivo en la Ciudad de Buenos Aires invita a una reflexi\u00f3n cr\u00edtica. Su historial de gesti\u00f3n, marcado por el ajuste, la insensibilidad social y las promesas vac\u00edas, muestra que su verdadera prioridad nunca fue ni ser\u00e1 el bienestar de los porte\u00f1os.<br><br>Prometer bajar impuestos despu\u00e9s de 16 a\u00f1os de aumentarlos es una tomada de pelo. Y presentarse como renovador quien fue s\u00edmbolo de despidos y vaciamiento estatal, un acto de cinismo pol\u00edtico.<\/p>\n","protected":false},"excerpt":{"rendered":"<p>Hern\u00e1n Lombardi, figura emblem\u00e1tica del PRO y actual ministro de Desarrollo Econ\u00f3mico de la Ciudad de Buenos Aires, vuelve a la escena pol\u00edtica porte\u00f1a con promesas de reducci\u00f3n impositiva. Sin embargo, su historial en la gesti\u00f3n p\u00fablica, especialmente durante el gobierno de Mauricio Macri, plantea serias dudas sobre su compromiso con el bienestar ciudadano y&#8230;<\/p>\n","protected":false},"author":9,"featured_media":3734,"comment_status":"open","ping_status":"open","sticky":false,"template":"","format":"standard","meta":{"_monsterinsights_skip_tracking":false,"_monsterinsights_sitenote_active":false,"_monsterinsights_sitenote_note":"","_monsterinsights_sitenote_category":0,"footnotes":"","jetpack_publicize_message":"","jetpack_publicize_feature_enabled":true,"jetpack_social_post_already_shared":true,"jetpack_social_options":{"image_generator_settings":{"template":"highway","default_image_id":0,"font":"","enabled":false},"version":2}},"categories":[2],"tags":[1362,616],"class_list":["post-3735","post","type-post","status-publish","format-standard","has-post-thumbnail","hentry","category-politica","tag-hernan-lombardi","tag-pro"],"jetpack_publicize_connections":[],"_links":{"self":[{"href":"https:\/\/www.enorsai.com\/noticias\/wp-json\/wp\/v2\/posts\/3735","targetHints":{"allow":["GET"]}}],"collection":[{"href":"https:\/\/www.enorsai.com\/noticias\/wp-json\/wp\/v2\/posts"}],"about":[{"href":"https:\/\/www.enorsai.com\/noticias\/wp-json\/wp\/v2\/types\/post"}],"author":[{"embeddable":true,"href":"https:\/\/www.enorsai.com\/noticias\/wp-json\/wp\/v2\/users\/9"}],"replies":[{"embeddable":true,"href":"https:\/\/www.enorsai.com\/noticias\/wp-json\/wp\/v2\/comments?post=3735"}],"version-history":[{"count":0,"href":"https:\/\/www.enorsai.com\/noticias\/wp-json\/wp\/v2\/posts\/3735\/revisions"}],"wp:featuredmedia":[{"embeddable":true,"href":"https:\/\/www.enorsai.com\/noticias\/wp-json\/wp\/v2\/media\/3734"}],"wp:attachment":[{"href":"https:\/\/www.enorsai.com\/noticias\/wp-json\/wp\/v2\/media?parent=3735"}],"wp:term":[{"taxonomy":"category","embeddable":true,"href":"https:\/\/www.enorsai.com\/noticias\/wp-json\/wp\/v2\/categories?post=3735"},{"taxonomy":"post_tag","embeddable":true,"href":"https:\/\/www.enorsai.com\/noticias\/wp-json\/wp\/v2\/tags?post=3735"}],"curies":[{"name":"wp","href":"https:\/\/api.w.org\/{rel}","templated":true}]}}