{"id":3733,"date":"2025-04-27T19:17:09","date_gmt":"2025-04-27T22:17:09","guid":{"rendered":"https:\/\/www.enorsai.com\/noticias\/politica\/no-me-quemes-patricia-bullrich-termino-usando-el-funeral-de-francisco-para-pasear-por-roma\/"},"modified":"2025-04-28T05:23:03","modified_gmt":"2025-04-28T08:23:03","slug":"no-me-quemes-patricia-bullrich-termino-usando-el-funeral-de-francisco-para-pasear-por-roma","status":"publish","type":"post","link":"https:\/\/www.enorsai.com\/noticias\/politica\/no-me-quemes-patricia-bullrich-termino-usando-el-funeral-de-francisco-para-pasear-por-roma\/","title":{"rendered":"\u00a1No me quem\u00e9s! Patricia Bullrich termin\u00f3 usando el funeral de Francisco para pasear por Roma"},"content":{"rendered":"\n<p>Turismo VIP con fondos p\u00fablicos: Patricia Bullrich y el show en el funeral del Papa. La ministra de Seguridad viaj\u00f3 al Vaticano para representar al gobierno argentino, pero termin\u00f3 usando el evento para pasear por Roma en plena crisis nacional.<br><br>Patricia Bullrich lo hizo otra vez.<br>La ministra de Seguridad, que ostenta el cargo m\u00e1s delicado en materia de orden interno en un pa\u00eds devastado social y econ\u00f3micamente, utiliz\u00f3 un viaje de representaci\u00f3n oficial para transformar su paso por Roma en una postal tur\u00edstica de privilegio. En el marco del funeral del Papa Francisco \u2014una figura amada y respetada por amplios sectores populares de Argentina\u2014, Bullrich no solo asisti\u00f3 como parte de la delegaci\u00f3n, sino que aprovech\u00f3 su estad\u00eda para recorrer sitios emblem\u00e1ticos, disfrutar de la gastronom\u00eda italiana y exhibirse en actividades alejadas de cualquier protocolo institucional.<br><br>Las im\u00e1genes no tardaron en multiplicarse. Fotograf\u00edas casuales, testimonios de transe\u00fantes y publicaciones en redes sociales dieron cuenta de su presencia en zonas tur\u00edsticas, caf\u00e9s, restaurantes y paseos de compras. La ministra, indiferente al dolor de millones de argentinos que atraviesan la peor recesi\u00f3n de los \u00faltimos 20 a\u00f1os, mostr\u00f3 sin pudor una conducta que bordea la obscenidad pol\u00edtica: turismo de lujo, solventado con recursos del Estado, mientras en Argentina la miseria, el desempleo y la violencia se expanden.<br><br>Un s\u00edmbolo de la casta que jur\u00f3 combatir<br><br>El gobierno de Javier Milei, del que Bullrich forma parte como espada bruta, hizo campa\u00f1a prometiendo el fin de los privilegios de \u00abla casta\u00bb. Sin embargo, sus principales figuras han demostrado reiteradamente que la supuesta austeridad solo se aplica hacia abajo: a los trabajadores, jubilados, cient\u00edficos y docentes que ven sus ingresos pulverizados. Para la c\u00fapula pol\u00edtica, en cambio, siguen existiendo los viajes en primera clase, los vi\u00e1ticos millonarios, las comitivas innecesarias y los fines de semana extendidos en el exterior.<br><br>La actitud de Patricia Bullrich no es una excepci\u00f3n; es la regla. Cada viaje oficial es una excusa para un paseo personal. Cada acto de Estado, una oportunidad para la autopromoci\u00f3n. Esta conducta, adem\u00e1s de cuestionable en t\u00e9rminos \u00e9ticos, constituye un p\u00e9simo mensaje pol\u00edtico: mientras se pide \u00absacrificio\u00bb a la sociedad, los funcionarios disfrutan de privilegios medievales.<br><br>Funeral o puesta en escena<br><br>El funeral del Papa Francisco representaba una ocasi\u00f3n solemne. El l\u00edder espiritual argentino, m\u00e1s all\u00e1 de cualquier diferencia ideol\u00f3gica, es una figura que convoc\u00f3 a miles de fieles, l\u00edderes mundiales y jefes de Estado. Argentina ten\u00eda el deber de rendir homenaje con respeto, sobriedad y dignidad.<br>Patricia Bullrich, lejos de encarnar esa actitud, utiliz\u00f3 el viaje como una oportunidad de exhibici\u00f3n personal. De las pocas im\u00e1genes oficiales que trascendieron, ninguna refleja un verdadero compromiso institucional: ni gestos de recogimiento, ni declaraciones relevantes, ni diplomacia activa. Solo presencia pasiva y, acto seguido, el turismo expl\u00edcito.<br><br>Ni siquiera el dolor colectivo pudo atemperar el narcisismo pol\u00edtico. El mismo narcisismo que la ministra cultiva desde hace a\u00f1os, priorizando su imagen por sobre cualquier consideraci\u00f3n p\u00fablica.<br><br>El costo de los caprichos ministeriales<br><br>M\u00e1s all\u00e1 del debate moral, la cuesti\u00f3n material tambi\u00e9n es relevante. \u00bfQui\u00e9n financi\u00f3 el viaje? \u00bfQui\u00e9n pag\u00f3 los hoteles de lujo, las comidas, los traslados, los d\u00edas adicionales de estad\u00eda? Como siempre en estos casos, la respuesta es sencilla: el pueblo argentino.<br><br>Mientras el gobierno recorta jubilaciones, cierra programas de salud mental, despide empleados p\u00fablicos y paraliza becas universitarias, los viajes personales de los ministros siguen saliendo del bolsillo de los contribuyentes.<br>El doble est\u00e1ndar es brutal: ajuste para el pueblo, privilegios para la elite pol\u00edtica que dec\u00eda venir a terminar con los privilegios.<br><br>Bullrich, adem\u00e1s, no es una funcionaria m\u00e1s. Es la responsable de garantizar la seguridad interna. En un pa\u00eds que registra un crecimiento alarmante del delito, las redes de narcotr\u00e1fico, la violencia institucional y la protesta social por hambre, resulta insultante que su m\u00e1xima autoridad de Seguridad dedique d\u00edas enteros a actividades personales en Europa.<br><br>El desprecio a los s\u00edmbolos nacionales<br><br>Patricia Bullrich no solo exhibi\u00f3 frivolidad en su viaje. Tambi\u00e9n dej\u00f3 en evidencia un profundo desprecio hacia los s\u00edmbolos nacionales que no encajan en su visi\u00f3n ideol\u00f3gica. Francisco, tantas veces atacado por el sector ultraliberal al que hoy pertenece Bullrich, fue para ella una simple excusa. No hay respeto genuino, no hay duelo, no hay pertenencia. Solo una oportunidad m\u00e1s de figurar, de pasear, de consumir.<br><br>Para un pa\u00eds que sufre la desintegraci\u00f3n social y la p\u00e9rdida de sus principales referencias simb\u00f3licas, la ausencia de un verdadero gesto institucional de sus m\u00e1ximas autoridades resulta devastadora. No solo se deteriora la econom\u00eda; tambi\u00e9n se erosiona el alma colectiva.<br><br>\u00bfQui\u00e9n le pone l\u00edmite?<br><br>La pregunta que queda flotando tras este nuevo esc\u00e1ndalo es evidente: \u00bfqui\u00e9n controla el uso de fondos p\u00fablicos en los viajes oficiales? \u00bfQui\u00e9n rinde cuentas?<br>En el gobierno libertario, que promueve la desregulaci\u00f3n y el desmantelamiento del Estado, nadie parece estar dispuesto a controlar nada, salvo los salarios de los trabajadores y las universidades p\u00fablicas.<br><br>Patricia Bullrich no es la excepci\u00f3n. Es el ejemplo m\u00e1s perfecto de la impunidad que impera en la nueva Argentina: ministros que pasean mientras el pa\u00eds se incendia. Funcionarios que hablan de \u00ablibertad\u00bb mientras viven a expensas del erario p\u00fablico. Y una elite que, en nombre de una supuesta revoluci\u00f3n, reproduce las peores pr\u00e1cticas de la vieja pol\u00edtica.<br><br>Nada nuevo bajo el sol romano.<br><br>Fuente:<\/p>\n\n\n\n<ul class=\"wp-block-list\">\n<li>https:\/\/www.perfil.com\/noticias\/politica\/desde-la-fontana-di-trevi-bullrich-defiende-la-austeridad-y-evita-polemizar-por-el-gas-pimienta.phtml<\/li>\n<\/ul>\n","protected":false},"excerpt":{"rendered":"<p>Turismo VIP con fondos p\u00fablicos: Patricia Bullrich y el show en el funeral del Papa. La ministra de Seguridad viaj\u00f3 al Vaticano para representar al gobierno argentino, pero termin\u00f3 usando el evento para pasear por Roma en plena crisis nacional. Patricia Bullrich lo hizo otra vez.La ministra de Seguridad, que ostenta el cargo m\u00e1s delicado&#8230;<\/p>\n","protected":false},"author":2,"featured_media":3732,"comment_status":"open","ping_status":"open","sticky":false,"template":"","format":"standard","meta":{"_monsterinsights_skip_tracking":false,"_monsterinsights_sitenote_active":false,"_monsterinsights_sitenote_note":"","_monsterinsights_sitenote_category":0,"footnotes":"","jetpack_publicize_message":"","jetpack_publicize_feature_enabled":true,"jetpack_social_post_already_shared":true,"jetpack_social_options":{"image_generator_settings":{"template":"highway","default_image_id":0,"font":"","enabled":false},"version":2}},"categories":[1286,2],"tags":[262,1330,431],"class_list":["post-3733","post","type-post","status-publish","format-standard","has-post-thumbnail","hentry","category-destacadas","category-politica","tag-bullrich","tag-francisco","tag-patricia-bullrich"],"jetpack_publicize_connections":[],"_links":{"self":[{"href":"https:\/\/www.enorsai.com\/noticias\/wp-json\/wp\/v2\/posts\/3733","targetHints":{"allow":["GET"]}}],"collection":[{"href":"https:\/\/www.enorsai.com\/noticias\/wp-json\/wp\/v2\/posts"}],"about":[{"href":"https:\/\/www.enorsai.com\/noticias\/wp-json\/wp\/v2\/types\/post"}],"author":[{"embeddable":true,"href":"https:\/\/www.enorsai.com\/noticias\/wp-json\/wp\/v2\/users\/2"}],"replies":[{"embeddable":true,"href":"https:\/\/www.enorsai.com\/noticias\/wp-json\/wp\/v2\/comments?post=3733"}],"version-history":[{"count":1,"href":"https:\/\/www.enorsai.com\/noticias\/wp-json\/wp\/v2\/posts\/3733\/revisions"}],"predecessor-version":[{"id":3736,"href":"https:\/\/www.enorsai.com\/noticias\/wp-json\/wp\/v2\/posts\/3733\/revisions\/3736"}],"wp:featuredmedia":[{"embeddable":true,"href":"https:\/\/www.enorsai.com\/noticias\/wp-json\/wp\/v2\/media\/3732"}],"wp:attachment":[{"href":"https:\/\/www.enorsai.com\/noticias\/wp-json\/wp\/v2\/media?parent=3733"}],"wp:term":[{"taxonomy":"category","embeddable":true,"href":"https:\/\/www.enorsai.com\/noticias\/wp-json\/wp\/v2\/categories?post=3733"},{"taxonomy":"post_tag","embeddable":true,"href":"https:\/\/www.enorsai.com\/noticias\/wp-json\/wp\/v2\/tags?post=3733"}],"curies":[{"name":"wp","href":"https:\/\/api.w.org\/{rel}","templated":true}]}}