{"id":3701,"date":"2025-04-26T12:33:44","date_gmt":"2025-04-26T15:33:44","guid":{"rendered":"https:\/\/www.enorsai.com\/noticias\/sociedad\/devesa-despide-a-40-trabajadores-y-crece-la-angustia-social-en-azul\/"},"modified":"2025-04-26T12:33:44","modified_gmt":"2025-04-26T15:33:44","slug":"devesa-despide-a-40-trabajadores-y-crece-la-angustia-social-en-azul","status":"publish","type":"post","link":"https:\/\/www.enorsai.com\/noticias\/sociedad\/devesa-despide-a-40-trabajadores-y-crece-la-angustia-social-en-azul\/","title":{"rendered":"Devesa despide a 40 trabajadores y crece la angustia social en Azul"},"content":{"rendered":"\n<p><strong>La planta frigor\u00edfica, que se jacta de su compromiso con el empleo, dej\u00f3 en la calle a decenas de familias. Fuerte malestar en la ciudad bonaerense.<\/strong><\/p>\n\n\n\n<p>Mientras la crisis golpea a la industria c\u00e1rnica, Devesa, uno de los principales frigor\u00edficos de Azul, ech\u00f3 a 40 trabajadores sin previo aviso. La situaci\u00f3n revela el abismo entre los discursos de \u201ccompromiso\u201d empresarial y la dura realidad que atraviesan los obreros.<\/p>\n\n\n\n<p>El ajuste econ\u00f3mico sigue dejando un tendal de familias en la calle. Esta vez, el golpe se sinti\u00f3 con fuerza en Azul, donde el frigor\u00edfico Devesa \u2013uno de los principales motores de empleo de la regi\u00f3n\u2013 decidi\u00f3 despedir a 40 trabajadores de manera abrupta.<\/p>\n\n\n\n<p>La noticia se conoci\u00f3 este viernes a trav\u00e9s de un video grabado dentro de la planta, en el que un operario visiblemente afectado confirm\u00f3 que fueron informados de su desvinculaci\u00f3n: \u00abNos dijeron que a partir del lunes no entramos m\u00e1s\u00bb. El video, que r\u00e1pidamente se viraliz\u00f3 en redes sociales, expone la angustia y la incertidumbre que atraviesan los trabajadores y sus familias. \u00abQu\u00e9 ciudad. Est\u00e1 Argentina, papi&#8230;\u00bb, remat\u00f3 el obrero, en una frase cargada de resignaci\u00f3n y bronca.<\/p>\n\n\n\n<p>El frigor\u00edfico Devesa, que opera bajo la marca Azul Natural Beef, cuenta con una de las plantas m\u00e1s modernas de la regi\u00f3n: una superficie de 15.000 m\u00b2, corrales de 1.200 m\u00b2, capacidad de faena de 900 animales diarios y un almacenamiento de hasta 3.000 toneladas de carne refrigerada. En su portal institucional, la empresa se presenta como un \u00abreferente de calidad\u00bb que emplea a 950 personas y que sostiene \u201cel respeto, la honestidad y el compromiso\u201d como valores centrales.<\/p>\n\n\n\n<p>Sin embargo, los recientes despidos desnudan el brutal contraste entre el relato empresarial y la realidad que atraviesan los trabajadores. Mientras en su carta de presentaci\u00f3n aseguran que su capital m\u00e1s valioso es su gente, la decisi\u00f3n de dejar a 40 familias en la calle sin explicaci\u00f3n oficial pinta un cuadro muy diferente.<\/p>\n\n\n\n<p>El impacto de esta medida no se limita a la planta: Azul es una ciudad con una econom\u00eda altamente dependiente de industrias como la c\u00e1rnica, y cualquier ajuste tiene efectos directos en el comercio local, los servicios y la estabilidad social. Por ahora, la empresa no emiti\u00f3 ning\u00fan comunicado explicando los motivos de los despidos, lo que alimenta a\u00fan m\u00e1s la indignaci\u00f3n de los trabajadores y la preocupaci\u00f3n de toda la comunidad.<\/p>\n\n\n\n<p>Este episodio se suma a una larga lista de cierres, despidos y ajustes que se vienen registrando en el sector industrial de la provincia de Buenos Aires, en un contexto de crisis econ\u00f3mica y ausencia de pol\u00edticas de protecci\u00f3n al empleo. Mientras tanto, en Azul, la incertidumbre reina, y cientos de familias esperan respuestas que, hasta ahora, brillan por su ausencia.<\/p>\n","protected":false},"excerpt":{"rendered":"<p>La planta frigor\u00edfica, que se jacta de su compromiso con el empleo, dej\u00f3 en la calle a decenas de familias. Fuerte malestar en la ciudad bonaerense. Mientras la crisis golpea a la industria c\u00e1rnica, Devesa, uno de los principales frigor\u00edficos de Azul, ech\u00f3 a 40 trabajadores sin previo aviso. La situaci\u00f3n revela el abismo entre&#8230;<\/p>\n","protected":false},"author":1,"featured_media":3700,"comment_status":"open","ping_status":"open","sticky":false,"template":"","format":"standard","meta":{"_monsterinsights_skip_tracking":false,"_monsterinsights_sitenote_active":false,"_monsterinsights_sitenote_note":"","_monsterinsights_sitenote_category":0,"footnotes":"","jetpack_publicize_message":"","jetpack_publicize_feature_enabled":true,"jetpack_social_post_already_shared":true,"jetpack_social_options":{"image_generator_settings":{"template":"highway","default_image_id":0,"font":"","enabled":false},"version":2}},"categories":[4],"tags":[1359,43,1358,1306],"class_list":["post-3701","post","type-post","status-publish","format-standard","has-post-thumbnail","hentry","category-sociedad","tag-azul","tag-crisis","tag-desmpleo","tag-trabajo"],"jetpack_publicize_connections":[],"_links":{"self":[{"href":"https:\/\/www.enorsai.com\/noticias\/wp-json\/wp\/v2\/posts\/3701","targetHints":{"allow":["GET"]}}],"collection":[{"href":"https:\/\/www.enorsai.com\/noticias\/wp-json\/wp\/v2\/posts"}],"about":[{"href":"https:\/\/www.enorsai.com\/noticias\/wp-json\/wp\/v2\/types\/post"}],"author":[{"embeddable":true,"href":"https:\/\/www.enorsai.com\/noticias\/wp-json\/wp\/v2\/users\/1"}],"replies":[{"embeddable":true,"href":"https:\/\/www.enorsai.com\/noticias\/wp-json\/wp\/v2\/comments?post=3701"}],"version-history":[{"count":0,"href":"https:\/\/www.enorsai.com\/noticias\/wp-json\/wp\/v2\/posts\/3701\/revisions"}],"wp:featuredmedia":[{"embeddable":true,"href":"https:\/\/www.enorsai.com\/noticias\/wp-json\/wp\/v2\/media\/3700"}],"wp:attachment":[{"href":"https:\/\/www.enorsai.com\/noticias\/wp-json\/wp\/v2\/media?parent=3701"}],"wp:term":[{"taxonomy":"category","embeddable":true,"href":"https:\/\/www.enorsai.com\/noticias\/wp-json\/wp\/v2\/categories?post=3701"},{"taxonomy":"post_tag","embeddable":true,"href":"https:\/\/www.enorsai.com\/noticias\/wp-json\/wp\/v2\/tags?post=3701"}],"curies":[{"name":"wp","href":"https:\/\/api.w.org\/{rel}","templated":true}]}}