{"id":3699,"date":"2025-04-26T09:41:32","date_gmt":"2025-04-26T12:41:32","guid":{"rendered":"https:\/\/www.enorsai.com\/noticias\/mundo\/el-adios-a-francisco-nadie-se-salva-solo\/"},"modified":"2025-04-26T09:41:32","modified_gmt":"2025-04-26T12:41:32","slug":"el-adios-a-francisco-nadie-se-salva-solo","status":"publish","type":"post","link":"https:\/\/www.enorsai.com\/noticias\/mundo\/el-adios-a-francisco-nadie-se-salva-solo\/","title":{"rendered":"El adi\u00f3s a Francisco: \u00abNadie se salva s\u00f3lo\u00bb"},"content":{"rendered":"\n<p><strong><em>El cardenal Giovanni Battista Re presidi\u00f3 la misa funeral en la Plaza San Pedro, donde record\u00f3 a Francisco como el Papa de la misericordia, la paz y la fraternidad universal.<\/em><\/strong><br><br>La Plaza San Pedro se convirti\u00f3 en un oc\u00e9ano de fe y memoria. Miles de personas se congregaron para despedir al papa Francisco, el primer pont\u00edfice argentino y latinoamericano, cuya huella transform\u00f3 la historia reciente de la Iglesia y del mundo.<br><br>La misa exequial fue presidida por el cardenal Giovanni Battista Re, decano del Colegio Cardenalicio, quien pronunci\u00f3 una homil\u00eda cargada de emotividad y gratitud. \u00abEstamos reunidos en torno a sus restos mortales con el coraz\u00f3n triste, pero sostenidos por las certezas de la fe\u00bb, expres\u00f3 Re, destacando la masiva manifestaci\u00f3n de amor popular que invadi\u00f3 Roma durante los d\u00edas de duelo.<br><br>Francisco, cuyo verdadero nombre era Jorge Mario Bergoglio, eligi\u00f3 vivir su misi\u00f3n hasta el extremo. Con su salud deteriorada, todav\u00eda el pasado Domingo de Pascua imparti\u00f3 su \u00faltima bendici\u00f3n desde el papam\u00f3vil, neg\u00e1ndose a retirarse del contacto con su pueblo. \u201cEligi\u00f3 recorrer el camino de la entrega hasta el \u00faltimo d\u00eda de su vida terrenal\u201d, subray\u00f3 el cardenal.<br><br>Durante la ceremonia, se repasaron los pilares esenciales del pontificado de Francisco: la defensa irrestricta de los pobres y los migrantes, la promoci\u00f3n de la fraternidad humana y el cuidado del planeta, expresado en enc\u00edclicas que marcaron una \u00e9poca: Evangelii Gaudium, Laudato si&#8217;, y Fratelli Tutti.<br><br>\u00abNadie se salva solo\u00bb, record\u00f3 Re, citando una de las frases que mejor sintetizan el pensamiento de Francisco. En tiempos de guerras, exclusiones y muros que separan a los pueblos, su llamado a \u00abconstruir puentes y no muros\u00bb reson\u00f3 con m\u00e1s fuerza que nunca entre los presentes y en todo el mundo.<br><br>Francisco fue, sobre todo, un Papa de cercan\u00eda. Re lo defini\u00f3 como \u00abun Papa en medio de la gente, con el coraz\u00f3n abierto hacia todos\u00bb, alguien que eligi\u00f3 renunciar a los lujos del Palacio Apost\u00f3lico para habitar la austera residencia de Santa Marta, que abraz\u00f3 a enfermos, refugiados y presos, y que siempre pidi\u00f3: \u201cNo se olviden de rezar por m\u00ed\u201d.<br><br>Hoy, tras su partida, esas palabras encuentran una nueva resonancia. Como dijo Re para cerrar la misa: \u201cQuerido Papa Francisco, ahora te pedimos a ti que reces por nosotros y que desde el cielo bendigas a la Iglesia, bendigas a Roma y al mundo entero\u201d.<br><br>El legado de Francisco no termina con su muerte: permanece vivo en cada gesto de misericordia, en cada llamado a la paz, en cada acto de amor hacia los olvidados del sistema. La semilla que sembr\u00f3 en su pueblo no dejar\u00e1 de dar frutos.<br><br>Hoy, mientras las campanas de Roma repican su adi\u00f3s, el mundo entero le responde con un rezo inmenso: gracias, Francisco.<\/p>\n","protected":false},"excerpt":{"rendered":"<p>El cardenal Giovanni Battista Re presidi\u00f3 la misa funeral en la Plaza San Pedro, donde record\u00f3 a Francisco como el Papa de la misericordia, la paz y la fraternidad universal. La Plaza San Pedro se convirti\u00f3 en un oc\u00e9ano de fe y memoria. Miles de personas se congregaron para despedir al papa Francisco, el primer&#8230;<\/p>\n","protected":false},"author":12,"featured_media":3698,"comment_status":"open","ping_status":"open","sticky":false,"template":"","format":"standard","meta":{"_monsterinsights_skip_tracking":false,"_monsterinsights_sitenote_active":false,"_monsterinsights_sitenote_note":"","_monsterinsights_sitenote_category":0,"footnotes":"","jetpack_publicize_message":"","jetpack_publicize_feature_enabled":true,"jetpack_social_post_already_shared":true,"jetpack_social_options":{"image_generator_settings":{"template":"highway","default_image_id":0,"font":"","enabled":false},"version":2}},"categories":[7],"tags":[1330],"class_list":["post-3699","post","type-post","status-publish","format-standard","has-post-thumbnail","hentry","category-mundo","tag-francisco"],"jetpack_publicize_connections":[],"_links":{"self":[{"href":"https:\/\/www.enorsai.com\/noticias\/wp-json\/wp\/v2\/posts\/3699","targetHints":{"allow":["GET"]}}],"collection":[{"href":"https:\/\/www.enorsai.com\/noticias\/wp-json\/wp\/v2\/posts"}],"about":[{"href":"https:\/\/www.enorsai.com\/noticias\/wp-json\/wp\/v2\/types\/post"}],"author":[{"embeddable":true,"href":"https:\/\/www.enorsai.com\/noticias\/wp-json\/wp\/v2\/users\/12"}],"replies":[{"embeddable":true,"href":"https:\/\/www.enorsai.com\/noticias\/wp-json\/wp\/v2\/comments?post=3699"}],"version-history":[{"count":0,"href":"https:\/\/www.enorsai.com\/noticias\/wp-json\/wp\/v2\/posts\/3699\/revisions"}],"wp:featuredmedia":[{"embeddable":true,"href":"https:\/\/www.enorsai.com\/noticias\/wp-json\/wp\/v2\/media\/3698"}],"wp:attachment":[{"href":"https:\/\/www.enorsai.com\/noticias\/wp-json\/wp\/v2\/media?parent=3699"}],"wp:term":[{"taxonomy":"category","embeddable":true,"href":"https:\/\/www.enorsai.com\/noticias\/wp-json\/wp\/v2\/categories?post=3699"},{"taxonomy":"post_tag","embeddable":true,"href":"https:\/\/www.enorsai.com\/noticias\/wp-json\/wp\/v2\/tags?post=3699"}],"curies":[{"name":"wp","href":"https:\/\/api.w.org\/{rel}","templated":true}]}}