{"id":3682,"date":"2025-04-25T08:34:02","date_gmt":"2025-04-25T11:34:02","guid":{"rendered":"https:\/\/www.enorsai.com\/noticias\/?p=3682"},"modified":"2025-04-25T08:34:02","modified_gmt":"2025-04-25T11:34:02","slug":"interna-feroz-las-traiciones-y-compras-de-candidatos-en-el-ocaso-del-macrismo","status":"publish","type":"post","link":"https:\/\/www.enorsai.com\/noticias\/politica\/interna-feroz-las-traiciones-y-compras-de-candidatos-en-el-ocaso-del-macrismo\/","title":{"rendered":"Interna feroz: Las traiciones y compras de candidatos en el ocaso del macrismo"},"content":{"rendered":"\n<p>Mientras Javier Milei insiste en absorber al PRO, Mauricio Macri responde con frases filosas y una advertencia brutal sobre la \u201ccompra\u201d de dirigentes. La guerra fr\u00eda entre ambos escala a fuego cruzado.<\/p>\n\n\n\n<p>Las tensiones entre el presidente Javier Milei y el exmandatario Mauricio Macri alcanzan su punto m\u00e1s cr\u00edtico. Acusaciones de corrupci\u00f3n, reproches por el manejo pol\u00edtico y un acuerdo bonaerense empantanado exponen el choque entre dos modelos de poder. En el centro del conflicto, el \u201ctri\u00e1ngulo de hierro\u201d que rodea al libertario y el colapso de una fusi\u00f3n pol\u00edtica que ya no disimula su fracaso.<\/p>\n\n\n\n<hr class=\"wp-block-separator has-alpha-channel-opacity\"\/>\n\n\n\n<p>En pol\u00edtica, los silencios suelen decir m\u00e1s que las declaraciones, pero cuando los protagonistas deciden hablar, lo hacen a los gritos. As\u00ed ocurri\u00f3 en esta \u00faltima semana, en la que Javier Milei y Mauricio Macri rompieron con cualquier atisbo de prudencia para arrastrar a la opini\u00f3n p\u00fablica a una interna que ya no se cocina a fuego lento, sino a llama viva. El tel\u00f3n de fondo es claro: una disputa sin retorno por la conducci\u00f3n de la derecha argentina, con epicentro en la provincia de Buenos Aires y la ciudad de Buenos Aires. Pero lo que subyace es una pelea por el poder desnudo, sin filtros, sin disimulo y sin lealtades.<\/p>\n\n\n\n<p>El intento de fusi\u00f3n entre La Libertad Avanza y el PRO se ha convertido en una comedia de enredos donde el gui\u00f3n lo reescriben los egos. Lejos de consolidar una alianza program\u00e1tica, el proyecto se pudre en su propio cinismo. El PRO teme ser fagocitado por un oficialismo err\u00e1tico que gobierna con impulsos mesi\u00e1nicos. La Libertad Avanza, por su parte, no quiere socios: busca subordinados. Y en esa tensi\u00f3n irreconciliable, la interna se transforma en espect\u00e1culo de decadencia.<\/p>\n\n\n\n<p>La escena se desat\u00f3 en dos frentes: por un lado, Karina Milei \u2014la secretaria general de la Presidencia y arquitecta electoral del oficialismo\u2014 convoc\u00f3 a dirigentes del PRO con la expectativa de encarrilar un acuerdo provincial. Del otro lado, Mauricio Macri, parapetado en su basti\u00f3n de Balcarce, lanz\u00f3 una frase que golpe\u00f3 como un misil: \u201cLos dirigentes que ten\u00edan precio ya fueron comprados, los que quedamos tenemos valores\u201d.<\/p>\n\n\n\n<p>Esa declaraci\u00f3n no s\u00f3lo fue un mazazo a la moral de los que ya cruzaron de vereda, sino una forma de encender fuego sobre las operaciones del oficialismo. La respuesta de Milei, previsible por su estilo provocador, no tard\u00f3 en llegar: \u201cQue traiga la factura, que la muestre\u201d. Un intento burdo de banalizar una acusaci\u00f3n grave, como si el sistema pol\u00edtico argentino fuera una g\u00f3ndola de supermercado donde se exhiben dirigentes en oferta.<\/p>\n\n\n\n<p>Pero el trasfondo es mucho m\u00e1s oscuro. Porque lo que Milei intenta naturalizar como parte del juego es, en realidad, una operaci\u00f3n de absorci\u00f3n descarada, donde el oficialismo utiliza recursos del Estado y presiones informales para fragmentar al PRO. Una pr\u00e1ctica que recuerda a lo peor de la pol\u00edtica que Milei jur\u00f3 combatir. El \u201cnuevo orden\u201d libertario es, en verdad, una reedici\u00f3n c\u00ednica del viejo clientelismo, s\u00f3lo que con acento en d\u00f3lares y ret\u00f3rica incendiaria.<\/p>\n\n\n\n<p>La incomodidad se extiende. El presidente del PRO en la provincia de Buenos Aires, Cristian Ritondo, aparece atrapado en el fuego cruzado. Por momentos act\u00faa como vocero del entendimiento, por otros como reh\u00e9n de una estructura que se desmorona. Trece intendentes del PRO fueron al b\u00fanker libertario en San Telmo para presionar por un acuerdo. Pero se volvieron con las manos vac\u00edas y una promesa postergada: una cumbre en quince d\u00edas con 300 concejales. Una escenograf\u00eda m\u00e1s cercana al marketing electoral que a la construcci\u00f3n de una coalici\u00f3n pol\u00edtica seria.<\/p>\n\n\n<ul class=\"wp-block-latest-posts__list is-grid columns-3 wp-block-latest-posts\"><li><div class=\"wp-block-latest-posts__featured-image\"><img loading=\"lazy\" decoding=\"async\" width=\"150\" height=\"150\" src=\"https:\/\/www.enorsai.com\/noticias\/wp-content\/uploads\/2026\/03\/8M-Milei-ataca-al-feminismo-como-un-viejo-machirulo-150x150.png\" class=\"attachment-thumbnail size-thumbnail wp-post-image\" alt=\"\" style=\"\" \/><\/div><a class=\"wp-block-latest-posts__post-title\" href=\"https:\/\/www.enorsai.com\/noticias\/politica\/derrumbe-total-mas-del-70-de-los-argentinos-rechaza-a-milei-y-su-casta\/\">Derrumbe total: m\u00e1s del 70% de los argentinos rechaza a Milei y su casta<\/a><\/li>\n<li><div class=\"wp-block-latest-posts__featured-image\"><img loading=\"lazy\" decoding=\"async\" width=\"150\" height=\"150\" src=\"https:\/\/www.enorsai.com\/noticias\/wp-content\/uploads\/2025\/07\/20250704-gas-150x150.webp\" class=\"attachment-thumbnail size-thumbnail wp-post-image\" alt=\"\" style=\"\" \/><\/div><a class=\"wp-block-latest-posts__post-title\" href=\"https:\/\/www.enorsai.com\/noticias\/politica\/milei-lo-hizo-hay-desabastecimiento-de-gas-y-limitan-la-venta-de-gnc\/\">Milei lo hizo: hay desabastecimiento de gas y limitan la venta de GNC<\/a><\/li>\n<li><div class=\"wp-block-latest-posts__featured-image\"><img loading=\"lazy\" decoding=\"async\" width=\"150\" height=\"150\" src=\"https:\/\/www.enorsai.com\/noticias\/wp-content\/uploads\/2026\/04\/kicillof-salud-150x150.jpg\" class=\"attachment-thumbnail size-thumbnail wp-post-image\" alt=\"\" style=\"\" \/><\/div><a class=\"wp-block-latest-posts__post-title\" href=\"https:\/\/www.enorsai.com\/noticias\/sociedad\/salud\/kicillof-refuerza-la-entrega-de-medicamentos-ante-el-ajuste-de-milei\/\">Kicillof refuerza la entrega de medicamentos ante el ajuste de Milei<\/a><\/li>\n<\/ul>\n\n\n<p>En paralelo, Macri eligi\u00f3 la Quinta Secci\u00f3n Electoral para disparar otra advertencia, esta vez m\u00e1s estructural: \u201cTodav\u00eda no hemos escuchado claramente un mensaje de vocaci\u00f3n de hacer una alianza de partidos\u201d. El exmandatario no s\u00f3lo cuestiona el fondo del proyecto libertario, sino tambi\u00e9n su forma de conducci\u00f3n. Apunta directamente al llamado \u201ctri\u00e1ngulo de hierro\u201d: Karina Milei, Santiago Caputo y el propio Milei. Tres figuras que concentran el poder con una l\u00f3gica cerrada, sin contrapesos, ni vocaci\u00f3n de institucionalidad.<\/p>\n\n\n\n<p>Y all\u00ed se encuentra el verdadero eje de esta disputa: la idea de alianza que cada uno sostiene. Para Macri, debe construirse con base en valores, acuerdos y programas. Para Milei, debe cimentarse sobre la sumisi\u00f3n, la fidelidad personal y la fusi\u00f3n sin condiciones. No se trata, por lo tanto, de una negociaci\u00f3n pol\u00edtica. Se trata de una batalla por el modelo de dominaci\u00f3n. Y en esa batalla, Macri parece haber comprendido que su capital pol\u00edtico est\u00e1 siendo devorado por una l\u00f3gica autocr\u00e1tica.<\/p>\n\n\n\n<p>La tensi\u00f3n tambi\u00e9n se manifiesta en los roles institucionales. Macri, con mirada cr\u00edtica, se\u00f1al\u00f3 que Karina Milei es \u201cla \u00fanica responsable del sistema partidario libertario\u201d. Una forma elegante de decir que el Presidente ha delegado todo en su hermana y en su \u201ccerebro\u201d Santiago Caputo, reduciendo la pol\u00edtica a un experimento de laboratorio. La Casa Rosada, lejos de desmentirlo, lo confirma: \u201cNo hay posibilidad de una alianza como quiere Macri. Es fusi\u00f3n o nada\u201d. Es decir, una invitaci\u00f3n a la disoluci\u00f3n de la identidad del PRO en una fuerza que no admite matices.<\/p>\n\n\n\n<p>Ese es el punto de quiebre. Porque mientras el libertarismo avanza con su l\u00f3gica de arrasamiento, el PRO se desangra entre la resistencia y la capitulaci\u00f3n. La frase de Macri, en ese contexto, no es s\u00f3lo una denuncia. Es tambi\u00e9n una autodefensa desesperada: \u201cNosotros vamos a poner todo lo mejor que tenemos. Me da la sensaci\u00f3n que a todos los que ten\u00edan precio ya los compraron, ac\u00e1 no hay gente con precio, hay gente con valores\u201d.<\/p>\n\n\n\n<p>Pero, \u00bfcu\u00e1les son esos valores? \u00bfAcaso el PRO, partido que sostuvo el endeudamiento criminal con el FMI y el vaciamiento del Estado durante cuatro a\u00f1os, puede hoy presentarse como reserva moral? El discurso de Macri, por momentos, huele a oportunismo, a intento de recuperar centralidad frente a un Milei que lo ignora, lo minimiza y lo provoca.<\/p>\n\n\n\n<p>Porque si algo ha quedado claro en esta interna es que Milei no quiere socios, quiere subordinados. Lo dej\u00f3 expl\u00edcito al referirse a Axel Kicillof como \u201cel sovi\u00e9tico, comunista, bolchevique\u201d que debe ser derrotado en provincia de Buenos Aires. Para el libertario, el enemigo est\u00e1 claro. Y todo lo que no se someta a su voluntad es parte del problema.<\/p>\n\n\n\n<p>La pol\u00edtica argentina vive una etapa de descomposici\u00f3n acelerada. La pelea entre Macri y Milei no es un debate sobre ideas. Es una disputa de poder cruda, sin principios, donde se trafican lealtades y se compran voluntades. El futuro de la derecha est\u00e1 en disputa, pero el da\u00f1o al sistema institucional ya est\u00e1 hecho.<\/p>\n\n\n\n<p>En esta guerra entre egos y operaciones, la democracia se reduce a una mesa de p\u00f3ker donde cada jugador apuesta su capital sin mirar las consecuencias. Y mientras tanto, el pa\u00eds espera \u2014una vez m\u00e1s\u2014 que alguien se ocupe de gobernar.<\/p>\n\n\n\n<p>Fuente:<\/p>\n\n\n\n<ul class=\"wp-block-list\">\n<li><a href=\"https:\/\/www.infobae.com\/politica\/2025\/04\/25\/la-acida-respuesta-de-milei-a-las-acusaciones-por-las-fugas-del-pro-y-la-frase-de-macri-dirigida-contra-el-triangulo-de-hierro\/\">https:\/\/www.infobae.com\/politica\/2025\/04\/25\/la-acida-respuesta-de-milei-a-las-acusaciones-por-las-fugas-del-pro-y-la-frase-de-macri-dirigida-contra-el-triangulo-de-hierro\/<\/a><\/li>\n<\/ul>\n\n\n\n<p><\/p>\n","protected":false},"excerpt":{"rendered":"<p>Mientras Javier Milei insiste en absorber al PRO, Mauricio Macri responde con frases filosas y una advertencia brutal sobre la \u201ccompra\u201d de dirigentes. La guerra fr\u00eda entre ambos escala a fuego cruzado. Las tensiones entre el presidente Javier Milei y el exmandatario Mauricio Macri alcanzan su punto m\u00e1s cr\u00edtico. Acusaciones de corrupci\u00f3n, reproches por el&#8230;<\/p>\n","protected":false},"author":1,"featured_media":3683,"comment_status":"open","ping_status":"open","sticky":false,"template":"","format":"standard","meta":{"_monsterinsights_skip_tracking":false,"_monsterinsights_sitenote_active":false,"_monsterinsights_sitenote_note":"","_monsterinsights_sitenote_category":0,"footnotes":"","jetpack_publicize_message":"","jetpack_publicize_feature_enabled":true,"jetpack_social_post_already_shared":true,"jetpack_social_options":{"image_generator_settings":{"template":"highway","default_image_id":0,"font":"","enabled":false},"version":2}},"categories":[2],"tags":[],"class_list":["post-3682","post","type-post","status-publish","format-standard","has-post-thumbnail","hentry","category-politica"],"jetpack_publicize_connections":[],"_links":{"self":[{"href":"https:\/\/www.enorsai.com\/noticias\/wp-json\/wp\/v2\/posts\/3682","targetHints":{"allow":["GET"]}}],"collection":[{"href":"https:\/\/www.enorsai.com\/noticias\/wp-json\/wp\/v2\/posts"}],"about":[{"href":"https:\/\/www.enorsai.com\/noticias\/wp-json\/wp\/v2\/types\/post"}],"author":[{"embeddable":true,"href":"https:\/\/www.enorsai.com\/noticias\/wp-json\/wp\/v2\/users\/1"}],"replies":[{"embeddable":true,"href":"https:\/\/www.enorsai.com\/noticias\/wp-json\/wp\/v2\/comments?post=3682"}],"version-history":[{"count":1,"href":"https:\/\/www.enorsai.com\/noticias\/wp-json\/wp\/v2\/posts\/3682\/revisions"}],"predecessor-version":[{"id":3684,"href":"https:\/\/www.enorsai.com\/noticias\/wp-json\/wp\/v2\/posts\/3682\/revisions\/3684"}],"wp:featuredmedia":[{"embeddable":true,"href":"https:\/\/www.enorsai.com\/noticias\/wp-json\/wp\/v2\/media\/3683"}],"wp:attachment":[{"href":"https:\/\/www.enorsai.com\/noticias\/wp-json\/wp\/v2\/media?parent=3682"}],"wp:term":[{"taxonomy":"category","embeddable":true,"href":"https:\/\/www.enorsai.com\/noticias\/wp-json\/wp\/v2\/categories?post=3682"},{"taxonomy":"post_tag","embeddable":true,"href":"https:\/\/www.enorsai.com\/noticias\/wp-json\/wp\/v2\/tags?post=3682"}],"curies":[{"name":"wp","href":"https:\/\/api.w.org\/{rel}","templated":true}]}}