{"id":3679,"date":"2025-04-25T07:54:09","date_gmt":"2025-04-25T10:54:09","guid":{"rendered":"https:\/\/www.enorsai.com\/noticias\/?p=3679"},"modified":"2025-04-25T07:54:09","modified_gmt":"2025-04-25T10:54:09","slug":"persecucion-echaron-del-conicet-a-un-cientifico-critico-del-ajuste-de-milei","status":"publish","type":"post","link":"https:\/\/www.enorsai.com\/noticias\/politica\/persecucion-echaron-del-conicet-a-un-cientifico-critico-del-ajuste-de-milei\/","title":{"rendered":"Persecuci\u00f3n: echaron del CONICET a un cient\u00edfico critico del ajuste de Milei"},"content":{"rendered":"\n<p>Por orden de Daniel Salamone, el CONICET decidi\u00f3 remover a Pablo Alabarces, Investigador Superior, del cargo de Coordinador de la Junta de Calificaci\u00f3n y Promoci\u00f3n del \u00e1rea de Ciencias Sociales. El antecedente de Manuel Garc\u00eda Sol\u00e1.<\/p>\n\n\n\n<p>El CONICET tom\u00f3 la decisi\u00f3n de remover a Pablo Alabarces, Profesor de la Facultad de Ciencias Sociales e Investigador Superior de CONICET, del cargo de Coordinador de la Junta de Calificaci\u00f3n y Promoci\u00f3n del \u00e1rea de Ciencias Sociales y Humanidades tras haber planteado una serie de cr\u00edticas a la gesti\u00f3n de Daniel Salamone.<\/p>\n\n\n\n<p>Alabarces hab\u00eda planteado una serie de cr\u00edticas a la orientaci\u00f3n pol\u00edtica seguida por la direcci\u00f3n del organismo, que hoy conduce Daniel Salamone, el hombre elegido por Javier Milei para implementar el ajuste al sistema cient\u00edfico y a las universidades.<\/p>\n\n\n\n<p>Desde ATE Conicet sostuvieron que \u201cen un contexto de estigmatizaci\u00f3n p\u00fablica y persecuci\u00f3n contra investigadores e investigadoras de esa \u00e1rea, resulta muy preocupante que se tomen este tipo de medidas que apuntan a acallar las voces cr\u00edticas\u201d.<\/p>\n\n\n\n<p>Lamentablemente no es la primera vez que pasa, algo similar sucedi\u00f3 con un miembro del Directorio, Manuel Garc\u00eda Sol\u00e1, quien fue obligado a renunciar frente a una situaci\u00f3n similar.<\/p>\n\n\n\n<p>Por Eduardo Porto @periferiacts<\/p>\n","protected":false},"excerpt":{"rendered":"<p>Por orden de Daniel Salamone, el CONICET decidi\u00f3 remover a Pablo Alabarces, Investigador Superior, del cargo de Coordinador de la Junta de Calificaci\u00f3n y Promoci\u00f3n del \u00e1rea de Ciencias Sociales. El antecedente de Manuel Garc\u00eda Sol\u00e1. El CONICET tom\u00f3 la decisi\u00f3n de remover a Pablo Alabarces, Profesor de la Facultad de Ciencias Sociales e Investigador&#8230;<\/p>\n","protected":false},"author":5,"featured_media":3680,"comment_status":"open","ping_status":"open","sticky":false,"template":"","format":"standard","meta":{"_monsterinsights_skip_tracking":false,"_monsterinsights_sitenote_active":false,"_monsterinsights_sitenote_note":"","_monsterinsights_sitenote_category":0,"footnotes":"","jetpack_publicize_message":"","jetpack_publicize_feature_enabled":true,"jetpack_social_post_already_shared":true,"jetpack_social_options":{"image_generator_settings":{"template":"highway","default_image_id":0,"font":"","enabled":false},"version":2}},"categories":[6,2],"tags":[58,252,45],"class_list":["post-3679","post","type-post","status-publish","format-standard","has-post-thumbnail","hentry","category-ciencia-y-tecnologia","category-politica","tag-ajuste","tag-conicet","tag-milei"],"jetpack_publicize_connections":[],"_links":{"self":[{"href":"https:\/\/www.enorsai.com\/noticias\/wp-json\/wp\/v2\/posts\/3679","targetHints":{"allow":["GET"]}}],"collection":[{"href":"https:\/\/www.enorsai.com\/noticias\/wp-json\/wp\/v2\/posts"}],"about":[{"href":"https:\/\/www.enorsai.com\/noticias\/wp-json\/wp\/v2\/types\/post"}],"author":[{"embeddable":true,"href":"https:\/\/www.enorsai.com\/noticias\/wp-json\/wp\/v2\/users\/5"}],"replies":[{"embeddable":true,"href":"https:\/\/www.enorsai.com\/noticias\/wp-json\/wp\/v2\/comments?post=3679"}],"version-history":[{"count":1,"href":"https:\/\/www.enorsai.com\/noticias\/wp-json\/wp\/v2\/posts\/3679\/revisions"}],"predecessor-version":[{"id":3681,"href":"https:\/\/www.enorsai.com\/noticias\/wp-json\/wp\/v2\/posts\/3679\/revisions\/3681"}],"wp:featuredmedia":[{"embeddable":true,"href":"https:\/\/www.enorsai.com\/noticias\/wp-json\/wp\/v2\/media\/3680"}],"wp:attachment":[{"href":"https:\/\/www.enorsai.com\/noticias\/wp-json\/wp\/v2\/media?parent=3679"}],"wp:term":[{"taxonomy":"category","embeddable":true,"href":"https:\/\/www.enorsai.com\/noticias\/wp-json\/wp\/v2\/categories?post=3679"},{"taxonomy":"post_tag","embeddable":true,"href":"https:\/\/www.enorsai.com\/noticias\/wp-json\/wp\/v2\/tags?post=3679"}],"curies":[{"name":"wp","href":"https:\/\/api.w.org\/{rel}","templated":true}]}}