{"id":3672,"date":"2025-04-25T06:11:07","date_gmt":"2025-04-25T09:11:07","guid":{"rendered":"https:\/\/www.enorsai.com\/noticias\/?p=3672"},"modified":"2025-04-25T06:11:07","modified_gmt":"2025-04-25T09:11:07","slug":"el-atentado-que-no-quieren-investigar-rivolo-denuncio-a-capuchetti-por-encubrir-a-milman-y-desviar-la-causa-contra-la-federal","status":"publish","type":"post","link":"https:\/\/www.enorsai.com\/noticias\/politica\/el-atentado-que-no-quieren-investigar-rivolo-denuncio-a-capuchetti-por-encubrir-a-milman-y-desviar-la-causa-contra-la-federal\/","title":{"rendered":"\u00abEl atentado que no quieren investigar\u00bb: R\u00edvolo denunci\u00f3 a Capuchetti por encubrir a Milman y desviar la causa contra la Federal"},"content":{"rendered":"\n<p>El fiscal federal Carlos R\u00edvolo acus\u00f3 a la jueza Mar\u00eda Eugenia Capuchetti de encubrir al diputado del PRO Gerardo Milman y de manipular la causa del atentado contra Cristina Fern\u00e1ndez de Kirchner. La maniobra, que incluy\u00f3 fusionar ilegalmente el expediente que investiga la \u201cpista Milman\u201d con uno vinculado a la Polic\u00eda Federal, fue denunciada como \u201cforum shopping\u201d y \u201cdistorsi\u00f3n del objeto procesal\u201d. Detr\u00e1s de la jugada, se esconde el intento de desviar la atenci\u00f3n del posible autor intelectual del intento de magnicidio hacia agentes de seguridad que ya fueron investigados sin hallarse v\u00ednculos con el hecho.<\/p>\n\n\n\n<p>Desde que comenz\u00f3 la investigaci\u00f3n por el intento de magnicidio a Cristina Fern\u00e1ndez de Kirchner el 1\u00b0 de septiembre de 2022, la jueza Mar\u00eda Eugenia Capuchetti acumul\u00f3 sospechas, errores y maniobras dilatorias que pusieron en duda su imparcialidad. La querella de la expresidenta denunci\u00f3 su proceder en m\u00faltiples oportunidades. Ahora, el fiscal Carlos R\u00edvolo la se\u00f1ala directamente: asegura que la jueza ejecut\u00f3 una jugada para encubrir al diputado Gerardo Milman, fusionando de manera \u201carbitraria e irregular\u201d dos expedientes sin conexi\u00f3n: el que investigaba al legislador, y otro que se refer\u00eda a supuestas fallas de la Polic\u00eda Federal.<\/p>\n\n\n\n<p>La operaci\u00f3n judicial, seg\u00fan R\u00edvolo, no s\u00f3lo desdibuja el rumbo original de la causa \u2013que apuntaba a esclarecer si Milman tuvo alg\u00fan rol como autor intelectual del ataque\u2013 sino que tambi\u00e9n le permite a Capuchetti recuperar el control de una investigaci\u00f3n que ella misma hab\u00eda delegado por estar recusada. La jugada qued\u00f3 expuesta la semana pasada y fue revelada por P\u00e1gina\/12.<\/p>\n\n\n\n<p>La \u00abpista Milman\u00bb surgi\u00f3 cuando un testigo lo escuch\u00f3 decir, dos d\u00edas antes del atentado, en el bar Casablanca: \u201cCuando la maten yo estoy camino a la costa\u201d. Estaba acompa\u00f1ado por dos asesoras, quienes luego mintieron en sus declaraciones y borraron el contenido de sus celulares en una oficina de Patricia Bullrich antes de que se ordenara su secuestro. A pesar de esto, Capuchetti se neg\u00f3 en su momento a allanar, retener tel\u00e9fonos o profundizar la l\u00ednea de investigaci\u00f3n.<\/p>\n\n\n\n<p>R\u00edvolo denuncia ahora que la magistrada intenta sepultar esta pista al fusionarla con un expediente sobre una sanci\u00f3n menor a agentes de la PFA, relacionados a un procedimiento fallido tras el ataque. La decisi\u00f3n, se\u00f1ala el fiscal, es ileg\u00edtima: no hay comunidad de pruebas, ni relaci\u00f3n entre los hechos, ni justificaci\u00f3n procesal alguna.<\/p>\n\n\n\n<p>El fiscal plante\u00f3 que si Capuchetti quisiera investigar posibles irregularidades de la Polic\u00eda Federal \u2013como la tard\u00eda detenci\u00f3n de Brenda Uliarte o la demora en intervenir su tel\u00e9fono\u2013 deber\u00eda extraer testimonios y remitir el caso a otro juez, en nombre del principio de imparcialidad. No hacerlo as\u00ed, dice, es sostener una \u201cmaniobra de forum shopping\u201d que la beneficia a ella misma, en un caso en el que ya fue cuestionada y recusada.<\/p>\n\n\n<ul class=\"wp-block-latest-posts__list is-grid columns-3 wp-block-latest-posts\"><li><div class=\"wp-block-latest-posts__featured-image aligncenter\"><img loading=\"lazy\" decoding=\"async\" width=\"640\" height=\"395\" src=\"https:\/\/www.enorsai.com\/noticias\/wp-content\/uploads\/2025\/07\/20250704-gas.webp\" class=\"attachment-large size-large wp-post-image\" alt=\"\" style=\"\" srcset=\"https:\/\/www.enorsai.com\/noticias\/wp-content\/uploads\/2025\/07\/20250704-gas.webp 760w, https:\/\/www.enorsai.com\/noticias\/wp-content\/uploads\/2025\/07\/20250704-gas-300x185.webp 300w\" sizes=\"auto, (max-width: 640px) 100vw, 640px\" \/><\/div><a class=\"wp-block-latest-posts__post-title\" href=\"https:\/\/www.enorsai.com\/noticias\/politica\/milei-lo-hizo-hay-desabastecimiento-de-gas-y-limitan-la-venta-de-gnc\/\">Milei lo hizo: hay desabastecimiento de gas y limitan la venta de GNC<\/a><\/li>\n<li><div class=\"wp-block-latest-posts__featured-image aligncenter\"><img loading=\"lazy\" decoding=\"async\" width=\"640\" height=\"427\" src=\"https:\/\/www.enorsai.com\/noticias\/wp-content\/uploads\/2026\/04\/kicillof-salud-1024x683.jpg\" class=\"attachment-large size-large wp-post-image\" alt=\"\" style=\"\" srcset=\"https:\/\/www.enorsai.com\/noticias\/wp-content\/uploads\/2026\/04\/kicillof-salud-1024x683.jpg 1024w, https:\/\/www.enorsai.com\/noticias\/wp-content\/uploads\/2026\/04\/kicillof-salud-300x200.jpg 300w, https:\/\/www.enorsai.com\/noticias\/wp-content\/uploads\/2026\/04\/kicillof-salud-768x512.jpg 768w, https:\/\/www.enorsai.com\/noticias\/wp-content\/uploads\/2026\/04\/kicillof-salud-600x400.jpg 600w, https:\/\/www.enorsai.com\/noticias\/wp-content\/uploads\/2026\/04\/kicillof-salud.jpg 1068w\" sizes=\"auto, (max-width: 640px) 100vw, 640px\" \/><\/div><a class=\"wp-block-latest-posts__post-title\" href=\"https:\/\/www.enorsai.com\/noticias\/sociedad\/salud\/kicillof-refuerza-la-entrega-de-medicamentos-ante-el-ajuste-de-milei\/\">Kicillof refuerza la entrega de medicamentos ante el ajuste de Milei<\/a><\/li>\n<li><div class=\"wp-block-latest-posts__featured-image aligncenter\"><img loading=\"lazy\" decoding=\"async\" width=\"640\" height=\"360\" src=\"https:\/\/www.enorsai.com\/noticias\/wp-content\/uploads\/2026\/04\/La-cantidad-de-locales-vacios-crecio-385-en-la-Ciudad-de-Buenos-Aires.png\" class=\"attachment-large size-large wp-post-image\" alt=\"\" style=\"\" srcset=\"https:\/\/www.enorsai.com\/noticias\/wp-content\/uploads\/2026\/04\/La-cantidad-de-locales-vacios-crecio-385-en-la-Ciudad-de-Buenos-Aires.png 960w, https:\/\/www.enorsai.com\/noticias\/wp-content\/uploads\/2026\/04\/La-cantidad-de-locales-vacios-crecio-385-en-la-Ciudad-de-Buenos-Aires-300x169.png 300w, https:\/\/www.enorsai.com\/noticias\/wp-content\/uploads\/2026\/04\/La-cantidad-de-locales-vacios-crecio-385-en-la-Ciudad-de-Buenos-Aires-768x432.png 768w\" sizes=\"auto, (max-width: 640px) 100vw, 640px\" \/><\/div><a class=\"wp-block-latest-posts__post-title\" href=\"https:\/\/www.enorsai.com\/noticias\/economia\/la-cantidad-de-locales-vacios-crecio-385-en-la-ciudad-de-buenos-aires\/\">La cantidad de locales vac\u00edos creci\u00f3 38,5% en la Ciudad de Buenos Aires<\/a><\/li>\n<\/ul>\n\n\n<p>Los jueces de la C\u00e1mara Federal, sin embargo, respaldaron a Capuchetti con una argumentaci\u00f3n formal: dijeron que los jueces pueden delegar o reasumir investigaciones a discreci\u00f3n. El fallo, firmado por Mariano Llorens, Pablo Bertuzzi y Leopoldo Bruglia \u2013todos ellos cercanos al macrismo\u2013 representa un nuevo golpe al intento de esclarecer las responsabilidades detr\u00e1s del atentado a CFK.<\/p>\n\n\n\n<p>En una entrevista reciente, Gerardo Milman se mostr\u00f3 confiado: celebr\u00f3 que Capuchetti volviera a asumir la investigaci\u00f3n y desliz\u00f3 que \u00abpronto se sabr\u00e1 qui\u00e9n le puso la pistola en la mano a Sabag Montiel\u00bb. Insinu\u00f3 incluso la posibilidad de un autoatentado, una teor\u00eda promovida en redes por operadores afines al PRO y ciertos sectores del Poder Judicial.<\/p>\n\n\n\n<p>El fiscal R\u00edvolo descarta esta hip\u00f3tesis. En su escrito record\u00f3 que ya se investigaron todos los v\u00ednculos posibles entre los atacantes y las fuerzas de seguridad, y que no se hallaron nexos. Las pruebas que Capuchetti ahora quiere reflotar ya fueron evaluadas y descartadas.<\/p>\n\n\n\n<p>Desde que CFK fue atacada, la causa estuvo marcada por irregularidades: desde la falta de custodia efectiva hasta la destrucci\u00f3n de pruebas clave, como el tel\u00e9fono del tirador Fernando Sabag Montiel, que fue manipulado sin cadena de custodia. Los testimonios en el juicio oral dejaron muy mal parada a Capuchetti y expusieron negligencias graves. La actual estrategia de la jueza parece ser una huida hacia adelante: correr el eje del debate, desplazar al fiscal inc\u00f3modo y proteger a los propios.<\/p>\n\n\n\n<p>El atentado contra la dos veces presidenta de la Naci\u00f3n es un hecho grav\u00edsimo que, m\u00e1s de dos a\u00f1os despu\u00e9s, sigue sin esclarecerse. Lo que parec\u00eda una l\u00ednea firme hacia los posibles instigadores pol\u00edticos \u2013con Milman en el centro\u2013 se desdibuja entre chicanas judiciales, protecci\u00f3n medi\u00e1tica y maniobras de encubrimiento. Capuchetti, lejos de impulsar la verdad, parece decidida a torcer el rumbo para proteger a un sector del poder.<\/p>\n\n\n\n<p>Mientras tanto, la sociedad asiste at\u00f3nita a un nuevo cap\u00edtulo del pacto de impunidad que envuelve a buena parte del sistema judicial argentino.<\/p>\n\n\n\n<p>Fuente:<\/p>\n\n\n\n<ul class=\"wp-block-list\">\n<li><a href=\"https:\/\/www.pagina12.com.ar\/820795-atentado-a-cfk-el-fiscal-rivolo-apunto-contra-capuchetti-por\">https:\/\/www.pagina12.com.ar\/820795-atentado-a-cfk-el-fiscal-rivolo-apunto-contra-capuchetti-por<\/a><\/li>\n<\/ul>\n","protected":false},"excerpt":{"rendered":"<p>El fiscal R\u00edvolo denunci\u00f3 a la jueza Capuchetti por encubrir al diputado Gerardo Milman en la causa por el atentado a Cristina Kirchner. Acus\u00f3 maniobras ilegales para desviar la investigaci\u00f3n y proteger al PRO. Mientras tanto, la verdad se diluye entre jueces amigos y encubrimiento judicial sistem\u00e1tico.<\/p>\n","protected":false},"author":9,"featured_media":3673,"comment_status":"open","ping_status":"open","sticky":false,"template":"","format":"standard","meta":{"_monsterinsights_skip_tracking":false,"_monsterinsights_sitenote_active":false,"_monsterinsights_sitenote_note":"","_monsterinsights_sitenote_category":0,"footnotes":"","jetpack_publicize_message":"\ud83d\udea8 El fiscal R\u00edvolo denunci\u00f3 a la jueza Capuchetti por encubrir a Milman en la causa del atentado contra Cristina.\n\ud83d\udd73\ufe0f Fusion\u00f3 causas para tapar pruebas.\n\ud83d\uded1 Nunca investigaron el celular del diputado PRO.","jetpack_publicize_feature_enabled":true,"jetpack_social_post_already_shared":false,"jetpack_social_options":{"image_generator_settings":{"template":"highway","enabled":false},"version":2}},"categories":[2],"tags":[1355,1303,1356,98,770,1357,1228,1257,363,72],"class_list":["post-3672","post","type-post","status-publish","format-standard","has-post-thumbnail","hentry","category-politica","tag-atentado","tag-encubrimiento","tag-fiscal","tag-impunidad","tag-judicial","tag-jueza","tag-kirchnerismo","tag-macrismo","tag-peronismo","tag-politica"],"jetpack_publicize_connections":[],"_links":{"self":[{"href":"https:\/\/www.enorsai.com\/noticias\/wp-json\/wp\/v2\/posts\/3672","targetHints":{"allow":["GET"]}}],"collection":[{"href":"https:\/\/www.enorsai.com\/noticias\/wp-json\/wp\/v2\/posts"}],"about":[{"href":"https:\/\/www.enorsai.com\/noticias\/wp-json\/wp\/v2\/types\/post"}],"author":[{"embeddable":true,"href":"https:\/\/www.enorsai.com\/noticias\/wp-json\/wp\/v2\/users\/9"}],"replies":[{"embeddable":true,"href":"https:\/\/www.enorsai.com\/noticias\/wp-json\/wp\/v2\/comments?post=3672"}],"version-history":[{"count":1,"href":"https:\/\/www.enorsai.com\/noticias\/wp-json\/wp\/v2\/posts\/3672\/revisions"}],"predecessor-version":[{"id":3674,"href":"https:\/\/www.enorsai.com\/noticias\/wp-json\/wp\/v2\/posts\/3672\/revisions\/3674"}],"wp:featuredmedia":[{"embeddable":true,"href":"https:\/\/www.enorsai.com\/noticias\/wp-json\/wp\/v2\/media\/3673"}],"wp:attachment":[{"href":"https:\/\/www.enorsai.com\/noticias\/wp-json\/wp\/v2\/media?parent=3672"}],"wp:term":[{"taxonomy":"category","embeddable":true,"href":"https:\/\/www.enorsai.com\/noticias\/wp-json\/wp\/v2\/categories?post=3672"},{"taxonomy":"post_tag","embeddable":true,"href":"https:\/\/www.enorsai.com\/noticias\/wp-json\/wp\/v2\/tags?post=3672"}],"curies":[{"name":"wp","href":"https:\/\/api.w.org\/{rel}","templated":true}]}}