{"id":3669,"date":"2025-04-25T05:37:38","date_gmt":"2025-04-25T08:37:38","guid":{"rendered":"https:\/\/www.enorsai.com\/noticias\/?p=3669"},"modified":"2025-04-25T05:37:38","modified_gmt":"2025-04-25T08:37:38","slug":"desmalvinizar-la-patria-la-embajadora-de-milei-que-propone-claudicar-la-soberania-ante-londres","status":"publish","type":"post","link":"https:\/\/www.enorsai.com\/noticias\/politica\/desmalvinizar-la-patria-la-embajadora-de-milei-que-propone-claudicar-la-soberania-ante-londres\/","title":{"rendered":"Desmalvinizar la Patria: La embajadora de Milei que propone claudicar la soberan\u00eda ante Londres"},"content":{"rendered":"\n<p><strong><em>Javier Milei confirm\u00f3 por decreto el ascenso de Mariana Plaza como embajadora en el Reino Unido, pese a su expl\u00edcita postura de abandonar el reclamo soberano por Malvinas. El giro diplom\u00e1tico desata cr\u00edticas entre veteranos de guerra, diplom\u00e1ticos y legisladores.<\/em><\/strong><\/p>\n\n\n\n<p>La promoci\u00f3n de Plaza y su esposo, tambi\u00e9n designado en Londres, marca un punto de inflexi\u00f3n en la pol\u00edtica exterior argentina: desmalvinizaci\u00f3n oficial, connivencia con las potencias extranjeras y silencio ante las provocaciones brit\u00e1nicas. La causa Malvinas, antes s\u00edmbolo de soberan\u00eda nacional, hoy parece una pieza de cambio en la agenda de Milei.<\/p>\n\n\n\n<p>Javier Milei firm\u00f3 el decreto que oficializa la designaci\u00f3n de Mariana Plaza como embajadora argentina en el Reino Unido, consolidando as\u00ed una de las decisiones m\u00e1s pol\u00e9micas en materia de pol\u00edtica exterior de su gobierno. Plaza, conocida en la Canciller\u00eda como la impulsora de la llamada \u201cdoctrina Plaza\u201d, es la autora intelectual de un enfoque que propone expl\u00edcitamente abandonar el hist\u00f3rico reclamo por la soberan\u00eda argentina sobre las Islas Malvinas. En su lugar, propone una estrategia de cooperaci\u00f3n con los ocupantes brit\u00e1nicos. Y el Presidente no solo la ascendi\u00f3: tambi\u00e9n design\u00f3 a su esposo, Carlos Gonzalo Ort\u00edz de Z\u00e1rate, como segundo al mando en la embajada. Un movimiento diplom\u00e1tico que huele a nepotismo y que confirma que la entrega no es solo ideol\u00f3gica, sino tambi\u00e9n dom\u00e9stica.<\/p>\n\n\n\n<p>Lejos de ser un gesto aislado, la designaci\u00f3n de Plaza encarna un viraje profundo, deliberado y provocador. Mientras el Reino Unido intensifica su presencia militar en las islas mediante ejercicios b\u00e9licos y despliegues que violan la soberan\u00eda nacional, el gobierno argentino elige mirar hacia otro lado. En gestiones anteriores, estas maniobras hubiesen sido condenadas con firmeza en organismos internacionales. Hoy, el silencio es la respuesta. O peor: la complicidad. Porque si algo evidencia esta movida diplom\u00e1tica es que la \u201cdesmalvinizaci\u00f3n\u201d no es un accidente, sino una pol\u00edtica de Estado bajo el gobierno de Milei.<\/p>\n\n\n\n<p>El malestar no tard\u00f3 en estallar. La Confederaci\u00f3n Nacional de Combatientes de Malvinas denunci\u00f3 penalmente a Milei por \u201ctraici\u00f3n a la patria\u201d y exigi\u00f3 juicio pol\u00edtico. Las cr\u00edticas no solo provienen de los veteranos de guerra. En el Senado, la designaci\u00f3n de Plaza cosech\u00f3 24 votos en contra del peronismo, una cifra inusualmente alta para una votaci\u00f3n de ascenso diplom\u00e1tico. Legisladores de la oposici\u00f3n hablaron sin rodeos: esto es una claudicaci\u00f3n en toda regla. Una renuncia a d\u00e9cadas de pol\u00edtica exterior sustentada en el principio innegociable de la soberan\u00eda.<\/p>\n\n\n\n<p>La doctrina Plaza representa exactamente lo contrario. Su l\u00f3gica parte de una rendici\u00f3n preventiva: si Argentina se muestra d\u00f3cil, quiz\u00e1s Londres nos premie con acuerdos de cooperaci\u00f3n econ\u00f3mica, cient\u00edfica o cultural. Bajo esta premisa, el reclamo de soberan\u00eda es un obst\u00e1culo, no una causa nacional. Plaza ha sugerido abiertamente que hay que abandonar la reivindicaci\u00f3n hist\u00f3rica. No es una interpretaci\u00f3n. Es una cita textual.<\/p>\n\n\n\n<p>Pero el problema va m\u00e1s all\u00e1 de una embajadora con ideas extravagantes. La verdadera gravedad radica en que el presidente de la Naci\u00f3n comparte esa visi\u00f3n y la institucionaliza. Porque fue Milei quien, el pasado 2 de abril \u2014fecha emblem\u00e1tica para los ca\u00eddos en Malvinas\u2014, rompi\u00f3 el reclamo hist\u00f3rico al reconocer el derecho a la autodeterminaci\u00f3n de los \u201cmalvinenses\u201d. Una frase cuidadosamente elegida para complacer al Foreign Office brit\u00e1nico y que, al mismo tiempo, pulveriza la l\u00f3gica del reclamo argentino ante la ONU.<\/p>\n\n\n\n<p>Este giro se produce, adem\u00e1s, en un contexto de progresiva desarticulaci\u00f3n del aparato diplom\u00e1tico. La pol\u00edtica exterior del gobierno de Milei, lejos de apuntar a fortalecer la presencia soberana argentina, se obsesiona con cerrar embajadas, desfinanciar representaciones estrat\u00e9gicas y recortar el cuerpo diplom\u00e1tico profesional. Todo esto en nombre del ajuste. Pero la designaci\u00f3n de Plaza y su esposo, en cambio, no tuvo restricciones presupuestarias. Porque cuando se trata de rendirse a las potencias extranjeras, el gobierno de Milei no escatima.<\/p>\n\n\n\n<p>Desde la propia Canciller\u00eda, voces cr\u00edticas se\u00f1alan el impacto institucional de esta maniobra. \u201cEs una verg\u00fcenza que saquen un decreto para una pareja. Eso es m\u00e1s para Jos\u00e9 C. Paz que para Canciller\u00eda\u201d, desliz\u00f3 con sarcasmo un diplom\u00e1tico aliado del oficialismo. Pero el problema no es solo la forma. Es el fondo. La designaci\u00f3n del t\u00e1ndem Plaza-Ort\u00edz de Z\u00e1rate es un mensaje: la Argentina de Milei no reclama, no incomoda, no se planta. Se arrodilla.<\/p>\n\n\n\n<figure class=\"wp-block-embed is-type-wp-embed is-provider-incrustar-wordpress wp-block-embed-incrustar-wordpress\"><div class=\"wp-block-embed__wrapper\">\n<blockquote class=\"wp-embedded-content\" data-secret=\"2aFIOUbMRG\"><a href=\"https:\/\/www.enorsai.com\/noticias\/politica\/la-carta-de-san-martin-donde-solicita-reclutar-hombres-en-malvinas-para-el-ejercito-de-los-andes\/\">La carta de San Mart\u00edn donde solicita reclutar hombres en Malvinas para el Ej\u00e9rcito de los Andes<\/a><\/blockquote><iframe loading=\"lazy\" class=\"wp-embedded-content\" sandbox=\"allow-scripts\" security=\"restricted\" style=\"position: absolute; visibility: hidden;\" title=\"\u00abLa carta de San Mart\u00edn donde solicita reclutar hombres en Malvinas para el Ej\u00e9rcito de los Andes\u00bb \u2014 \" src=\"https:\/\/www.enorsai.com\/noticias\/politica\/la-carta-de-san-martin-donde-solicita-reclutar-hombres-en-malvinas-para-el-ejercito-de-los-andes\/embed\/#?secret=gNm082E1wX#?secret=2aFIOUbMRG\" data-secret=\"2aFIOUbMRG\" width=\"600\" height=\"338\" frameborder=\"0\" marginwidth=\"0\" marginheight=\"0\" scrolling=\"no\"><\/iframe>\n<\/div><\/figure>\n\n\n\n<p>A esta altura, la pregunta no es si el gobierno abandonar\u00e1 la causa Malvinas. La respuesta ya est\u00e1 clara: lo est\u00e1 haciendo. La pregunta es cu\u00e1nto m\u00e1s est\u00e1 dispuesto a entregar. Porque la sumisi\u00f3n no se detiene en las islas. Implica renunciar a una pol\u00edtica exterior aut\u00f3noma, subordin\u00e1ndose a los dictados de Washington y Londres. Implica ceder posiciones en foros internacionales. Implica aceptar el sobrevuelo de aviones militares brit\u00e1nicos en espacio a\u00e9reo argentino sin emitir ni una nota de protesta. Implica, en definitiva, dejar de ser un Estado soberano para convertirse en una sucursal ideol\u00f3gica del mundo anglosaj\u00f3n.<\/p>\n\n\n\n<p>La historia argentina est\u00e1 plagada de gestos de dignidad diplom\u00e1tica. Desde el repudio al ALCA en Mar del Plata hasta la denuncia constante de la militarizaci\u00f3n del Atl\u00e1ntico Sur, los gobiernos democr\u00e1ticos han sostenido, con matices, una postura clara sobre Malvinas. Pero Milei vino a romper esa tradici\u00f3n. A demolerla. Y lo hace con la virulencia de quien desprecia todo s\u00edmbolo nacional que no encaje en su l\u00f3gica de mercado y privatizaci\u00f3n.<\/p>\n\n\n\n<p>El nombramiento de Mariana Plaza es m\u00e1s que un ascenso. Es una declaraci\u00f3n de principios. El principio de que nada es sagrado, ni siquiera la memoria de los ca\u00eddos. El principio de que la soberan\u00eda se negocia, se relativiza, se abandona si resulta inconveniente para los intereses de turno. Es el principio de una Argentina colonizada simb\u00f3lica y diplom\u00e1ticamente. Una Argentina sin reclamos, sin memoria, sin dignidad.<\/p>\n\n\n\n<p>Pero hay algo que este gobierno no puede borrar con decretos: la memoria colectiva. Malvinas no es una bandera vac\u00eda. Es una herida abierta, una deuda pendiente, una causa nacional que trasciende gobiernos. Y aunque Milei intente sepultarla bajo su modelo de relaciones carnales y subordinaci\u00f3n geopol\u00edtica, la historia juzgar\u00e1 su cobard\u00eda. Y tarde o temprano, el reclamo volver\u00e1 a ocupar el lugar que le corresponde: el del orgullo y la resistencia.<\/p>\n\n\n\n<p>Fuentes:<\/p>\n\n\n\n<ul class=\"wp-block-list\">\n<li><a href=\"https:\/\/www.lapoliticaonline.com\/politica\/milei-firmo-el-ascenso-del-embajadora-del-reino-unido-que-quiere-acercarse-al-reino-unido\/\">https:\/\/www.lapoliticaonline.com\/politica\/milei-firmo-el-ascenso-del-embajadora-del-reino-unido-que-quiere-acercarse-al-reino-unido\/<\/a><\/li>\n\n\n\n<li><a href=\"https:\/\/www.enorsai.com\/noticias\/politica\/el-gobierno-designaria-como-embajadora-en-londres-a-mariana-plaza-quien-propone-renunciar-a-las-malvinas\/\">https:\/\/www.enorsai.com\/noticias\/politica\/el-gobierno-designaria-como-embajadora-en-londres-a-mariana-plaza-quien-propone-renunciar-a-las-malvinas\/<\/a><\/li>\n<\/ul>\n","protected":false},"excerpt":{"rendered":"<p>La designaci\u00f3n de Mariana Plaza como embajadora en Londres representa la rendici\u00f3n diplom\u00e1tica de Javier Milei en la causa Malvinas. Mientras el Reino Unido refuerza su presencia militar, el gobierno argentino entrega soberan\u00eda y claudica ante intereses for\u00e1neos, priorizando la sumisi\u00f3n antes que la defensa de la patria.<\/p>\n","protected":false},"author":1,"featured_media":3670,"comment_status":"open","ping_status":"open","sticky":false,"template":"","format":"standard","meta":{"_monsterinsights_skip_tracking":false,"_monsterinsights_sitenote_active":false,"_monsterinsights_sitenote_note":"","_monsterinsights_sitenote_category":0,"footnotes":"","jetpack_publicize_message":"\ud83d\ude21 Javier Milei ascendi\u00f3 a la embajadora que propone abandonar el reclamo por Malvinas. En Londres, Plaza representa la rendici\u00f3n diplom\u00e1tica argentina. Reino Unido militariza, Argentina calla. \u00a1La soberan\u00eda no se negocia!\n\ud83d\udcc9\ud83c\uddec\ud83c\udde7","jetpack_publicize_feature_enabled":true,"jetpack_social_post_already_shared":false,"jetpack_social_options":{"image_generator_settings":{"template":"highway","enabled":false},"version":2}},"categories":[2],"tags":[93,674,675,676,123,45,72,30,1196,939],"class_list":["post-3669","post","type-post","status-publish","format-standard","has-post-thumbnail","hentry","category-politica","tag-argentina","tag-diplomacia","tag-embajadora","tag-londres","tag-malvinas","tag-milei","tag-politica","tag-soberania","tag-sumision","tag-traicion"],"jetpack_publicize_connections":[],"_links":{"self":[{"href":"https:\/\/www.enorsai.com\/noticias\/wp-json\/wp\/v2\/posts\/3669","targetHints":{"allow":["GET"]}}],"collection":[{"href":"https:\/\/www.enorsai.com\/noticias\/wp-json\/wp\/v2\/posts"}],"about":[{"href":"https:\/\/www.enorsai.com\/noticias\/wp-json\/wp\/v2\/types\/post"}],"author":[{"embeddable":true,"href":"https:\/\/www.enorsai.com\/noticias\/wp-json\/wp\/v2\/users\/1"}],"replies":[{"embeddable":true,"href":"https:\/\/www.enorsai.com\/noticias\/wp-json\/wp\/v2\/comments?post=3669"}],"version-history":[{"count":1,"href":"https:\/\/www.enorsai.com\/noticias\/wp-json\/wp\/v2\/posts\/3669\/revisions"}],"predecessor-version":[{"id":3671,"href":"https:\/\/www.enorsai.com\/noticias\/wp-json\/wp\/v2\/posts\/3669\/revisions\/3671"}],"wp:featuredmedia":[{"embeddable":true,"href":"https:\/\/www.enorsai.com\/noticias\/wp-json\/wp\/v2\/media\/3670"}],"wp:attachment":[{"href":"https:\/\/www.enorsai.com\/noticias\/wp-json\/wp\/v2\/media?parent=3669"}],"wp:term":[{"taxonomy":"category","embeddable":true,"href":"https:\/\/www.enorsai.com\/noticias\/wp-json\/wp\/v2\/categories?post=3669"},{"taxonomy":"post_tag","embeddable":true,"href":"https:\/\/www.enorsai.com\/noticias\/wp-json\/wp\/v2\/tags?post=3669"}],"curies":[{"name":"wp","href":"https:\/\/api.w.org\/{rel}","templated":true}]}}