{"id":3663,"date":"2025-04-24T23:32:44","date_gmt":"2025-04-25T02:32:44","guid":{"rendered":"http:\/\/www.enorsai.com\/noticias\/?p=3663"},"modified":"2025-08-06T12:45:56","modified_gmt":"2025-08-06T15:45:56","slug":"discapacidad-fuertes-con-los-debiles","status":"publish","type":"post","link":"https:\/\/www.enorsai.com\/noticias\/sociedad\/discapacidad-fuertes-con-los-debiles\/","title":{"rendered":"Discapacidad: fuertes con los d\u00e9biles"},"content":{"rendered":"\n<p><strong><em>En un contexto de ajuste severo implementado por el gobierno nacional, diversos sectores buscan mitigar el impacto devastador en la calidad de vida y atenci\u00f3n de las miles de personas con discapacidad. Los recortes presupuestarios, los retrasos en los pagos estatales y la creciente precarizaci\u00f3n de los servicios han generado una situaci\u00f3n cr\u00edtica.<\/em><\/strong><\/p>\n\n\n\n<p>Ante esta realidad, el proyecto de Ley de Emergencia en Discapacidad propone declarar el estado de emergencia hasta el 31 de diciembre de 2027, con medidas concretas para regularizar deudas con proveedores, condonar intereses y refinanciar planes, garantizando as\u00ed la continuidad de servicios esenciales que el Estado ha dejado de cubrir efectivamente.<\/p>\n\n\n\n<p>En este escenario complejo, el destacado especialista en Discapacidad, Juan Cruz (Ig @sanmartinjuancruzok), abogado con amplia experiencia en la materia, nos brinda su visi\u00f3n experta sobre la urgencia de aprobar esta Ley en un contexto de severa crisis econ\u00f3mica.<\/p>\n\n\n\n<p>\u00c9l es representante legal de la Escuela Especial Echeverr\u00eda, una instituci\u00f3n que trabaja espec\u00edficamente con estudiantes con autismo, algo poco frecuente debido a la diversidad y complejidad de los apoyos que cada estudiante necesita. Tambi\u00e9n coordina un peque\u00f1o centro de acompa\u00f1antes terap\u00e9uticos que prioriza la calidad en el acompa\u00f1amiento.<\/p>\n\n\n\n<p>No habla desde la teor\u00eda: \u00e9l est\u00e1 en el territorio, en los merenderos, en los comedores. Ah\u00ed es donde se da la verdadera batalla por los derechos.<\/p>\n\n\n\n<figure class=\"wp-block-embed is-type-video is-provider-youtube wp-block-embed-youtube wp-embed-aspect-16-9 wp-has-aspect-ratio\"><div class=\"wp-block-embed__wrapper\">\n<iframe loading=\"lazy\" title=\"Informe de El PAIS de Espa\u00f1a. As\u00ed nos ven afuera...\" width=\"640\" height=\"360\" src=\"https:\/\/www.youtube.com\/embed\/jS3ejfK_kHM?feature=oembed\" frameborder=\"0\" allow=\"accelerometer; autoplay; clipboard-write; encrypted-media; gyroscope; picture-in-picture; web-share\" referrerpolicy=\"strict-origin-when-cross-origin\" allowfullscreen><\/iframe>\n<\/div><\/figure>\n\n\n\n<p><strong>1) \u00bfQu\u00e9 te llev\u00f3 a convertirte en un abogado especializado en discapacidad?<\/strong>                                         De ni\u00f1o conoc\u00ed a un abogado laboralista y, cuando me explic\u00f3 en qu\u00e9 consist\u00eda su trabajo, sent\u00ed que era una causa noble: trabajar como abogado en defensa de las personas, de los empleados.<br>Con el tiempo fui comprendiendo la enorme disparidad que existe entre empleadores y empleados, entre empresas poderosas y trabajadores vulnerables. Eso me reafirm\u00f3 que era una lucha justa. Sin embargo, tambi\u00e9n descubr\u00ed que hay una causa a\u00fan m\u00e1s urgente y valiosa: trabajar por los derechos de una minor\u00eda como lo es la comunidad con discapacidad y sus familias. Lo resumo as\u00ed: creo profundamente que es una pelea que vale la pena dar.<\/p>\n\n\n\n<p><strong>2) \u00bfC\u00f3mo definir\u00edas la actual situaci\u00f3n en la que se encuentra el \u00e1rea de discapacidad?<\/strong>                          La situaci\u00f3n actual del \u00e1rea de discapacidad es <strong>calamitosa<\/strong>. Dolina dir\u00eda \u201cdantesca\u201d y yo sostengo que <strong>conduce directamente a la extinci\u00f3n del sistema de prestaciones b\u00e1sicas y de protecci\u00f3n integral<\/strong>.<\/p>\n\n\n\n<p>Estamos ante un <strong>proceso sistematizado<\/strong> que ataca linealmente en tres frentes:<\/p>\n\n\n\n<ol start=\"1\" class=\"wp-block-list\">\n<li><strong>La imposibilidad de obtener nuevos Certificados \u00danicos de Discapacidad (CUD)<\/strong>.<\/li>\n\n\n\n<li><strong>El no acceso a Incluir Salud<\/strong> (obra social nacional) aun teniendo el CUD: hay un retraso de m\u00e1s de un a\u00f1o y medio, es decir, <strong>unos 500 d\u00edas<\/strong>.<\/li>\n\n\n\n<li><strong>La no asignaci\u00f3n de pensiones no contributivas<\/strong>, sumado a que quienes ya cuentan con ellas est\u00e1n siendo sometidos a <strong>auditor\u00edas cuyo fin no es verificar, sino quitar el beneficio<\/strong>.<\/li>\n<\/ol>\n\n\n\n<p>El propio Gobierno Nacional hab\u00eda anticipado la eliminaci\u00f3n del 33% de las pensiones, y recientemente <strong>celebr\u00f3 que alcanzar\u00e1 el 40%<\/strong>.<\/p>\n\n\n\n<p>Adem\u00e1s del retraso en la certificaci\u00f3n y la negaci\u00f3n de derechos, el ajuste tambi\u00e9n se ve en las prestaciones: si antes las obras sociales cubr\u00edan dos sesiones de psicolog\u00eda, una de fonoaudiolog\u00eda y una de terapia ocupacional por semana, ahora <strong>solo autorizan dos sesiones en total<\/strong>.<\/p>\n\n\n\n<p>Otro ejemplo claro es el recorte en los kil\u00f3metros asignados al transporte: aunque se necesitan m\u00e1s de <strong>1500 km mensuales<\/strong> para cubrir terapias y escuelas, hoy se considera excesivo, <strong>cuando en realidad es insuficiente<\/strong>.<\/p>\n\n\n\n<p>Y finalmente, el \u00faltimo golpe: los <strong>aranceles del nomenclador<\/strong>, es decir, los montos que cobran los profesionales.<br>Estos <strong>se pagan con una demora de hasta 180 d\u00edas<\/strong>, y <strong>no han tenido aumentos reales desde fines de 2023<\/strong>, m\u00e1s all\u00e1 de microajustes entre octubre y diciembre de 2024, que suman apenas de un <strong>2% a 5% en total<\/strong>, frente a una inflaci\u00f3n galopante.<\/p>\n\n\n\n<p>Esto genera una <strong>migraci\u00f3n de profesionales altamente capacitados<\/strong> hacia el \u00e1mbito privado. As\u00ed, las personas con discapacidad <strong>pierden calidad y cantidad de atenci\u00f3n<\/strong>.<br>Ese es un ajuste indirecto y brutal. Porque, aunque nadie se anima a derogar las leyes que protegen a las personas con discapacidad, <strong>s\u00ed est\u00e1n dispuestos a desfinanciarlas<\/strong>.<\/p>\n\n\n\n<p><\/p>\n\n\n\n<p><strong>3) \u00bfPor qu\u00e9 pens\u00e1s que no es un tema de agenda ni del gobierno ni de los medios de comunicaci\u00f3n?<\/strong>Los grandes medios de comunicaci\u00f3n, especialmente los hegem\u00f3nicos \u2014aquellos que facilitaron, por acci\u00f3n u omisi\u00f3n, la llegada de este gobierno\u2014 colaboran activamente para que la emergencia en discapacidad no forme parte de la agenda p\u00fablica. El hecho de que este tema est\u00e9 ausente en el debate nacional responde a los mismos intereses que impulsan el ajuste y la reducci\u00f3n de derechos de las personas. Esta omisi\u00f3n refleja la visi\u00f3n de un pa\u00eds que algunos creen propio, pero al que ni siquiera parecen querer. La motosierra tambi\u00e9n apunta hacia la comunidad con discapacidad, ignorando por completo la angustia que atraviesan miles de familias como consecuencia de estas decisiones sistem\u00e1ticas y orquestadas.<\/p>\n\n\n\n<p><\/p>\n\n\n\n<p><strong>4) \u00bfPor qu\u00e9 hay que declarar la emergencia nacional en materia de discapacidad hasta el 31 de diciembre del 2027?<\/strong>                                                                                                                                       La emergencia en discapacidad ya fue declarada. Ahora es urgente que se sancione una ley que la respalde, bajo la misma l\u00f3gica que la origin\u00f3. Esta ley es fundamental para garantizar la continuidad de las prestaciones y la protecci\u00f3n integral de las personas con discapacidad. Permitir\u00e1 evitar la quita de pensiones, transform\u00e1ndolas en un salario universal compatible con un eventual empleo registrado. Adem\u00e1s, actualizar\u00e1 autom\u00e1ticamente los aranceles de prestadores e instituciones en funci\u00f3n del \u00edndice de precios al consumidor (IPC), equipar\u00e1ndolos con los aumentos de alquileres, por ejemplo. Tambi\u00e9n simplificar\u00e1 el proceso de certificaci\u00f3n de discapacidad, haci\u00e9ndolo m\u00e1s accesible \u2014no gratuito ni facilitado sin criterio, sino m\u00e1s humano. La aprobaci\u00f3n y aplicaci\u00f3n urgente de esta ley es esencial, porque si el Estado no contiene a las personas con discapacidad y a sus familias, \u00bfqu\u00e9 futuro nos espera como sociedad? Pensemos que uno de cada 31 nacimientos corresponde hoy a personas dentro del espectro autista, y la incidencia sigue en aumento. Esta ley es una prioridad ante una de las crisis m\u00e1s graves que enfrentan las minor\u00edas en nuestro pa\u00eds.<\/p>\n\n\n\n<p><\/p>\n\n\n\n<p><strong>5) Hace unas semanas, el gobierno nacional en el Bolet\u00edn Oficial trat\u00f3 de \u00abidiotas\u00bb y \u00abretardados\u00bb a las personas con discapacidad intelectual. \u00bfQu\u00e9 sentiste al respecto?<\/strong>                                                          Los t\u00e9rminos utilizados en esa resoluci\u00f3n \u2014\u00bbidiotas\u00bb, \u00abimb\u00e9ciles\u00bb, \u00abd\u00e9biles mentales\u00bb\u2014 son absolutamente reprochables y nos remiten a paradigmas retr\u00f3grados, discriminatorios y violentos. Pero lo m\u00e1s grave es que esto desv\u00eda el foco del verdadero problema: el desfinanciamiento del sistema. Nos hacen discutir sobre insultos \u2014que, insisto, merecen el mayor repudio\u2014 mientras avanzan sin pausa en pol\u00edticas que destruyen derechos. Nada de esto es ingenuo. Se nos insulta para distraernos, para invisibilizar el ajuste. Es un acto perverso, una estrategia de manipulaci\u00f3n que degrada nuestra condici\u00f3n de sujetos de derecho y oculta las verdaderas intenciones del gobierno.<\/p>\n\n\n\n<p><\/p>\n\n\n\n<p><strong>6) \u00bfPor qu\u00e9 pens\u00e1s que el \u00e1rea de Discapacidad es una de las m\u00e1s afectadas en los recortes que est\u00e1 realizando el gobierno de Javier Milei?<\/strong><br>Porque es m\u00e1s f\u00e1cil recortar donde hay menos poder de reacci\u00f3n. Las personas con discapacidad son percibidas por el gobierno como \u00abcostos\u00bb, no como ciudadanos con derechos. Ajustar en este sector es funcional a una l\u00f3gica de maximizaci\u00f3n del beneficio econ\u00f3mico inmediato, sin considerar el impacto humano. Es indignante que se vulneren derechos b\u00e1sicos cuando existen tratados internacionales firmados por la Rep\u00fablica Argentina que obligan al Estado a garantizar la protecci\u00f3n y promoci\u00f3n de estas poblaciones. No se trata de una opini\u00f3n: es un compromiso legal.<\/p>\n\n\n\n<p><\/p>\n\n\n\n<p><strong>7) \u00bfC\u00f3mo afecta a las familias los recortes en las obras sociales y la falta de respuesta ante la creciente demanda de atenci\u00f3n en el \u00e1mbito de la discapacidad?<br><\/strong>Cada inicio de a\u00f1o se vuelve un verdadero Tetris para las familias con una persona con discapacidad: tr\u00e1mites interminables, autorizaciones m\u00e9dicas, demoras, pagos anticipados mientras se espera respuesta de las obras sociales. Ya de por s\u00ed es un sistema dif\u00edcil. Pero ahora, con los recortes, todo se vuelve insostenible. Muchos centros de d\u00eda \u2014donde las personas con discapacidad pasan gran parte del d\u00eda recibiendo atenci\u00f3n integral\u2014 ya no pueden sostener sus servicios. Se han eliminado prestaciones, incluso aquellas que m\u00e9dicos y profesionales consideraban indispensables. Hoy, cerca del 70% de los servicios que antes se brindaban han desaparecido. \u00bfQu\u00e9 puede hacer una familia frente a esta situaci\u00f3n? Lo que era angustiante, hoy es desesperante. El Estado se retira donde m\u00e1s se lo necesita, dejando a las familias abandonadas, sin contenci\u00f3n ni respuestas.<\/p>\n\n\n\n<p><strong>8) \u00bfCu\u00e1l cre\u00e9s que tiene que ser el rol del resto de la sociedad y del Estado?<br><\/strong>La sociedad tiene que tomar conciencia. Hay quienes conocen de cerca la situaci\u00f3n porque tienen un familiar con discapacidad, y suelen ser emp\u00e1ticos. Pero hay una gran parte de la poblaci\u00f3n que desconoce completamente esta realidad. Ese desconocimiento va a disminuir: el n\u00famero de diagn\u00f3sticos aumenta y cada vez m\u00e1s personas tendr\u00e1n contacto con esta problem\u00e1tica. \u00bfQu\u00e9 va a pasar cuando no haya m\u00e1s escuelas especiales, ni acompa\u00f1antes terap\u00e9uticos, ni centros de d\u00eda, ni profesionales disponibles? No podemos permitir que este sistema desaparezca. La sociedad entera debe asumir que lo que hoy se le quita a una minor\u00eda, ma\u00f1ana puede afectarnos a todos. Y el Estado, por su parte, tiene la obligaci\u00f3n constitucional y \u00e9tica de garantizar los derechos de todos los ciudadanos, especialmente los m\u00e1s vulnerables.<\/p>\n\n\n\n<p><\/p>\n\n\n\n<p><strong>9) \u00bfEs posible pensar que los d\u00f3lares del nuevo pr\u00e9stamo del FMI ser\u00e1n utilizados para resolver los problemas vinculados al desfinanciamiento de tratamientos, la suspensi\u00f3n de terapias y la falta de pago a terapeutas?<\/strong><\/p>\n\n\n\n<p>Estoy convencido de que no. Ese dinero no est\u00e1 destinado a las personas con discapacidad ni a fortalecer el sistema de salud. Tiene otros fines, vinculados a intereses que nada tienen que ver con las verdaderas necesidades de la sociedad. Es un nuevo endeudamiento que, lejos de resolver, profundizar\u00e1 las desigualdades.<\/p>\n\n\n\n<p><\/p>\n\n\n\n<p><strong>10) Con la excusa de las auditor\u00edas, \u00bfel gobierno nacional avanza el ajuste en discapacidad? \u00bfPor qu\u00e9?<br><br><\/strong>S\u00ed. Las auditor\u00edas se est\u00e1n utilizando como una herramienta expulsiva. Se hacen de manera improvisada, pidiendo requisitos inalcanzables, citando a personas a cientos de kil\u00f3metros de su domicilio con muy poco tiempo de anticipaci\u00f3n. Nadie se opone a que haya controles: la transparencia es fundamental. Pero esto no son auditor\u00edas genuinas. Es una pol\u00edtica de ajuste encubierta. Lo que deber\u00eda ser una revisi\u00f3n seria se convierte en una forma de quitar derechos, de cortar pensiones y prestaciones. Recomiendo a las familias que se informen, que consulten modelos de carta documento y que est\u00e9n atentas a posibles notificaciones, incluso si no llegan al domicilio. Este gobierno no ve ciudadanos: ve n\u00fameros, gastos. Y en esa l\u00f3gica perversa, las personas con discapacidad son las m\u00e1s afectadas.<\/p>\n\n\n\n<p><\/p>\n","protected":false},"excerpt":{"rendered":"<p>En un contexto de ajuste brutal, las personas con discapacidad son v\u00edctimas silenciosas del desfinanciamiento estatal. Recortes, demoras en pagos y auditor\u00edas punitivas ponen en riesgo servicios esenciales. El proyecto de Ley de Emergencia en Discapacidad busca revertir esta situaci\u00f3n cr\u00edtica con medidas urgentes y necesarias para proteger derechos b\u00e1sicos.<\/p>\n","protected":false},"author":1,"featured_media":3664,"comment_status":"open","ping_status":"open","sticky":false,"template":"","format":"standard","meta":{"_monsterinsights_skip_tracking":false,"_monsterinsights_sitenote_active":false,"_monsterinsights_sitenote_note":"","_monsterinsights_sitenote_category":0,"footnotes":"","jetpack_publicize_message":"Recortes, abandono y una ley urgente: la situaci\u00f3n de las personas con discapacidad se agrava bajo el ajuste de Javier Milei. El Estado se retira donde m\u00e1s duele.","jetpack_publicize_feature_enabled":true,"jetpack_social_post_already_shared":false,"jetpack_social_options":{"image_generator_settings":{"template":"highway","enabled":false},"version":2}},"categories":[4],"tags":[712,58,69,900,276,854,902,1354,45,249],"class_list":["post-3663","post","type-post","status-publish","format-standard","has-post-thumbnail","hentry","category-sociedad","tag-abandono","tag-ajuste","tag-derechos","tag-discapacidad","tag-educacion","tag-emergencia","tag-exclusion","tag-inclusion","tag-milei","tag-salud"],"jetpack_publicize_connections":[],"_links":{"self":[{"href":"https:\/\/www.enorsai.com\/noticias\/wp-json\/wp\/v2\/posts\/3663","targetHints":{"allow":["GET"]}}],"collection":[{"href":"https:\/\/www.enorsai.com\/noticias\/wp-json\/wp\/v2\/posts"}],"about":[{"href":"https:\/\/www.enorsai.com\/noticias\/wp-json\/wp\/v2\/types\/post"}],"author":[{"embeddable":true,"href":"https:\/\/www.enorsai.com\/noticias\/wp-json\/wp\/v2\/users\/1"}],"replies":[{"embeddable":true,"href":"https:\/\/www.enorsai.com\/noticias\/wp-json\/wp\/v2\/comments?post=3663"}],"version-history":[{"count":3,"href":"https:\/\/www.enorsai.com\/noticias\/wp-json\/wp\/v2\/posts\/3663\/revisions"}],"predecessor-version":[{"id":7246,"href":"https:\/\/www.enorsai.com\/noticias\/wp-json\/wp\/v2\/posts\/3663\/revisions\/7246"}],"wp:featuredmedia":[{"embeddable":true,"href":"https:\/\/www.enorsai.com\/noticias\/wp-json\/wp\/v2\/media\/3664"}],"wp:attachment":[{"href":"https:\/\/www.enorsai.com\/noticias\/wp-json\/wp\/v2\/media?parent=3663"}],"wp:term":[{"taxonomy":"category","embeddable":true,"href":"https:\/\/www.enorsai.com\/noticias\/wp-json\/wp\/v2\/categories?post=3663"},{"taxonomy":"post_tag","embeddable":true,"href":"https:\/\/www.enorsai.com\/noticias\/wp-json\/wp\/v2\/tags?post=3663"}],"curies":[{"name":"wp","href":"https:\/\/api.w.org\/{rel}","templated":true}]}}