{"id":3649,"date":"2025-04-24T08:13:09","date_gmt":"2025-04-24T11:13:09","guid":{"rendered":"https:\/\/www.enorsai.com\/noticias\/?p=3649"},"modified":"2025-04-24T08:13:09","modified_gmt":"2025-04-24T11:13:09","slug":"daniel-arroyo-cargo-contra-milei-por-el-brutal-ajuste-en-discapacidad","status":"publish","type":"post","link":"https:\/\/www.enorsai.com\/noticias\/politica\/daniel-arroyo-cargo-contra-milei-por-el-brutal-ajuste-en-discapacidad\/","title":{"rendered":"Daniel Arroyo carg\u00f3 contra Milei por el brutal ajuste en discapacidad"},"content":{"rendered":"\n<p><strong><em>El legislador de Uni\u00f3n por la Patria preside la comisi\u00f3n de Discapacidad de la C\u00e1mara que la semana que viene dar\u00e1 dictamen al proyecto que declara la emergencia nacional para el sector.<\/em><\/strong><\/p>\n\n\n\n<p>El diputado nacional Daniel Arroyo asegur\u00f3 que el gobierno de Javier Milei \u201cest\u00e1 generando una angustia tremenda con el tema de las pensiones\u201d a las personas con discapacidad.<\/p>\n\n\n\n<p>El legislador de Uni\u00f3n por la Patria preside la comisi\u00f3n de Discapacidad de la C\u00e1mara que la semana que viene dar\u00e1 dictamen al proyecto que declara la emergencia nacional para el sector.<\/p>\n\n\n\n<p>En dialog\u00f3 con FM En Tr\u00e1nsito, cont\u00f3 sobre el desfase que impera en las remuneraciones y presupuestos del sector en distintos rubros, como transportistas de personas para hacer un tratamiento o acompa\u00f1antes terap\u00e9uticos que cobran a los 180 d\u00edas a $3000 la hora.<\/p>\n\n\n\n<p>Tambi\u00e9n critic\u00f3 la forma en la que el gobierno est\u00e1 realizando la auditor\u00eda de las pensiones: \u201cEn vez de hacerlo como corresponde, y es que si hay un m\u00e9dico que hizo much\u00edsimas pensiones, hay que evaluar los casos que trat\u00f3 el m\u00e9dico. No poder en vilo y desesperaci\u00f3n a 1.3000.000 personas mandando cartas documentos, pidi\u00e9ndole datos, haciendo que la gente haga diez horas de cola para mostrar un papelito a la Agencia Nacional de Discapacidad\u201d.<\/p>\n\n\n\n<p>Por Farco Noticias<\/p>\n","protected":false},"excerpt":{"rendered":"<p>El legislador de Uni\u00f3n por la Patria preside la comisi\u00f3n de Discapacidad de la C\u00e1mara que la semana que viene dar\u00e1 dictamen al proyecto que declara la emergencia nacional para el sector. El diputado nacional Daniel Arroyo asegur\u00f3 que el gobierno de Javier Milei \u201cest\u00e1 generando una angustia tremenda con el tema de las pensiones\u201d&#8230;<\/p>\n","protected":false},"author":5,"featured_media":3650,"comment_status":"open","ping_status":"open","sticky":false,"template":"","format":"standard","meta":{"_monsterinsights_skip_tracking":false,"_monsterinsights_sitenote_active":false,"_monsterinsights_sitenote_note":"","_monsterinsights_sitenote_category":0,"footnotes":"","jetpack_publicize_message":"","jetpack_publicize_feature_enabled":true,"jetpack_social_post_already_shared":true,"jetpack_social_options":{"image_generator_settings":{"template":"highway","default_image_id":0,"font":"","enabled":false},"version":2}},"categories":[2],"tags":[58,43,45],"class_list":["post-3649","post","type-post","status-publish","format-standard","has-post-thumbnail","hentry","category-politica","tag-ajuste","tag-crisis","tag-milei"],"jetpack_publicize_connections":[],"_links":{"self":[{"href":"https:\/\/www.enorsai.com\/noticias\/wp-json\/wp\/v2\/posts\/3649","targetHints":{"allow":["GET"]}}],"collection":[{"href":"https:\/\/www.enorsai.com\/noticias\/wp-json\/wp\/v2\/posts"}],"about":[{"href":"https:\/\/www.enorsai.com\/noticias\/wp-json\/wp\/v2\/types\/post"}],"author":[{"embeddable":true,"href":"https:\/\/www.enorsai.com\/noticias\/wp-json\/wp\/v2\/users\/5"}],"replies":[{"embeddable":true,"href":"https:\/\/www.enorsai.com\/noticias\/wp-json\/wp\/v2\/comments?post=3649"}],"version-history":[{"count":1,"href":"https:\/\/www.enorsai.com\/noticias\/wp-json\/wp\/v2\/posts\/3649\/revisions"}],"predecessor-version":[{"id":3651,"href":"https:\/\/www.enorsai.com\/noticias\/wp-json\/wp\/v2\/posts\/3649\/revisions\/3651"}],"wp:featuredmedia":[{"embeddable":true,"href":"https:\/\/www.enorsai.com\/noticias\/wp-json\/wp\/v2\/media\/3650"}],"wp:attachment":[{"href":"https:\/\/www.enorsai.com\/noticias\/wp-json\/wp\/v2\/media?parent=3649"}],"wp:term":[{"taxonomy":"category","embeddable":true,"href":"https:\/\/www.enorsai.com\/noticias\/wp-json\/wp\/v2\/categories?post=3649"},{"taxonomy":"post_tag","embeddable":true,"href":"https:\/\/www.enorsai.com\/noticias\/wp-json\/wp\/v2\/tags?post=3649"}],"curies":[{"name":"wp","href":"https:\/\/api.w.org\/{rel}","templated":true}]}}