{"id":3646,"date":"2025-04-24T06:19:20","date_gmt":"2025-04-24T09:19:20","guid":{"rendered":"https:\/\/www.enorsai.com\/noticias\/?p=3646"},"modified":"2025-04-24T06:19:20","modified_gmt":"2025-04-24T09:19:20","slug":"mientras-se-ajusta-a-jubilados-universidades-y-comedores-manuel-adorni-gasta-30-mil-millones-en-su-aparato-de-propaganda","status":"publish","type":"post","link":"https:\/\/www.enorsai.com\/noticias\/politica\/mientras-se-ajusta-a-jubilados-universidades-y-comedores-manuel-adorni-gasta-30-mil-millones-en-su-aparato-de-propaganda\/","title":{"rendered":"Mientras se ajusta a jubilados, universidades y comedores Manuel Adorni gasta 30 mil millones en su aparato de propaganda"},"content":{"rendered":"\n<p><strong><em>En un pa\u00eds devastado por el ajuste, donde la palabra \u201cmotosierra\u201d se convirti\u00f3 en sin\u00f3nimo de hambre, despidos y destrucci\u00f3n de lo p\u00fablico, hay un \u00e1rea del gobierno de Javier Milei que no solo esquiva la austeridad, sino que florece como si viviera en otro pa\u00eds: la Secretar\u00eda de Comunicaci\u00f3n y Medios, a cargo del vocero presidencial Manuel Adorni.<\/em><\/strong><\/p>\n\n\n\n<p>Seg\u00fan revel\u00f3 la periodista Mariel Fitz Patrick en A24, esta dependencia manejar\u00e1 en 2025 un presupuesto de casi <strong>30 mil millones de pesos<\/strong>, con una planta de <strong>248 empleados<\/strong> al 31 de marzo, un salto de 40 trabajadores respecto de noviembre del a\u00f1o pasado. En plena era del \u00abEstado reducido a su m\u00ednima expresi\u00f3n\u00bb, la maquinaria de propaganda oficialista se engorda y consolida, mientras se destruye el sistema cient\u00edfico, se cierra el acceso a la salud y se condena a las universidades al colapso.<\/p>\n\n\n\n<p>Lo que Fitz Patrick revela no es menor: dentro de esa estructura hay <strong>18 directores, 12 coordinadores, 14 responsables de \u00e1rea y 52 asesores<\/strong>, adem\u00e1s de un enjambre de \u00abanalistas\u00bb, \u00abreferentes\u00bb y otros cargos inflados. Un festival de nombramientos y sueldos financiado con el dinero de todos, en una gesti\u00f3n que hace gala de la meritocracia y el recorte brutal.<\/p>\n\n\n\n<p>La paradoja es grotesca. Mientras los docentes tienen que marchar para que no cierren sus universidades, mientras miles de ni\u00f1os y jubilados ven reducidos sus ingresos y sus derechos, Manuel Adorni -el mismo que se burla de las protestas sociales desde el atril de la Casa Rosada- coordina una Secretar\u00eda que se expande sin l\u00edmites ni pudor.<\/p>\n\n\n\n<p>Entre los nombres que aparecen en la trama de este esc\u00e1ndalo est\u00e1 <strong>Juan Pablo Carra<\/strong>, conocido en redes como \u00abJohn Dow\u00bb, uno de los fundadores del portal ultraoficialista La Derecha Diario. Carra fue designado al frente de la Direcci\u00f3n Nacional de Comunicaci\u00f3n Digital de la Presidencia, una dependencia clave para el blindaje informativo del gobierno y la difusi\u00f3n de contenido af\u00edn en redes sociales. La comunicaci\u00f3n del Estado, en manos de trolls con credenciales oficiales.<\/p>\n\n\n\n<p>La estructura, adem\u00e1s, cuenta con direcciones de nombres tan rimbombantes como vac\u00edos: Direcci\u00f3n de Monitoreo y M\u00e9tricas, Direcci\u00f3n General de Transmisiones Presidenciales, Direcci\u00f3n Nacional de Estudios de la Gesti\u00f3n Gubernamental, Direcci\u00f3n de Planificaci\u00f3n y Seguimiento de Campa\u00f1as, entre otras. Una mara\u00f1a burocr\u00e1tica que, lejos de ser reducida, parece crecer como un tumor sobrealimentado por el presupuesto p\u00fablico.<\/p>\n\n\n\n<p>No hay motosierra para los amigos. No hay ajuste para los voceros. El discurso del \u00abEstado bobo\u00bb se derrumba cuando uno mira c\u00f3mo se sostiene, con dinero fresco y sin restricciones, el sistema de propaganda que cuida la imagen de Milei y ataca a todo aquel que lo cuestione. La austeridad, en este gobierno, es para los dem\u00e1s.<\/p>\n\n\n\n<p>Lo que este informe pone en evidencia es el doble est\u00e1ndar de una administraci\u00f3n que no tiene problemas en ajustar a los sectores m\u00e1s vulnerables mientras construye un aparato comunicacional a medida de sus necesidades pol\u00edticas. Mientras se eliminan ministerios, se cierran organismos y se recortan derechos, la Secretar\u00eda de Medios se transforma en una fortaleza.<\/p>\n\n\n\n<figure class=\"wp-block-embed is-type-video is-provider-youtube wp-block-embed-youtube wp-embed-aspect-16-9 wp-has-aspect-ratio\"><div class=\"wp-block-embed__wrapper\">\n<iframe loading=\"lazy\" title=\"Adorni gasta 30 mil millones de presupuesto en la Secretaria de Comunicaci\u00f3n y Medios\" width=\"640\" height=\"360\" src=\"https:\/\/www.youtube.com\/embed\/KiMEG-lmTFE?start=6&#038;feature=oembed\" frameborder=\"0\" allow=\"accelerometer; autoplay; clipboard-write; encrypted-media; gyroscope; picture-in-picture; web-share\" referrerpolicy=\"strict-origin-when-cross-origin\" allowfullscreen><\/iframe>\n<\/div><\/figure>\n\n\n\n<p>Con la excusa de la modernizaci\u00f3n y la \u00abeficiencia\u00bb, Milei monta un sistema de vigilancia discursiva, una especie de Gran Hermano libertario que mide, controla y ataca desde el Estado, pero con est\u00e9tica de cuenta troll. La comunicaci\u00f3n p\u00fablica convertida en dispositivo ideol\u00f3gico, financiada con los mismos fondos que antes iban a ciencia, cultura y educaci\u00f3n.<\/p>\n\n\n\n<p>El informe de Fitz Patrick desnuda algo m\u00e1s profundo: la hipocres\u00eda estructural de un gobierno que se presenta como renovador pero repite las peores pr\u00e1cticas de la casta a la que dice combatir. La utilizaci\u00f3n del Estado para blindarse, perseguir y amplificar su relato no es nueva, pero bajo Milei alcanza niveles de cinismo in\u00e9ditos.<\/p>\n\n\n\n<p>A medida que avanza el ajuste, el contraste es cada vez m\u00e1s brutal. Con la pobreza en ascenso, el desempleo creciendo y el tejido social desintegr\u00e1ndose, el gobierno no invierte en mejorar la vida de los argentinos, sino en garantizar que nadie pueda criticarlo sin pagar el costo del hostigamiento medi\u00e1tico.<\/p>\n\n\n\n<p>Los 30 mil millones que administra Adorni no son solo una cifra. Son una declaraci\u00f3n de principios: Milei no quiere un Estado chico, quiere un Estado servil. No le interesa el gasto, sino en qu\u00e9 y para qu\u00e9 se gasta. Y hoy, el \u00fanico gasto que parece justificar es aquel que lo protege, que lo celebra, que lo vende como un mes\u00edas rodeado de enemigos.<\/p>\n\n\n\n<p>En este contexto, la pregunta no es si la motosierra llega a todos, sino por qu\u00e9 no toca donde m\u00e1s deber\u00eda. Por qu\u00e9 el ajuste se vuelve selectivo cuando se trata del poder. Y la respuesta est\u00e1, una vez m\u00e1s, en el uso discrecional del Estado por parte de quienes prometieron terminar con esos privilegios. El relato se cae, pero no por las cr\u00edticas de la oposici\u00f3n. Se cae porque el propio Milei lo pisa con cada decisi\u00f3n que toma.<\/p>\n\n\n\n<p><strong>Tags:<\/strong> Adorni, Comunicaci\u00f3n, Javier Milei, Ajuste, Propaganda estatal<\/p>\n\n\n\n<p><strong>Hashtags:<\/strong> #Adorni #MileiEsCasta #PropagandaOficial #MotosierraSelectiva #NoEsAusteridad<\/p>\n","protected":false},"excerpt":{"rendered":"<p>En un pa\u00eds devastado por el ajuste, donde la palabra \u201cmotosierra\u201d se convirti\u00f3 en sin\u00f3nimo de hambre, despidos y destrucci\u00f3n de lo p\u00fablico, hay un \u00e1rea del gobierno de Javier Milei que no solo esquiva la austeridad, sino que florece como si viviera en otro pa\u00eds: la Secretar\u00eda de Comunicaci\u00f3n y Medios, a cargo del&#8230;<\/p>\n","protected":false},"author":1,"featured_media":3647,"comment_status":"open","ping_status":"open","sticky":false,"template":"","format":"standard","meta":{"_monsterinsights_skip_tracking":false,"_monsterinsights_sitenote_active":false,"_monsterinsights_sitenote_note":"","_monsterinsights_sitenote_category":0,"footnotes":"","jetpack_publicize_message":"\ud83d\udcb8 Mientras Milei ajusta salud, educaci\u00f3n y ciencia, su vocero Adorni maneja un presupuesto de \ud83d\udca5 \u00a147 MIL MILLONES! \ud83d\udca5 para una Secretar\u00eda de Medios sobredimensionada con 208 empleados, influencers libertarios y cargos inventados \ud83e\udd2f\nLa motosierra NO llega a sus amigos.","jetpack_publicize_feature_enabled":true,"jetpack_social_post_already_shared":false,"jetpack_social_options":{"image_generator_settings":{"template":"highway","enabled":false},"version":2}},"categories":[2],"tags":[880,58,1298,630,1041,178,45,1289,1350,925],"class_list":["post-3646","post","type-post","status-publish","format-standard","has-post-thumbnail","hentry","category-politica","tag-adorni","tag-ajuste","tag-comunicacion","tag-escandalo","tag-funcionarios","tag-medios","tag-milei","tag-presupuesto","tag-propaganda","tag-redes"],"jetpack_publicize_connections":[],"_links":{"self":[{"href":"https:\/\/www.enorsai.com\/noticias\/wp-json\/wp\/v2\/posts\/3646","targetHints":{"allow":["GET"]}}],"collection":[{"href":"https:\/\/www.enorsai.com\/noticias\/wp-json\/wp\/v2\/posts"}],"about":[{"href":"https:\/\/www.enorsai.com\/noticias\/wp-json\/wp\/v2\/types\/post"}],"author":[{"embeddable":true,"href":"https:\/\/www.enorsai.com\/noticias\/wp-json\/wp\/v2\/users\/1"}],"replies":[{"embeddable":true,"href":"https:\/\/www.enorsai.com\/noticias\/wp-json\/wp\/v2\/comments?post=3646"}],"version-history":[{"count":1,"href":"https:\/\/www.enorsai.com\/noticias\/wp-json\/wp\/v2\/posts\/3646\/revisions"}],"predecessor-version":[{"id":3648,"href":"https:\/\/www.enorsai.com\/noticias\/wp-json\/wp\/v2\/posts\/3646\/revisions\/3648"}],"wp:featuredmedia":[{"embeddable":true,"href":"https:\/\/www.enorsai.com\/noticias\/wp-json\/wp\/v2\/media\/3647"}],"wp:attachment":[{"href":"https:\/\/www.enorsai.com\/noticias\/wp-json\/wp\/v2\/media?parent=3646"}],"wp:term":[{"taxonomy":"category","embeddable":true,"href":"https:\/\/www.enorsai.com\/noticias\/wp-json\/wp\/v2\/categories?post=3646"},{"taxonomy":"post_tag","embeddable":true,"href":"https:\/\/www.enorsai.com\/noticias\/wp-json\/wp\/v2\/tags?post=3646"}],"curies":[{"name":"wp","href":"https:\/\/api.w.org\/{rel}","templated":true}]}}