{"id":3613,"date":"2025-04-23T07:31:25","date_gmt":"2025-04-23T10:31:25","guid":{"rendered":"https:\/\/www.enorsai.com\/noticias\/?p=3613"},"modified":"2025-04-23T07:31:25","modified_gmt":"2025-04-23T10:31:25","slug":"docentes-universitarios-encabezan-un-nuevo-paro-nacional-contra-milei","status":"publish","type":"post","link":"https:\/\/www.enorsai.com\/noticias\/politica\/docentes-universitarios-encabezan-un-nuevo-paro-nacional-contra-milei\/","title":{"rendered":"Docentes universitarios encabezan un nuevo paro nacional contra Milei"},"content":{"rendered":"\n<p><strong><em>Docentes universitarios encabezan este mi\u00e9rcoles un nuevo paro nacional en rechazo a las medidas de desfinanciaci\u00f3n a la universidad p\u00fablica por parte de la administraci\u00f3n de Javier Milei.<\/em><\/strong><\/p>\n\n\n\n<p>Producto de la crisis salarial de la comunidad educativa, representantes gremiales de los docentes universitarios encabezan este mi\u00e9rcoles 23 de abril un nuevo paro nacional, el cual afectar\u00e1 el dictado de clases en la Universidad Nacional de La Plata (UNLP).<\/p>\n\n\n\n<p>Seg\u00fan alegaron los docentes universitarios, las medidas de fuerza se concentraron esta semana en coincidencia con el aniversario de la multitudinaria Marcha Federal Universitaria. En efecto, el 22 se realizaron clases p\u00fablicas, mientras que este mi\u00e9rcoles habr\u00e1 un paro sin asistencia a los puestos de trabajo.<\/p>\n\n\n\n<p>\u201cLa medida de fuerza se enmarca dentro de un plan de acci\u00f3n gremial que reclama la inmediata apertura de paritarias, suspendidas por el gobierno nacional desde el 7 de octubre de 2024\u201d, argumentaron los gremios que nuclean a los docentes universitarios.<\/p>\n\n\n\n<p>Desde los sindicatos subrayaron que, durante marzo, los docentes universitarios no percibieron ning\u00fan incremento en su salario, mientras que la inflaci\u00f3n acumulada desde la asunci\u00f3n del presidente Javier Milei asciende al 197%.<\/p>\n\n\n\n<p>En contraste a la tendencia alcista de la inflaci\u00f3n, los aumentos salariales para el sector docente apenas alcanzaron entre el 68% y el 86%, seg\u00fan el cargo, explicaron desde la Asociaci\u00f3n de Docentes de la Universidad Nacional Del Sur (ADUNS).<\/p>\n\n\n\n<p>No obstante, la consigna del paro tambi\u00e9n apunta al reclamo urgente por presupuesto para las casas de estudio, que atraviesan una situaci\u00f3n cr\u00edtica por la falta de recursos para su funcionamiento. \u201cSin salarios dignos, no hay universidad p\u00fablica\u201c, concluyeron.<\/p>\n\n\n\n<p>Paro nacional: docentes universitarios en pie de guerra con Milei<\/p>\n\n\n\n<p>Si bien el conflicto entre los docentes universitarios y el Gobierno nacional tuvo un breve periodo de calma, ahora los gremios vuelven a la carga en busca de mejoras salariales en su negociaci\u00f3n paritaria, que desde el inicio de la gesti\u00f3n libertaria no tuvo \u00e9xito ni acuerdo con las autoridades correspondientes.<\/p>\n\n\n\n<p>En ese sentido, la Federaci\u00f3n Nacional de Docentes Universitarios (CONADU), calificaron las \u00faltimas ofertas salariales de la administraci\u00f3n libertaria como \u201cuna paritaria de hambre\u201d, y remarcaron que asistieron a \u201cuna nueva provocaci\u00f3n del Gobierno de Javier Milei que desvirt\u00faa el \u00e1mbito paritario con una decisi\u00f3n unilateral que consolida salarios de los docentes y no docentes por debajo de la l\u00ednea de pobreza\u201d.<\/p>\n\n\n\n<p>En ese sentido, el secretario de CONADU, Federico Montero, remarc\u00f3 que la federaci\u00f3n realiz\u00f3 un relevamiento que descubri\u00f3 que todos los cargos iniciales del escalaf\u00f3n docente est\u00e1n \u201cpor debajo de la l\u00ednea de indigencia\u201d, mientras que m\u00e1s del 60% de los cargos universitarios se encuentran por debajo de la l\u00ednea de pobreza.<\/p>\n\n\n\n<p>Debido a ello, Montero convoc\u00f3 a la comunidad educativa a que se sume a un nuevo paro docente. \u201cNo hay universidad p\u00fablica de calidad, sin salarios dignos\u201d, afirm\u00f3, tras ratificar la participaci\u00f3n de los docentes en las marchas de jubilados que se realizan los mi\u00e9rcoles frente al Congreso.<\/p>\n\n\n\n<p>Por Diputados Bonaerenses<\/p>\n","protected":false},"excerpt":{"rendered":"<p>Docentes universitarios encabezan este mi\u00e9rcoles un nuevo paro nacional en rechazo a las medidas de desfinanciaci\u00f3n a la universidad p\u00fablica por parte de la administraci\u00f3n de Javier Milei. Producto de la crisis salarial de la comunidad educativa, representantes gremiales de los docentes universitarios encabezan este mi\u00e9rcoles 23 de abril un nuevo paro nacional, el cual&#8230;<\/p>\n","protected":false},"author":5,"featured_media":3616,"comment_status":"open","ping_status":"open","sticky":false,"template":"","format":"standard","meta":{"_monsterinsights_skip_tracking":false,"_monsterinsights_sitenote_active":false,"_monsterinsights_sitenote_note":"","_monsterinsights_sitenote_category":0,"footnotes":"","jetpack_publicize_message":"","jetpack_publicize_feature_enabled":true,"jetpack_social_post_already_shared":true,"jetpack_social_options":{"image_generator_settings":{"template":"highway","default_image_id":0,"font":"","enabled":false},"version":2}},"categories":[2],"tags":[58,43,908],"class_list":["post-3613","post","type-post","status-publish","format-standard","has-post-thumbnail","hentry","category-politica","tag-ajuste","tag-crisis","tag-universidades-publicas"],"jetpack_publicize_connections":[],"_links":{"self":[{"href":"https:\/\/www.enorsai.com\/noticias\/wp-json\/wp\/v2\/posts\/3613","targetHints":{"allow":["GET"]}}],"collection":[{"href":"https:\/\/www.enorsai.com\/noticias\/wp-json\/wp\/v2\/posts"}],"about":[{"href":"https:\/\/www.enorsai.com\/noticias\/wp-json\/wp\/v2\/types\/post"}],"author":[{"embeddable":true,"href":"https:\/\/www.enorsai.com\/noticias\/wp-json\/wp\/v2\/users\/5"}],"replies":[{"embeddable":true,"href":"https:\/\/www.enorsai.com\/noticias\/wp-json\/wp\/v2\/comments?post=3613"}],"version-history":[{"count":1,"href":"https:\/\/www.enorsai.com\/noticias\/wp-json\/wp\/v2\/posts\/3613\/revisions"}],"predecessor-version":[{"id":3617,"href":"https:\/\/www.enorsai.com\/noticias\/wp-json\/wp\/v2\/posts\/3613\/revisions\/3617"}],"wp:featuredmedia":[{"embeddable":true,"href":"https:\/\/www.enorsai.com\/noticias\/wp-json\/wp\/v2\/media\/3616"}],"wp:attachment":[{"href":"https:\/\/www.enorsai.com\/noticias\/wp-json\/wp\/v2\/media?parent=3613"}],"wp:term":[{"taxonomy":"category","embeddable":true,"href":"https:\/\/www.enorsai.com\/noticias\/wp-json\/wp\/v2\/categories?post=3613"},{"taxonomy":"post_tag","embeddable":true,"href":"https:\/\/www.enorsai.com\/noticias\/wp-json\/wp\/v2\/tags?post=3613"}],"curies":[{"name":"wp","href":"https:\/\/api.w.org\/{rel}","templated":true}]}}