{"id":3604,"date":"2025-04-22T15:09:18","date_gmt":"2025-04-22T18:09:18","guid":{"rendered":"http:\/\/www.enorsai.com\/noticias\/?p=3604"},"modified":"2025-04-22T15:09:18","modified_gmt":"2025-04-22T18:09:18","slug":"el-funeral-del-papa-francisco-cuando-y-a-que-hora-comienza","status":"publish","type":"post","link":"https:\/\/www.enorsai.com\/noticias\/mundo\/el-funeral-del-papa-francisco-cuando-y-a-que-hora-comienza\/","title":{"rendered":"El funeral del papa Francisco: \u00bfCu\u00e1ndo y a que hora comienza?"},"content":{"rendered":"\n<p>El funeral del papa Francisco, que comenzar\u00e1 el s\u00e1bado, durar\u00e1 varios d\u00edas.<\/p>\n\n\n\n<figure class=\"wp-block-image size-full is-resized\"><img loading=\"lazy\" decoding=\"async\" width=\"547\" height=\"92\" src=\"https:\/\/www.enorsai.com\/noticias\/wp-content\/uploads\/2025\/04\/image-11.png\" alt=\"\" class=\"wp-image-3606\" style=\"width:231px;height:auto\" srcset=\"https:\/\/www.enorsai.com\/noticias\/wp-content\/uploads\/2025\/04\/image-11.png 547w, https:\/\/www.enorsai.com\/noticias\/wp-content\/uploads\/2025\/04\/image-11-300x50.png 300w\" sizes=\"auto, (max-width: 547px) 100vw, 547px\" \/><\/figure>\n\n\n\n<p>(<strong>Por\u00a0<\/strong>Gaia Pianigiani) El funeral del papa Francisco seguir\u00e1 una tradici\u00f3n centenaria, con rituales de varios d\u00edas y un velatorio que permitir\u00e1 a dolientes de todo el mundo honrarlo en persona antes de que sea enterrado. Est\u00e1 previsto que comience el s\u00e1bado a las 10:00 a. m., hora local.<\/p>\n\n\n\n<p>Al interior del Vaticano, el ritual comienza cuando se convoca al director del Departamento de Salud vaticano para que certifique la muerte del pont\u00edfice. El camarlengo, que dirige el Vaticano desde la muerte de un papa hasta la elecci\u00f3n de un sucesor, le retira el anillo papal del dedo.<\/p>\n\n\n\n<p>Conocido como el anillo del pescador porque representa a san Pedro pescando desde una barca, el anillo papal se utiliza tradicionalmente para sellar los documentos vaticanos. Lleva el nombre del pont\u00edfice y se destruye tras su muerte. Se fragua uno nuevo cuando se elige al sucesor.<\/p>\n\n\n\n<p><\/p>\n\n\n\n<p>El cuerpo del papa es trasladado a su capilla privada.<\/p>\n\n\n\n<p>Posteriormente, el camarlengo sella el estudio y el dormitorio del papa, que en el caso de Francisco se encontraban en la Casa Santa Marta, un edificio al extremo de la Ciudad del Vaticano. Poco despu\u00e9s de\u00a0<a href=\"https:\/\/www.nytimes.com\/2013\/03\/14\/world\/europe\/cardinals-elect-new-pope.html\">su elecci\u00f3n en 2013<\/a>, Francisco tom\u00f3 la decisi\u00f3n sin precedentes de vivir y trabajar desde la austera casa de hu\u00e9spedes del Vaticano, alegando que no quer\u00eda estar \u201caislado\u201d en los lujosos apartamentos papales.<\/p>\n\n\n\n<p>La totalidad de los 252 cardenales del mundo reciben tradicionalmente una invitaci\u00f3n del decano del Colegio Cardenalicio para viajar a Roma tras la muerte del papa para asistir al funeral y elegir un nuevo pont\u00edfice.<\/p>\n\n\n\n<p>Se espera que el cuerpo de Francisco, tratado y vestido con los ornamentos papales y la cabeza cubierta con una mitra episcopal blanca, repose dentro de su ata\u00fad en la Bas\u00edlica de San Pedro unos d\u00edas despu\u00e9s de su muerte para que los fieles puedan despedirse. Se espera que al funeral asistan l\u00edderes internacionales.<\/p>\n\n\n\n<p>Las exequias, que suelen celebrarse entre el cuarto y el sexto d\u00eda tras la muerte del papa, est\u00e1n marcadas por una misa p\u00fablica celebrada frente a la Bas\u00edlica de San Pedro, que preside el decano del Colegio Cardenalicio, el cardenal Giovanni Battista Re.<\/p>\n\n\n\n<p>Los papas anteriores fueron enterrados en tres ata\u00fades: uno de madera, otro de plomo y un tercero, tambi\u00e9n de madera. Pero en 2024,&nbsp;<a href=\"https:\/\/www.nytimes.com\/es\/2025\/02\/27\/espanol\/mundo\/papa-vaticano-funeral.html\">Francisco simplific\u00f3 las reglas<\/a>&nbsp;del funeral papal, para utilizar solo un ata\u00fad de madera recubierto de zinc.<\/p>\n\n\n\n<p>El \u00faltimo pont\u00edfice en morir fue&nbsp;<a href=\"https:\/\/www.nytimes.com\/es\/2022\/12\/31\/espanol\/muere-benedicto-xvi.html\">el papa em\u00e9rito Benedicto XVI<\/a>&nbsp;a finales de 2022. Decenas de miles de fieles asistieron a su funeral en una ma\u00f1ana inusualmente brumosa, en marcado contraste con los dos millones de personas que se calcula que asistieron en 2005 al funeral del papa Juan Pablo II, cuyo popular papado se prolong\u00f3 durante 26 a\u00f1os.<\/p>\n\n\n\n<p>Benedicto, quien fue papa durante menos de ocho a\u00f1os, hab\u00eda vivido como papa em\u00e9rito dentro del Vaticano durante casi una d\u00e9cada cuando muri\u00f3.<\/p>\n\n\n\n<p>Fuente:<\/p>\n\n\n\n<ul class=\"wp-block-list\">\n<li><a href=\"https:\/\/www.nytimes.com\/es\/2025\/04\/21\/espanol\/mundo\/papa-francisco-funeral-cuando-planes.html?smid=whatsapp-nytes\">https:\/\/www.nytimes.com\/es\/2025\/04\/21\/espanol\/mundo\/papa-francisco-funeral-cuando-planes.html<\/a><\/li>\n<\/ul>\n\n\n\n<p><\/p>\n","protected":false},"excerpt":{"rendered":"<p>El funeral del papa Francisco, que comenzar\u00e1 el s\u00e1bado, durar\u00e1 varios d\u00edas. (Por\u00a0Gaia Pianigiani) El funeral del papa Francisco seguir\u00e1 una tradici\u00f3n centenaria, con rituales de varios d\u00edas y un velatorio que permitir\u00e1 a dolientes de todo el mundo honrarlo en persona antes de que sea enterrado. Est\u00e1 previsto que comience el s\u00e1bado a las&#8230;<\/p>\n","protected":false},"author":1,"featured_media":3605,"comment_status":"open","ping_status":"open","sticky":false,"template":"","format":"standard","meta":{"_monsterinsights_skip_tracking":false,"_monsterinsights_sitenote_active":false,"_monsterinsights_sitenote_note":"","_monsterinsights_sitenote_category":0,"footnotes":"","jetpack_publicize_message":"El funeral del papa Francisco: \u00bfCu\u00e1ndo y a que hora comienza?","jetpack_publicize_feature_enabled":true,"jetpack_social_post_already_shared":false,"jetpack_social_options":{"image_generator_settings":{"template":"highway","enabled":false},"version":2}},"categories":[7],"tags":[],"class_list":["post-3604","post","type-post","status-publish","format-standard","has-post-thumbnail","hentry","category-mundo"],"jetpack_publicize_connections":[],"_links":{"self":[{"href":"https:\/\/www.enorsai.com\/noticias\/wp-json\/wp\/v2\/posts\/3604","targetHints":{"allow":["GET"]}}],"collection":[{"href":"https:\/\/www.enorsai.com\/noticias\/wp-json\/wp\/v2\/posts"}],"about":[{"href":"https:\/\/www.enorsai.com\/noticias\/wp-json\/wp\/v2\/types\/post"}],"author":[{"embeddable":true,"href":"https:\/\/www.enorsai.com\/noticias\/wp-json\/wp\/v2\/users\/1"}],"replies":[{"embeddable":true,"href":"https:\/\/www.enorsai.com\/noticias\/wp-json\/wp\/v2\/comments?post=3604"}],"version-history":[{"count":1,"href":"https:\/\/www.enorsai.com\/noticias\/wp-json\/wp\/v2\/posts\/3604\/revisions"}],"predecessor-version":[{"id":3607,"href":"https:\/\/www.enorsai.com\/noticias\/wp-json\/wp\/v2\/posts\/3604\/revisions\/3607"}],"wp:featuredmedia":[{"embeddable":true,"href":"https:\/\/www.enorsai.com\/noticias\/wp-json\/wp\/v2\/media\/3605"}],"wp:attachment":[{"href":"https:\/\/www.enorsai.com\/noticias\/wp-json\/wp\/v2\/media?parent=3604"}],"wp:term":[{"taxonomy":"category","embeddable":true,"href":"https:\/\/www.enorsai.com\/noticias\/wp-json\/wp\/v2\/categories?post=3604"},{"taxonomy":"post_tag","embeddable":true,"href":"https:\/\/www.enorsai.com\/noticias\/wp-json\/wp\/v2\/tags?post=3604"}],"curies":[{"name":"wp","href":"https:\/\/api.w.org\/{rel}","templated":true}]}}