{"id":3596,"date":"2025-04-22T11:37:58","date_gmt":"2025-04-22T14:37:58","guid":{"rendered":"https:\/\/www.enorsai.com\/noticias\/?p=3596"},"modified":"2025-04-22T11:37:58","modified_gmt":"2025-04-22T14:37:58","slug":"falta-laburo-la-capacidad-instalada-volvio-a-estar-por-el-subsuelo-y-arana-el-60","status":"publish","type":"post","link":"https:\/\/www.enorsai.com\/noticias\/economia\/falta-laburo-la-capacidad-instalada-volvio-a-estar-por-el-subsuelo-y-arana-el-60\/","title":{"rendered":"Falta laburo: la capacidad instalada volvi\u00f3 a estar por el subsuelo y ara\u00f1a el 60%"},"content":{"rendered":"\n<p>La utilizaci\u00f3n de la capacidad instalada de la industria creci\u00f3 levemente en la medici\u00f3n interanual y se ubic\u00f3 en 58,6%.<\/p>\n\n\n\n<p>Pese a registrar nueva suba en la medici\u00f3n interanual, el Instituto Nacional de Estad\u00edstica y Censos (INDEC) precis\u00f3 que la utilizaci\u00f3n de la capacidad instalada de la industria, que mide la proporci\u00f3n del aparato productivo del sector, qued\u00f3 nuevamente debajo de la barrera del 60%.<\/p>\n\n\n\n<p>En ese sentido, la utilizaci\u00f3n de la capacidad instalada de la industria se ubic\u00f3 en 58,6% y qued\u00f3 por tercer mes consecutivo en n\u00fameros preocupantes. No obstante, la medici\u00f3n de febrero super\u00f3 a la de enero por 3,6 puntos porcentuales<\/p>\n\n\n\n<p>En ese sentido, el informe del INDEC volvi\u00f3 a registrar n\u00fameros altos en la Refinaci\u00f3n del Petr\u00f3leo e Industrias met\u00e1licas b\u00e1sicas, pero la utilizaci\u00f3n de la capacidad instalada de la industria manufacturera se mantiene en n\u00fameros bajos debido a los \u00edndices bajos en Productos textiles y Metalmec\u00e1nica excepto automotores.<\/p>\n\n\n\n<p>Con respecto a febrero de 2024, la refinaci\u00f3n del petr\u00f3leo mostr\u00f3 inferior al registrado el mismo mes del a\u00f1o anterior (79,2%), como consecuencia del menor nivel de procesamiento de petr\u00f3leo crudo.<\/p>\n\n\n\n<p>Seg\u00fan datos del \u00edndice de producci\u00f3n industrial manufacturero, la elaboraci\u00f3n de naftas y de gasoil tuvo en febrero el mes bajo an\u00e1lisis disminuciones interanuales de 4,3% y 9,3%, respectivamente.<\/p>\n\n\n\n<p>Es preciso se\u00f1alar que, el indicador de la utilizaci\u00f3n de la capacidad instalada de la industria mide la proporci\u00f3n utilizada, en t\u00e9rminos porcentuales, de la capacidad productiva del sector, justamente, industrial. El relevamiento comprende un panel de entre 600 y 700 empresas.<\/p>\n\n\n\n<p>Capacidad instalada: empresarios rechazan la importaci\u00f3n de maquinaria usada<\/p>\n\n\n\n<p>Las principales organizaciones de la provincia de Buenos Aires que nuclean a los empresarios bonaerenses, salieron a rechazar d\u00edas atr\u00e1s la eliminaci\u00f3n del Certificado de Importaci\u00f3n de Bienes Usados (CIBU), una medida decretada por el Gobierno nacional que, seg\u00fan los industriales, \u201cpone en riesgo el desarrollo productivo argentino\u201d.<\/p>\n\n\n\n<p>En un comunicado conjunto, la Uni\u00f3n Industrial de la Provincia de Buenos Aires (UIPBA), la Asociaci\u00f3n de Industriales de la Provincia (ADIBA), la Confederaci\u00f3n Econ\u00f3mica bonaerense (CEPBA) y la Federaci\u00f3n Econ\u00f3mica de la Provincia de Buenos Aires (FEBA) se\u00f1alaron que el fin del CIBU \u201catenta directamente contra la industria nacional y la balanza comercial\u201d, al permitir el ingreso irrestricto de maquinaria usada que compite con la producci\u00f3n local.<\/p>\n\n\n\n<p>\u201cEstamos a favor de simplificar tr\u00e1mites que hoy dificultan la operatoria de nuestras empresas. Sin embargo, creemos que las deficiencias del Estado en materia de gesti\u00f3n no deben resolverse a costa de sacrificar herramientas estrat\u00e9gicas\u201d, advirtieron las entidades industriales.<\/p>\n\n\n\n<p>A trav\u00e9s de la decisi\u00f3n del Gobierno nacional, los importadores ya no deber\u00e1n tramitar un permiso especial para ingresar bienes usados que est\u00e1n incluidos en la Nomenclatura Com\u00fan del Mercosur. En esa lista, entre otros rubros, est\u00e1 la maquinaria industrial, motores, calderas, transformadores el\u00e9ctricos, tractores y equipos agr\u00edcolas, generadores, embarcaciones, drones y aparatolog\u00eda m\u00e9dica.<\/p>\n\n\n\n<p>Por Diputados Bonaerenses <\/p>\n","protected":false},"excerpt":{"rendered":"<p>La utilizaci\u00f3n de la capacidad instalada de la industria creci\u00f3 levemente en la medici\u00f3n interanual y se ubic\u00f3 en 58,6%. Pese a registrar nueva suba en la medici\u00f3n interanual, el Instituto Nacional de Estad\u00edstica y Censos (INDEC) precis\u00f3 que la utilizaci\u00f3n de la capacidad instalada de la industria, que mide la proporci\u00f3n del aparato productivo&#8230;<\/p>\n","protected":false},"author":5,"featured_media":3597,"comment_status":"open","ping_status":"open","sticky":false,"template":"","format":"standard","meta":{"_monsterinsights_skip_tracking":false,"_monsterinsights_sitenote_active":false,"_monsterinsights_sitenote_note":"","_monsterinsights_sitenote_category":0,"footnotes":"","jetpack_publicize_message":"","jetpack_publicize_feature_enabled":true,"jetpack_social_post_already_shared":true,"jetpack_social_options":{"image_generator_settings":{"template":"highway","default_image_id":0,"font":"","enabled":false},"version":2}},"categories":[3],"tags":[58,43,15,45],"class_list":["post-3596","post","type-post","status-publish","format-standard","has-post-thumbnail","hentry","category-economia","tag-ajuste","tag-crisis","tag-economia","tag-milei"],"jetpack_publicize_connections":[],"_links":{"self":[{"href":"https:\/\/www.enorsai.com\/noticias\/wp-json\/wp\/v2\/posts\/3596","targetHints":{"allow":["GET"]}}],"collection":[{"href":"https:\/\/www.enorsai.com\/noticias\/wp-json\/wp\/v2\/posts"}],"about":[{"href":"https:\/\/www.enorsai.com\/noticias\/wp-json\/wp\/v2\/types\/post"}],"author":[{"embeddable":true,"href":"https:\/\/www.enorsai.com\/noticias\/wp-json\/wp\/v2\/users\/5"}],"replies":[{"embeddable":true,"href":"https:\/\/www.enorsai.com\/noticias\/wp-json\/wp\/v2\/comments?post=3596"}],"version-history":[{"count":1,"href":"https:\/\/www.enorsai.com\/noticias\/wp-json\/wp\/v2\/posts\/3596\/revisions"}],"predecessor-version":[{"id":3598,"href":"https:\/\/www.enorsai.com\/noticias\/wp-json\/wp\/v2\/posts\/3596\/revisions\/3598"}],"wp:featuredmedia":[{"embeddable":true,"href":"https:\/\/www.enorsai.com\/noticias\/wp-json\/wp\/v2\/media\/3597"}],"wp:attachment":[{"href":"https:\/\/www.enorsai.com\/noticias\/wp-json\/wp\/v2\/media?parent=3596"}],"wp:term":[{"taxonomy":"category","embeddable":true,"href":"https:\/\/www.enorsai.com\/noticias\/wp-json\/wp\/v2\/categories?post=3596"},{"taxonomy":"post_tag","embeddable":true,"href":"https:\/\/www.enorsai.com\/noticias\/wp-json\/wp\/v2\/tags?post=3596"}],"curies":[{"name":"wp","href":"https:\/\/api.w.org\/{rel}","templated":true}]}}