{"id":3591,"date":"2025-04-22T05:38:07","date_gmt":"2025-04-22T08:38:07","guid":{"rendered":"https:\/\/www.enorsai.com\/noticias\/?p=3591"},"modified":"2025-04-22T05:38:07","modified_gmt":"2025-04-22T08:38:07","slug":"censura-en-la-casa-rosada-el-gobierno-de-milei-silencia-voces-criticas-y-protege-a-sus-aliados-mediaticos","status":"publish","type":"post","link":"https:\/\/www.enorsai.com\/noticias\/politica\/censura-en-la-casa-rosada-el-gobierno-de-milei-silencia-voces-criticas-y-protege-a-sus-aliados-mediaticos\/","title":{"rendered":"Censura en la Casa Rosada: El Gobierno de Milei silencia voces cr\u00edticas y protege a sus aliados medi\u00e1ticos"},"content":{"rendered":"\n<p>La expulsi\u00f3n del periodista Fabi\u00e1n Waldman por cuestionar a Liliana Franco revela la intolerancia del oficialismo hacia la prensa independiente y la complicidad de ciertos medios con el poder.<\/p>\n\n\n\n<p>La reciente prohibici\u00f3n de ingreso al periodista Fabi\u00e1n Waldman a la Casa Rosada, tras un enfrentamiento con Liliana Franco de \u00c1mbito Financiero, expone la creciente hostilidad del gobierno de Javier Milei hacia el periodismo cr\u00edtico y la connivencia de algunos medios con el oficialismo.<\/p>\n\n\n\n<p>La Casa Rosada, s\u00edmbolo del poder ejecutivo argentino, se ha convertido en un escenario de censura y favoritismo medi\u00e1tico. La reciente expulsi\u00f3n del periodista Fabi\u00e1n Waldman, conocido por sus incisivas preguntas al vocero presidencial Manuel Adorni, es una muestra alarmante de la intolerancia del gobierno de Javier Milei hacia la prensa cr\u00edtica.<\/p>\n\n\n\n<figure class=\"wp-block-embed is-type-rich is-provider-twitter wp-block-embed-twitter\"><div class=\"wp-block-embed__wrapper\">\n<blockquote class=\"twitter-tweet\" data-width=\"550\" data-dnt=\"true\"><p lang=\"es\" dir=\"ltr\">Este lunes le prohibieron el ingreso a Balcarce 50 a Fabi\u00e1n Waldman, periodista acreditado en Casa Rosada, obstaculizando su derecho a buscar, recibir y difundir informaci\u00f3n del gobierno. No hay razones para impedirle desempe\u00f1ar su trabajo.<\/p>&mdash; Pablo Lapuente Escobar (@PConurbano) <a href=\"https:\/\/twitter.com\/PConurbano\/status\/1914358651696873820?ref_src=twsrc%5Etfw\">April 21, 2025<\/a><\/blockquote><script async src=\"https:\/\/platform.twitter.com\/widgets.js\" charset=\"utf-8\"><\/script>\n<\/div><\/figure>\n\n\n\n<p>El detonante de esta medida fue un altercado entre Waldman y Liliana Franco, periodista de \u00c1mbito Financiero, durante una conferencia de prensa en la que se discut\u00eda qui\u00e9nes tendr\u00edan derecho a preguntar. Waldman habr\u00eda calificado a Franco de \u00abbuchona\u00bb, lo que llev\u00f3 al director de \u00c1mbito, Guillermo Gammacurta, a enviar una carta a Adorni denunciando el supuesto maltrato.<\/p>\n\n\n\n<p>Sin una investigaci\u00f3n imparcial ni un debido proceso, Adorni decidi\u00f3 revocar la acreditaci\u00f3n de Waldman, impidi\u00e9ndole el ingreso a la Casa Rosada. Esta acci\u00f3n no solo vulnera la libertad de prensa, sino que tambi\u00e9n evidencia un uso arbitrario del poder para silenciar voces disidentes.<\/p>\n\n\n\n<p>La actitud de Liliana Franco y \u00c1mbito Financiero en este episodio es cuestionable. En lugar de defender la pluralidad de voces y el debate period\u00edstico, optaron por una postura que favorece la censura. Franco, con una larga trayectoria en la cobertura de la Casa Rosada, ha sido acusada por colegas de recibir privilegios en las conferencias de prensa, lo que pone en duda su imparcialidad y compromiso con la \u00e9tica period\u00edstica.<\/p>\n\n\n\n<p>Este incidente se suma a una serie de enfrentamientos entre Waldman y Adorni, en los que el periodista ha cuestionado la represi\u00f3n a manifestantes y periodistas durante protestas, as\u00ed como la manipulaci\u00f3n de informaci\u00f3n por parte del gobierno. En una ocasi\u00f3n, Waldman denunci\u00f3 que desde la Casa Rosada se operaba la cuenta \u00abEl Peluca Milei\u00bb, utilizada para difamar a opositores y periodistas cr\u00edticos.<\/p>\n\n\n\n<p>La respuesta del gobierno ha sido descalificar a Waldman, tild\u00e1ndolo de \u00abkirchnerista fanatizado\u00bb y negando cualquier irregularidad. Esta estrategia de estigmatizar a los periodistas cr\u00edticos busca desacreditar sus denuncias y desviar la atenci\u00f3n de las pr\u00e1cticas autoritarias del oficialismo.<\/p>\n\n\n\n<p>La complicidad de ciertos medios y periodistas con el gobierno de Milei es preocupante. En lugar de cuestionar el poder y defender la libertad de prensa, algunos optan por alinearse con el oficialismo, traicionando los principios fundamentales del periodismo.<\/p>\n\n\n\n<p>La expulsi\u00f3n de Waldman de la Casa Rosada es un ataque directo a la libertad de expresi\u00f3n y al derecho de los ciudadanos a recibir informaci\u00f3n veraz e independiente. Es responsabilidad de toda la sociedad, y especialmente de los medios de comunicaci\u00f3n, denunciar y resistir estas pr\u00e1cticas autoritarias que amenazan la democracia.<\/p>\n\n\n\n<p>En tiempos donde el poder busca silenciar las voces cr\u00edticas, es m\u00e1s necesario que nunca un periodismo valiente, comprometido y libre. La defensa de la libertad de prensa no es solo una causa de los periodistas, sino de toda la ciudadan\u00eda que aspira a vivir en una sociedad democr\u00e1tica y plural.<\/p>\n","protected":false},"excerpt":{"rendered":"<p>El gobierno de Javier Milei expuls\u00f3 al periodista Fabi\u00e1n Waldman de la Casa Rosada tras un cruce con Liliana Franco. La medida evidencia censura, intolerancia a la cr\u00edtica y complicidad con medios aliados. Un ataque directo a la libertad de prensa que busca silenciar voces independientes y controlar el discurso p\u00fablico.<\/p>\n","protected":false},"author":11,"featured_media":3592,"comment_status":"open","ping_status":"open","sticky":false,"template":"","format":"standard","meta":{"_monsterinsights_skip_tracking":false,"_monsterinsights_sitenote_active":false,"_monsterinsights_sitenote_note":"","_monsterinsights_sitenote_category":0,"footnotes":"","jetpack_publicize_message":"\ud83d\udea8 La Casa Rosada decidi\u00f3 expulsar a un periodista por hacer preguntas inc\u00f3modas.\n\ud83d\uded1 Fabi\u00e1n Waldman fue censurado por cuestionar al vocero Adorni y a Liliana Franco.\n\ud83e\udd10 Mientras tanto, medios amigos del poder gozan de privilegios.\n\ud83d\udce2 \u00a1As\u00ed funciona la libertad de prensa con Milei!","jetpack_publicize_feature_enabled":true,"jetpack_social_post_already_shared":false,"jetpack_social_options":{"image_generator_settings":{"template":"highway","enabled":false},"version":2}},"categories":[2],"tags":[880,1342,504,505,178,45,1343,72,1344,365],"class_list":["post-3591","post","type-post","status-publish","format-standard","has-post-thumbnail","hentry","category-politica","tag-adorni","tag-casarosada","tag-censura","tag-libertad","tag-medios","tag-milei","tag-periodismo","tag-politica","tag-prensa","tag-represion"],"jetpack_publicize_connections":[],"_links":{"self":[{"href":"https:\/\/www.enorsai.com\/noticias\/wp-json\/wp\/v2\/posts\/3591","targetHints":{"allow":["GET"]}}],"collection":[{"href":"https:\/\/www.enorsai.com\/noticias\/wp-json\/wp\/v2\/posts"}],"about":[{"href":"https:\/\/www.enorsai.com\/noticias\/wp-json\/wp\/v2\/types\/post"}],"author":[{"embeddable":true,"href":"https:\/\/www.enorsai.com\/noticias\/wp-json\/wp\/v2\/users\/11"}],"replies":[{"embeddable":true,"href":"https:\/\/www.enorsai.com\/noticias\/wp-json\/wp\/v2\/comments?post=3591"}],"version-history":[{"count":1,"href":"https:\/\/www.enorsai.com\/noticias\/wp-json\/wp\/v2\/posts\/3591\/revisions"}],"predecessor-version":[{"id":3593,"href":"https:\/\/www.enorsai.com\/noticias\/wp-json\/wp\/v2\/posts\/3591\/revisions\/3593"}],"wp:featuredmedia":[{"embeddable":true,"href":"https:\/\/www.enorsai.com\/noticias\/wp-json\/wp\/v2\/media\/3592"}],"wp:attachment":[{"href":"https:\/\/www.enorsai.com\/noticias\/wp-json\/wp\/v2\/media?parent=3591"}],"wp:term":[{"taxonomy":"category","embeddable":true,"href":"https:\/\/www.enorsai.com\/noticias\/wp-json\/wp\/v2\/categories?post=3591"},{"taxonomy":"post_tag","embeddable":true,"href":"https:\/\/www.enorsai.com\/noticias\/wp-json\/wp\/v2\/tags?post=3591"}],"curies":[{"name":"wp","href":"https:\/\/api.w.org\/{rel}","templated":true}]}}