{"id":3587,"date":"2025-04-21T22:13:59","date_gmt":"2025-04-22T01:13:59","guid":{"rendered":"https:\/\/www.enorsai.com\/noticias\/?p=3587"},"modified":"2025-04-21T22:54:52","modified_gmt":"2025-04-22T01:54:52","slug":"cobarde-ataque-libertario-el-golpe-por-la-espalda-a-navarro-y-la-estrategia-de-milei-para-destruir-el-periodismo","status":"publish","type":"post","link":"https:\/\/www.enorsai.com\/noticias\/sociedad\/cobarde-ataque-libertario-el-golpe-por-la-espalda-a-navarro-y-la-estrategia-de-milei-para-destruir-el-periodismo\/","title":{"rendered":"Cobarde ataque libertario: El golpe por la espalda a Navarro y la estrategia de Milei para destruir el periodismo"},"content":{"rendered":"\n<p><strong><em>Mientras Javier Milei agita discursos de odio contra la prensa, el periodista Roberto Navarro fue brutalmente agredido en plena calle. La embestida no es un hecho aislado, sino parte de una t\u00e1ctica pol\u00edtica para intimidar, silenciar y exterminar el periodismo cr\u00edtico en Argentina.<\/em><\/strong><\/p>\n\n\n\n<p>(Por Walter Onorato) El ataque a Roberto Navarro no es solo una agresi\u00f3n f\u00edsica; es el emergente de una violencia institucional y discursiva que parte desde el coraz\u00f3n del poder presidencial. El libertarismo gobernante, con Milei a la cabeza, no se limita a odiar al periodismo: quiere borrarlo del mapa y reemplazarlo por propaganda militante disfrazada de \u201clibertad de expresi\u00f3n\u201d.<\/p>\n\n\n\n<hr class=\"wp-block-separator has-alpha-channel-opacity\"\/>\n\n\n\n<p><\/p>\n\n\n\n<p><strong>El odio como pol\u00edtica de Estado: el golpe que Milei pidi\u00f3, alguien lo dio<\/strong><\/p>\n\n\n\n<p>La violencia no se improvisa. Se cocina a fuego lento entre discursos incendiarios, insultos programados, listas negras y legitimaci\u00f3n de agresores. El ataque que sufri\u00f3 Roberto Navarro mientras caminaba por el centro porte\u00f1o no fue una reacci\u00f3n espont\u00e1nea. Fue una acci\u00f3n cobarde que sintoniza, punto por punto, con el clima de hostigamiento que Javier Milei y su entorno libertario han instalado desde el primer d\u00eda de gobierno.<\/p>\n\n\n\n<p>Navarro, periodista y director de <em>El Destape<\/em>, fue golpeado brutalmente en la nuca por la espalda, sin que mediara provocaci\u00f3n alguna. La agresi\u00f3n no lo derrib\u00f3, pero s\u00ed dej\u00f3 marcas f\u00edsicas y una advertencia ominosa para toda la prensa: nadie est\u00e1 a salvo si decide informar, investigar o simplemente opinar fuera de la burbuja de fantas\u00eda libertaria. El mensaje es tan claro como peligroso: el que incomode, ser\u00e1 silenciado.<\/p>\n\n\n\n<p>Dos d\u00edas antes del ataque, el propio presidente hab\u00eda proclamado con desparpajo que \u201cla gente no odia lo suficiente a estos sicarios con credencial de supuestos periodistas\u201d. Esas palabras, lejos de ser una hip\u00e9rbole tuitera, operaron como un permiso impl\u00edcito para golpear, para perseguir, para eliminar simb\u00f3licamente \u2014y ahora tambi\u00e9n f\u00edsicamente\u2014 a la prensa libre.<\/p>\n\n\n\n<figure class=\"wp-block-embed is-type-rich is-provider-twitter wp-block-embed-twitter\"><div class=\"wp-block-embed__wrapper\">\n<blockquote class=\"twitter-tweet\" data-width=\"550\" data-dnt=\"true\"><p lang=\"es\" dir=\"ltr\">\u2b55\ufe0fAHORA | Agredieron a Roberto Navarro en la calle. Un persona desde atr\u00e1s le produjo un golpe muy fuerte.<br><br>\ud83d\udd34VIVO: <a href=\"https:\/\/t.co\/8oXnhPVRd5\">https:\/\/t.co\/8oXnhPVRd5<\/a> <a href=\"https:\/\/t.co\/e9v674C9mR\">pic.twitter.com\/e9v674C9mR<\/a><\/p>&mdash; El Destape 1070 (@eldestape_radio) <a href=\"https:\/\/twitter.com\/eldestape_radio\/status\/1914429345302511959?ref_src=twsrc%5Etfw\">April 21, 2025<\/a><\/blockquote><script async src=\"https:\/\/platform.twitter.com\/widgets.js\" charset=\"utf-8\"><\/script>\n<\/div><\/figure>\n\n\n\n<p><strong>No es un loco suelto: es una estrategia de demolici\u00f3n democr\u00e1tica<\/strong><\/p>\n\n\n\n<p>Desde la Casa Rosada, no se ataca a la prensa por impulso o arrebato. Se hace con c\u00e1lculo, con planificaci\u00f3n. El objetivo, confesado y explicitado, es destruir el rol del periodismo como actor democr\u00e1tico. Seg\u00fan revelaciones recientes, Santiago Caputo \u2014cerebro comunicacional del gobierno\u2014 dise\u00f1\u00f3 una megaconsulta para medir el nivel de aceptaci\u00f3n ciudadana ante un r\u00e9gimen autoritario y para evaluar la confianza en medios, periodistas y hasta canales de streaming alineados al oficialismo.<\/p>\n\n\n\n<p>Ese dato es clave: Milei no solo desprecia a los medios tradicionales, los quiere reemplazar. Su anhelo es un ecosistema de informaci\u00f3n puramente oficialista, donde los \u00fanicos emisores sean tuiteros libertarios, influencers gubernamentales y canales de streaming como \u201cCarajo\u201d, manejado por \u201cEl Gordo Dan\u201d, uno de los soldados medi\u00e1ticos del r\u00e9gimen. La entrevista de cinco horas que Milei brind\u00f3 en <em>Neura<\/em>, con Alejandro Fantino, no fue una an\u00e9cdota: fue un ensayo general de su utop\u00eda orwelliana.<\/p>\n\n\n\n<p>En ese universo, el periodista que investiga, interpela o simplemente no aplaude se convierte en enemigo. Navarro, que dirige uno de los pocos medios que a\u00fan interroga al poder con rigor, era un blanco cantado.<\/p>\n\n\n\n<figure class=\"wp-block-embed is-type-rich is-provider-twitter wp-block-embed-twitter\"><div class=\"wp-block-embed__wrapper\">\n<blockquote class=\"twitter-tweet\" data-width=\"550\" data-dnt=\"true\"><p lang=\"es\" dir=\"ltr\">Repetir insultos y agravios contra periodistas desde los discursos oficiales impulsados hasta por el propio Presidente, puede generar un clima de violencia cotidiana en la sociedad que no podemos avalar.<br><br>Nuestro repudio y solidaridad con Roberto Navarro. <a href=\"https:\/\/t.co\/3dC4AXJtzt\">https:\/\/t.co\/3dC4AXJtzt<\/a><\/p>&mdash; SiPreBA &#8211; Sindicato de Prensa de Buenos Aires (@sipreba) <a href=\"https:\/\/twitter.com\/sipreba\/status\/1914449132363698510?ref_src=twsrc%5Etfw\">April 21, 2025<\/a><\/blockquote><script async src=\"https:\/\/platform.twitter.com\/widgets.js\" charset=\"utf-8\"><\/script>\n<\/div><\/figure>\n\n\n\n<p><strong>La violencia legitimada desde arriba<\/strong><\/p>\n\n\n\n<p>El clima que rodea al ataque no puede desligarse de la pr\u00e9dica de odio sistem\u00e1tica que baja desde la cima del Ejecutivo. Javier Milei no insulta por arrebato emocional, sino que lo hace como parte de una ingenier\u00eda del desprecio. Basta con repasar su historial reciente: llam\u00f3 \u201cbasura del periodismo pautero\u201d a quienes critican su gesti\u00f3n, insult\u00f3 con nombre y apellido a periodistas como Florencia Donovan y Joaqu\u00edn Morales Sol\u00e1, y despreci\u00f3 cualquier forma de disidencia medi\u00e1tica, acus\u00e1ndola de sabotaje.<\/p>\n\n\n\n<p>Ese odio no se queda en lo simb\u00f3lico. Lo dijo el Club Pol\u00edtico Argentino, presidido por Graciela Fern\u00e1ndez Meijide: \u201cLas acusaciones del presidente, expresadas por la m\u00e1xima autoridad del pa\u00eds, no pueden ser interpretadas m\u00e1s que como una forma de condicionar la libertad de expresi\u00f3n\u201d. Es decir: el Presidente no critica, amenaza. Y las amenazas, en un contexto de polarizaci\u00f3n y fanatismo, no tardan en traducirse en golpes concretos.<\/p>\n\n\n\n<figure class=\"wp-block-embed is-type-rich is-provider-twitter wp-block-embed-twitter\"><div class=\"wp-block-embed__wrapper\">\n<blockquote class=\"twitter-tweet\" data-width=\"550\" data-dnt=\"true\"><p lang=\"es\" dir=\"ltr\">El cobarde ataque por la espalda contra el periodista Roberto Navarro est\u00e1 directamente vinculado con el mensaje de odio de Javier Gerardo Milei. Ojo con esto: el libro &quot;S\u00edndrome 1933&quot;, que citaba Francisco est\u00e1 m\u00e1s vigente que nunca. Toda mi solidaridad con Roberto y su familia. <a href=\"https:\/\/t.co\/znGx9P5d71\">pic.twitter.com\/znGx9P5d71<\/a><\/p>&mdash; Juan Alonso (@jotaalonso) <a href=\"https:\/\/twitter.com\/jotaalonso\/status\/1914466181865496734?ref_src=twsrc%5Etfw\">April 21, 2025<\/a><\/blockquote><script async src=\"https:\/\/platform.twitter.com\/widgets.js\" charset=\"utf-8\"><\/script>\n<\/div><\/figure>\n\n\n\n<p><strong>La respuesta social: un repudio que crece, pero no alcanza<\/strong><\/p>\n\n\n\n<p>El ataque a Navarro despert\u00f3 una oleada de repudios que cruz\u00f3 sectores pol\u00edticos, gremiales y medi\u00e1ticos. Desde ATE, Rodolfo Aguiar fue categ\u00f3rico: \u201cHoy la violencia en la Argentina es institucional y se ejerce desde las m\u00e1s altas esferas del poder\u201d. El SiPreBA, sindicato de prensa, alert\u00f3 sobre la responsabilidad directa de los discursos oficiales: \u201cRepetir insultos y agravios contra periodistas desde los discursos del propio presidente puede generar un clima de violencia cotidiana que no podemos avalar\u201d.<\/p>\n\n\n\n<p>Desde la izquierda, Nicol\u00e1s del Ca\u00f1o y <em>La Izquierda Diario<\/em> condenaron el hecho sin rodeos. Desde sectores progresistas, como la senadora Cristina L\u00f3pez, tambi\u00e9n se apunt\u00f3 contra el discurso de odio promovido por <em>La Libertad Avanza<\/em>. Incluso desde el liberalismo, Carlos Maslat\u00f3n advirti\u00f3 con crudeza: \u201cTanto miedo le tiene el fascismo al periodista Roberto Navarro? Est\u00e1n locos, es un suicidio atacar o matar tanto periodistas como curas\u201d.<\/p>\n\n\n\n<p>La pregunta que sobrevuela tras tantos comunicados es: \u00bfqu\u00e9 m\u00e1s hace falta para que el sistema pol\u00edtico act\u00fae con contundencia? \u00bfCu\u00e1ntos Navarro m\u00e1s tienen que ser atacados para que se entienda que estamos ante un plan sistem\u00e1tico de demolici\u00f3n institucional?<\/p>\n\n\n\n<p><\/p>\n\n\n\n<p><strong>El verdadero legado libertario: un pa\u00eds sin prensa<\/strong><\/p>\n\n\n\n<p>Mientras Navarro se recupera, el mensaje del ataque ya circula como un virus: informar puede costar caro. La libertad de expresi\u00f3n no est\u00e1 en riesgo: est\u00e1 siendo acorralada, golpeada y desmantelada. No es una sensaci\u00f3n t\u00e9rmica. Es una pol\u00edtica de Estado. El libertarismo gobernante se nutre del blindaje medi\u00e1tico que ellos mismos construyen, y eliminan cualquier canal que escape a su control.<\/p>\n\n\n\n<p>La estrategia es clara: reemplazar la prensa por propaganda. Sustituir al periodista por el influencer servil. Apagar los medios cr\u00edticos e instaurar un modelo de comunicaci\u00f3n vertical, unidireccional, sin preguntas, sin contradicciones, sin verdad.<\/p>\n\n\n\n<p>Roberto Navarro fue golpeado por la espalda, pero el verdadero golpe va dirigido al coraz\u00f3n mismo de la democracia. Porque sin periodismo libre no hay ciudadan\u00eda informada, y sin ciudadanos informados no hay rep\u00fablica.<\/p>\n\n\n\n<p>La gravedad del hecho exige algo m\u00e1s que repudios. Exige acci\u00f3n. Exige defensa activa del derecho a preguntar, a investigar, a contar lo que el poder no quiere que se sepa. Exige ponerle freno a una deriva autoritaria que, en nombre de la libertad, est\u00e1 demoliendo todos los pilares de la convivencia democr\u00e1tica.<\/p>\n\n\n\n<p>Fuente:<\/p>\n\n\n\n<ul class=\"wp-block-list\">\n<li><a href=\"https:\/\/www.eldestapeweb.com\/politica\/violencia-politica\/amplio-repudio-al-ataque-contra-roberto-navarro-202542120651\">https:\/\/www.eldestapeweb.com\/politica\/violencia-politica\/amplio-repudio-al-ataque-contra-roberto-navarro-202542120651<\/a><\/li>\n\n\n\n<li><a href=\"https:\/\/www.lapoliticaonline.com\/politica\/violento-ataque-a-roberto-navarro-en-medio-de-la-escalda-de-milei-contra-los-periodistas\/\">https:\/\/www.lapoliticaonline.com\/politica\/violento-ataque-a-roberto-navarro-en-medio-de-la-escalda-de-milei-contra-los-periodistas\/<\/a><\/li>\n\n\n\n<li><a href=\"https:\/\/www.lapoliticaonline.com\/politica\/milei-quiere-dejar-como-legado-la-destruccion-del-periodismo\/\">https:\/\/www.lapoliticaonline.com\/politica\/milei-quiere-dejar-como-legado-la-destruccion-del-periodismo\/<\/a><\/li>\n<\/ul>\n\n\n\n<p><\/p>\n","protected":false},"excerpt":{"rendered":"<p>Mientras Javier Milei agita discursos de odio contra la prensa, el periodista Roberto Navarro fue brutalmente agredido en plena calle. La embestida no es un hecho aislado, sino parte de una t\u00e1ctica pol\u00edtica para intimidar, silenciar y exterminar el periodismo cr\u00edtico en Argentina. (Por Walter Onorato) El ataque a Roberto Navarro no es solo una&#8230;<\/p>\n","protected":false},"author":2,"featured_media":3588,"comment_status":"open","ping_status":"open","sticky":false,"template":"","format":"standard","meta":{"_monsterinsights_skip_tracking":false,"_monsterinsights_sitenote_active":false,"_monsterinsights_sitenote_note":"","_monsterinsights_sitenote_category":0,"footnotes":"","jetpack_publicize_message":"Cobarde ataque libertario: El golpe por la espalda a Navarro y la estrategia de Milei para destruir el periodismo","jetpack_publicize_feature_enabled":true,"jetpack_social_post_already_shared":false,"jetpack_social_options":{"image_generator_settings":{"template":"highway","enabled":false},"version":2}},"categories":[4],"tags":[45,861],"class_list":["post-3587","post","type-post","status-publish","format-standard","has-post-thumbnail","hentry","category-sociedad","tag-milei","tag-roberto-navarro"],"jetpack_publicize_connections":[],"_links":{"self":[{"href":"https:\/\/www.enorsai.com\/noticias\/wp-json\/wp\/v2\/posts\/3587","targetHints":{"allow":["GET"]}}],"collection":[{"href":"https:\/\/www.enorsai.com\/noticias\/wp-json\/wp\/v2\/posts"}],"about":[{"href":"https:\/\/www.enorsai.com\/noticias\/wp-json\/wp\/v2\/types\/post"}],"author":[{"embeddable":true,"href":"https:\/\/www.enorsai.com\/noticias\/wp-json\/wp\/v2\/users\/2"}],"replies":[{"embeddable":true,"href":"https:\/\/www.enorsai.com\/noticias\/wp-json\/wp\/v2\/comments?post=3587"}],"version-history":[{"count":2,"href":"https:\/\/www.enorsai.com\/noticias\/wp-json\/wp\/v2\/posts\/3587\/revisions"}],"predecessor-version":[{"id":3590,"href":"https:\/\/www.enorsai.com\/noticias\/wp-json\/wp\/v2\/posts\/3587\/revisions\/3590"}],"wp:featuredmedia":[{"embeddable":true,"href":"https:\/\/www.enorsai.com\/noticias\/wp-json\/wp\/v2\/media\/3588"}],"wp:attachment":[{"href":"https:\/\/www.enorsai.com\/noticias\/wp-json\/wp\/v2\/media?parent=3587"}],"wp:term":[{"taxonomy":"category","embeddable":true,"href":"https:\/\/www.enorsai.com\/noticias\/wp-json\/wp\/v2\/categories?post=3587"},{"taxonomy":"post_tag","embeddable":true,"href":"https:\/\/www.enorsai.com\/noticias\/wp-json\/wp\/v2\/tags?post=3587"}],"curies":[{"name":"wp","href":"https:\/\/api.w.org\/{rel}","templated":true}]}}