{"id":3580,"date":"2025-04-21T17:17:14","date_gmt":"2025-04-21T20:17:14","guid":{"rendered":"https:\/\/www.enorsai.com\/noticias\/economia\/economia-libertaria-despidos-y-retiros-voluntarios-en-una-de-las-principales-fabricas-de-ceramicos\/"},"modified":"2025-04-21T18:20:41","modified_gmt":"2025-04-21T21:20:41","slug":"economia-libertaria-despidos-y-retiros-voluntarios-en-una-de-las-principales-fabricas-de-ceramicos","status":"publish","type":"post","link":"https:\/\/www.enorsai.com\/noticias\/economia\/economia-libertaria-despidos-y-retiros-voluntarios-en-una-de-las-principales-fabricas-de-ceramicos\/","title":{"rendered":"Econom\u00eda libertaria: Despidos y retiros voluntarios en una de las principales fabricas de cer\u00e1micos"},"content":{"rendered":"\n<p>Con una ca\u00edda del 57% en las ventas y la planta paralizada desde febrero, una de las principales f\u00e1bricas de cer\u00e1micos de la Provincia de Buenos Aires avanza con despidos, retiros voluntarios e indemnizaciones en cuotas. Otro cap\u00edtulo del desguace industrial bajo el modelo Milei.<br><br>El ajuste tambi\u00e9n llega en forma de ladrillos rotos. En la localidad de Cort\u00ednez, partido de Luj\u00e1n, la empresa Cer\u00e1mica Cortines, uno de los principales fabricantes de cer\u00e1micos de la provincia de Buenos Aires, present\u00f3 un procedimiento preventivo de crisis ante el Ministerio de Trabajo bonaerense. El diagn\u00f3stico es brutal: ventas desplomadas, planta paralizada desde febrero, sobrestock acumulado y un plan para despedir al 40% del personal, todo envuelto en un contexto de desindustrializaci\u00f3n creciente.<br><br>Seg\u00fan el documento presentado por la firma, las ventas cayeron un 57% en los \u00faltimos tres a\u00f1os, pasando de 11,2 millones de metros cuadrados en 2021 a solo 4,8 millones en 2024. Y lo que va del a\u00f1o es todav\u00eda m\u00e1s alarmante: apenas se despacharon 850.000 metros, lo que refleja una crisis sin precedentes.<br><br>La planta permanece cerrada desde febrero y la proyecci\u00f3n es mantenerla inactiva durante mayo. \u201cNo se vende ni un cuarto del volumen necesario para cubrir los salarios b\u00e1sicos\u201d, reconoce la empresa, que propone retiros voluntarios, despidos con pago en cuotas y una reducci\u00f3n masiva del personal.<br><\/p>\n\n\n\n<p><br>Ajuste en cuotas<br><br>Cer\u00e1mica Cortines pretende mantener s\u00f3lo al 60% de sus trabajadores, dejando afuera al 40% restante mediante \u201cretiros voluntarios o despidos con indemnizaciones fraccionadas seg\u00fan antig\u00fcedad y carga familiar\u201d.<br><br>La n\u00f3mina actual incluye 329 empleados, 252 bajo convenio con la Federaci\u00f3n Obrera Ceramista de la Rep\u00fablica Argentina (FOCRA), y otros 81 fuera de convenio. La empresa tambi\u00e9n solicit\u00f3 un \u201cacuerdo de paz social\u201d por 90 d\u00edas para evitar conflictos gremiales, prometiendo abonar el 80% de los salarios durante ese tiempo.<br><br>Detr\u00e1s del pedido, la firma enumera los problemas: aumento de costos (energ\u00eda, gas), ca\u00edda del consumo interno, nulo acceso al cr\u00e9dito, presi\u00f3n impositiva y una rigidez laboral que \u2014seg\u00fan su \u00f3ptica\u2014 impide adaptarse a los vaivenes del mercado. Todo un compendio del discurso oficial que, bajo la administraci\u00f3n de Javier Milei, justifica la destrucci\u00f3n del aparato productivo en nombre de una supuesta eficiencia macroecon\u00f3mica.<br><\/p>\n\n\n\n<p><br>Una postal repetida: el pa\u00eds que se desarma<br><br>La crisis de Cer\u00e1mica Cortines no es un hecho aislado. En Olavarr\u00eda, la hist\u00f3rica Cerro Negro despidi\u00f3 a 96 trabajadores y se encuentra bajo conciliaci\u00f3n obligatoria. En esa misma ciudad, FABI Bolsas Industriales, con 65 a\u00f1os de trayectoria, cerr\u00f3 de forma abrupta y dej\u00f3 en la calle a 100 empleados.<br><br>El patr\u00f3n se repite: ca\u00edda brutal del consumo, paralizaci\u00f3n de plantas, despidos masivos y ausencia total del Estado nacional para defender la industria. El pa\u00eds productivo se achica mientras los libertarios repiten slogans de \u201clibertad\u201d y ajuste, aplicados sin anestesia sobre el eslab\u00f3n m\u00e1s d\u00e9bil: los trabajadores.<br><br>En nombre del \u201cd\u00e9ficit cero\u201d, Milei le declara la guerra al trabajo, al salario, al cr\u00e9dito, a las pymes y a la producci\u00f3n nacional. Mientras tanto, los balances de las grandes empresas cotizantes crecen, y los discursos se llenan de tecnicismos que maquillan el sufrimiento social.<\/p>\n\n\n\n<p><br><br>Un modelo que excluye<br><br>Lo que ocurre en Cer\u00e1mica Cortines y en otras f\u00e1bricas bonaerenses no es el resultado de una \u201ctormenta perfecta\u201d ni de una crisis externa: es la consecuencia l\u00f3gica de un modelo de pa\u00eds que prioriza la especulaci\u00f3n financiera y la desregulaci\u00f3n total sobre cualquier forma de desarrollo con justicia social.<br><br>En el fondo, se trata de una batalla entre dos Argentinas: la que produce y da trabajo, y la que fug\u00f3 millones de d\u00f3lares al exterior durante a\u00f1os. Milei eligi\u00f3 con claridad. Y eligi\u00f3 en contra de los obreros de la cer\u00e1mica, de los operarios del pl\u00e1stico, de los trabajadores del calzado, del textil, del campo y de la ciencia.<br><br>La pregunta no es cu\u00e1nto tiempo m\u00e1s resistir\u00e1 Cer\u00e1mica Cortines. La pregunta es cu\u00e1ntas empresas m\u00e1s caer\u00e1n antes de que se entienda que este ajuste no es una \u201ccura\u201d sino un programa de demolici\u00f3n planificada del trabajo argentino.<br><br>Fuente:<\/p>\n\n\n\n<ul class=\"wp-block-list\">\n<li>https:\/\/www.eldia.com\/nota\/2025-4-20-7-2-52-despidos-y-retiros-voluntarios-en-una-fabrica-bonaerense-en-crisis-economia-dominical\/amp<\/li>\n<\/ul>\n","protected":false},"excerpt":{"rendered":"<p>Con una ca\u00edda del 57% en las ventas y la planta paralizada desde febrero, una de las principales f\u00e1bricas de cer\u00e1micos de la Provincia de Buenos Aires avanza con despidos, retiros voluntarios e indemnizaciones en cuotas. Otro cap\u00edtulo del desguace industrial bajo el modelo Milei. El ajuste tambi\u00e9n llega en forma de ladrillos rotos. En&#8230;<\/p>\n","protected":false},"author":9,"featured_media":3579,"comment_status":"open","ping_status":"open","sticky":false,"template":"","format":"standard","meta":{"_monsterinsights_skip_tracking":false,"_monsterinsights_sitenote_active":false,"_monsterinsights_sitenote_note":"","_monsterinsights_sitenote_category":0,"footnotes":"","jetpack_publicize_message":"","jetpack_publicize_feature_enabled":true,"jetpack_social_post_already_shared":true,"jetpack_social_options":{"image_generator_settings":{"template":"highway","default_image_id":0,"font":"","enabled":false},"version":2}},"categories":[3],"tags":[43,15,29,45],"class_list":["post-3580","post","type-post","status-publish","format-standard","has-post-thumbnail","hentry","category-economia","tag-crisis","tag-economia","tag-industria","tag-milei"],"jetpack_publicize_connections":[],"_links":{"self":[{"href":"https:\/\/www.enorsai.com\/noticias\/wp-json\/wp\/v2\/posts\/3580","targetHints":{"allow":["GET"]}}],"collection":[{"href":"https:\/\/www.enorsai.com\/noticias\/wp-json\/wp\/v2\/posts"}],"about":[{"href":"https:\/\/www.enorsai.com\/noticias\/wp-json\/wp\/v2\/types\/post"}],"author":[{"embeddable":true,"href":"https:\/\/www.enorsai.com\/noticias\/wp-json\/wp\/v2\/users\/9"}],"replies":[{"embeddable":true,"href":"https:\/\/www.enorsai.com\/noticias\/wp-json\/wp\/v2\/comments?post=3580"}],"version-history":[{"count":1,"href":"https:\/\/www.enorsai.com\/noticias\/wp-json\/wp\/v2\/posts\/3580\/revisions"}],"predecessor-version":[{"id":3585,"href":"https:\/\/www.enorsai.com\/noticias\/wp-json\/wp\/v2\/posts\/3580\/revisions\/3585"}],"wp:featuredmedia":[{"embeddable":true,"href":"https:\/\/www.enorsai.com\/noticias\/wp-json\/wp\/v2\/media\/3579"}],"wp:attachment":[{"href":"https:\/\/www.enorsai.com\/noticias\/wp-json\/wp\/v2\/media?parent=3580"}],"wp:term":[{"taxonomy":"category","embeddable":true,"href":"https:\/\/www.enorsai.com\/noticias\/wp-json\/wp\/v2\/categories?post=3580"},{"taxonomy":"post_tag","embeddable":true,"href":"https:\/\/www.enorsai.com\/noticias\/wp-json\/wp\/v2\/tags?post=3580"}],"curies":[{"name":"wp","href":"https:\/\/api.w.org\/{rel}","templated":true}]}}