{"id":3578,"date":"2025-04-21T17:08:16","date_gmt":"2025-04-21T20:08:16","guid":{"rendered":"https:\/\/www.enorsai.com\/noticias\/sociedad\/los-comedores-comenzaron-a-recibir-a-familias-de-clase-media\/"},"modified":"2025-04-21T18:09:26","modified_gmt":"2025-04-21T21:09:26","slug":"los-comedores-comenzaron-a-recibir-a-familias-de-clase-media","status":"publish","type":"post","link":"https:\/\/www.enorsai.com\/noticias\/sociedad\/los-comedores-comenzaron-a-recibir-a-familias-de-clase-media\/","title":{"rendered":"Los comedores comenzaron a recibir a familias de clase media"},"content":{"rendered":"\n<p>Mientras el gobierno celebra la salida del cepo y promete \u201ccrecimiento\u201d, los comedores populares reciben cada vez m\u00e1s trabajadores, jubilados y familias que ya no logran cubrir el plato de comida diario.<\/p>\n\n\n\n<p>La postal se repite de norte a sur, de barrios populares a calles asfaltadas de clase media: trabajadores en actividad, jubilados con casa propia, madres solteras y repartidores a pedal se acercan cada vez m\u00e1s a los comedores comunitarios. No por solidaridad, sino por necesidad. <\/p>\n\n\n\n<p>En paralelo, el gobierno nacional brinda conferencias de prensa euf\u00f3ricas celebrando la salida del cepo como si fuera un acto de liberaci\u00f3n, cuando en realidad para millones significa m\u00e1s ajuste, m\u00e1s precariedad y m\u00e1s hambre.<\/p>\n\n\n\n<p>La escena del mediod\u00eda del Viernes Santo en Villa Crespo es paradigm\u00e1tica. A metros de caf\u00e9s pintorescos donde a\u00fan sobrevive el espejismo del consumo, una fila de vecinos deja tuppers vac\u00edos en el comedor \u201cOsvaldo Pugliese\u201d para volver una hora m\u00e1s tarde por pur\u00e9 y medallones de pollo. Ya no son solo personas en situaci\u00f3n de calle: hay empleados registrados, jubiladas con aportes, repartidores de apps y obreros. Todos tienen en com\u00fan algo brutal: trabajan o trabajaron, pero no les alcanza para vivir.<\/p>\n\n\n\n<p>Ezequiel C\u00e1ceres, delivery en Rappi, resume la tragedia: \u201cTrabajo 8 o 12 horas y no llego. La comida me la llevo de ac\u00e1\u201d. Cobra unos 40.000 pesos por d\u00eda, pero el alquiler, los servicios y la inflaci\u00f3n devoran cada billete como si fueran papel. A su lado, alba\u00f1iles, empleadas de comercio y jubilados esperan su turno. La organizaci\u00f3n que coordina el comedor ya no habla de marginalidad, sino de exclusi\u00f3n sist\u00e9mica: dos tercios de quienes asisten hoy tienen empleo o pensiones.<\/p>\n\n\n\n<p>En la Ciudad de Buenos Aires, una familia tipo necesita m\u00e1s de 1.800.000 pesos mensuales para ser considerada clase media, seg\u00fan el IDECBA. Pero eso no se traduce en el discurso oficial. Para Javier Milei y su gabinete de CEOs, el n\u00famero m\u00e1gico es el del d\u00f3lar. Lo dem\u00e1s es \u201cruido\u201d.<\/p>\n\n\n\n<p>Mientras tanto, Gerardo Am\u00e1vile, a punto de jubilarse con 22 a\u00f1os de aportes, fue una de las 242.000 personas que quedaron fuera del r\u00e9gimen previsional tras la eliminaci\u00f3n de la moratoria. \u201cEste gobierno me tir\u00f3 abajo, me deprimi\u00f3\u201d, dice. Recibe la PUAM, que apenas llega al 80% de la jubilaci\u00f3n m\u00ednima, y vive en el comedor de una amiga. Es la cara invisible de una tragedia silenciosa: ocho de cada diez varones no podr\u00e1n jubilarse.<\/p>\n\n\n\n<p>La lista sigue. Elvira, 75 a\u00f1os, casa propia y jubilaci\u00f3n m\u00ednima. Rodrigo, 50 a\u00f1os, discapacidad, pensi\u00f3n insuficiente. Claudio, 61, alba\u00f1il sin trabajo, come gracias a lo que le regalan en una panader\u00eda. Todos relatan un deterioro profundo, no solo econ\u00f3mico sino an\u00edmico. La desesperanza es palpable.<\/p>\n\n\n\n<p>En los barrios del conurbano, donde el Estado nacional ha retirado sus pol\u00edticas sociales, la situaci\u00f3n es todav\u00eda m\u00e1s grave. \u201cAntes hac\u00edamos 150 viandas, ahora 400 y no alcanzan\u201d, cuenta Victoria La Luz del comedor Los Ceibos en Gonz\u00e1lez Cat\u00e1n. \u201cVienen los de siempre, pero tambi\u00e9n los nuevos: obreros, jubilados, gente que jam\u00e1s pis\u00f3 este barrio de calles de tierra\u201d.<\/p>\n\n\n\n<p>El Estado no solo abandon\u00f3 a los m\u00e1s pobres: est\u00e1 empujando a sectores hist\u00f3ricamente protegidos hacia la indigencia. Los trabajadores formales, los jubilados con historia laboral, las madres que luchaban por mantener un m\u00ednimo de dignidad. Todos est\u00e1n cayendo.<\/p>\n\n\n\n<p>El Centro Comunitario \u201cVivan los Sue\u00f1os Felices\u201d en San Mart\u00edn redujo sus cenas semanales de cinco a tres por falta de alimentos. \u201cHacemos rifas, torneos, lo que sea para sostener las ollas\u201d, relatan sus referentes. En la Argentina de la motosierra, hasta la comida se terceriza.<\/p>\n\n\n\n<p>Pero para el gobierno, la noticia no est\u00e1 ah\u00ed. La noticia es el d\u00f3lar. La noticia es el super\u00e1vit fiscal. La noticia es una macroeconom\u00eda que pisa los n\u00fameros del Excel, mientras pisa la cabeza de los m\u00e1s vulnerables.<\/p>\n\n\n\n<p>La clase media no desapareci\u00f3: la est\u00e1n desapareciendo. Dej\u00f3 de ser un mito para transformarse en una fila. Una fila de tuppers vac\u00edos esperando lo b\u00e1sico: comida. Y si ese no es el colapso de un modelo econ\u00f3mico, \u00bfqu\u00e9 lo ser\u00eda?<\/p>\n\n\n\n<hr class=\"wp-block-separator has-alpha-channel-opacity\"\/>\n\n\n\n<h3 class=\"wp-block-heading\"><strong>T\u00edtulos alternativos:<\/strong><\/h3>\n\n\n\n<p><strong>Estilo Rodolfo Walsh:<\/strong><\/p>\n\n\n\n<ul class=\"wp-block-list\">\n<li><em>Cr\u00f3nica de una clase media en extinci\u00f3n<\/em><\/li>\n\n\n\n<li><em>Las viandas del ajuste<\/em><\/li>\n<\/ul>\n\n\n\n<p><strong>Estilo The New York Times (traducci\u00f3n libre):<\/strong><\/p>\n\n\n\n<ul class=\"wp-block-list\">\n<li><em>Argentina\u2019s Middle Class Joins the Hunger Line<\/em><\/li>\n\n\n\n<li><em>When a Job Isn\u2019t Enough to Eat<\/em><\/li>\n<\/ul>\n\n\n\n<p><strong>Estilo Telediario \/ m\u00e1s directo:<\/strong><\/p>\n\n\n\n<h3 class=\"wp-block-heading\"><strong>Etiquetas:<\/strong><\/h3>\n\n\n\n<ul class=\"wp-block-list\">\n<li>Crisis social<\/li>\n\n\n\n<li>Ajuste econ\u00f3mico<\/li>\n\n\n\n<li>Comedores populares<\/li>\n\n\n\n<li>Gobierno de Javier Milei<\/li>\n\n\n\n<li><\/li>\n<\/ul>\n\n\n\n<p><\/p>\n","protected":false},"excerpt":{"rendered":"<p>Mientras el gobierno celebra la salida del cepo y promete \u201ccrecimiento\u201d, los comedores populares reciben cada vez m\u00e1s trabajadores, jubilados y familias que ya no logran cubrir el plato de comida diario. La postal se repite de norte a sur, de barrios populares a calles asfaltadas de clase media: trabajadores en actividad, jubilados con casa&#8230;<\/p>\n","protected":false},"author":13,"featured_media":3577,"comment_status":"open","ping_status":"open","sticky":false,"template":"","format":"standard","meta":{"_monsterinsights_skip_tracking":false,"_monsterinsights_sitenote_active":false,"_monsterinsights_sitenote_note":"","_monsterinsights_sitenote_category":0,"footnotes":"","jetpack_publicize_message":"","jetpack_publicize_feature_enabled":true,"jetpack_social_post_already_shared":true,"jetpack_social_options":{"image_generator_settings":{"template":"highway","default_image_id":0,"font":"","enabled":false},"version":2}},"categories":[4],"tags":[1339,43,475],"class_list":["post-3578","post","type-post","status-publish","format-standard","has-post-thumbnail","hentry","category-sociedad","tag-comedores","tag-crisis","tag-pobreza"],"jetpack_publicize_connections":[],"_links":{"self":[{"href":"https:\/\/www.enorsai.com\/noticias\/wp-json\/wp\/v2\/posts\/3578","targetHints":{"allow":["GET"]}}],"collection":[{"href":"https:\/\/www.enorsai.com\/noticias\/wp-json\/wp\/v2\/posts"}],"about":[{"href":"https:\/\/www.enorsai.com\/noticias\/wp-json\/wp\/v2\/types\/post"}],"author":[{"embeddable":true,"href":"https:\/\/www.enorsai.com\/noticias\/wp-json\/wp\/v2\/users\/13"}],"replies":[{"embeddable":true,"href":"https:\/\/www.enorsai.com\/noticias\/wp-json\/wp\/v2\/comments?post=3578"}],"version-history":[{"count":1,"href":"https:\/\/www.enorsai.com\/noticias\/wp-json\/wp\/v2\/posts\/3578\/revisions"}],"predecessor-version":[{"id":3584,"href":"https:\/\/www.enorsai.com\/noticias\/wp-json\/wp\/v2\/posts\/3578\/revisions\/3584"}],"wp:featuredmedia":[{"embeddable":true,"href":"https:\/\/www.enorsai.com\/noticias\/wp-json\/wp\/v2\/media\/3577"}],"wp:attachment":[{"href":"https:\/\/www.enorsai.com\/noticias\/wp-json\/wp\/v2\/media?parent=3578"}],"wp:term":[{"taxonomy":"category","embeddable":true,"href":"https:\/\/www.enorsai.com\/noticias\/wp-json\/wp\/v2\/categories?post=3578"},{"taxonomy":"post_tag","embeddable":true,"href":"https:\/\/www.enorsai.com\/noticias\/wp-json\/wp\/v2\/tags?post=3578"}],"curies":[{"name":"wp","href":"https:\/\/api.w.org\/{rel}","templated":true}]}}