{"id":3570,"date":"2025-04-21T16:08:21","date_gmt":"2025-04-21T19:08:21","guid":{"rendered":"http:\/\/www.enorsai.com\/noticias\/?p=3570"},"modified":"2025-04-21T16:25:39","modified_gmt":"2025-04-21T19:25:39","slug":"veintidos-minutos-de-incomodidad-la-recepcion-mas-fria-del-papa","status":"publish","type":"post","link":"https:\/\/www.enorsai.com\/noticias\/sociedad\/veintidos-minutos-de-incomodidad-la-recepcion-mas-fria-del-papa\/","title":{"rendered":"Veintid\u00f3s minutos de incomodidad: La recepci\u00f3n m\u00e1s fr\u00eda del Papa"},"content":{"rendered":"\n<h3 class=\"wp-block-heading\"><strong>El ef\u00edmero encuentro entre Mauricio Macri y el papa Francisco en 2016 fue tan breve como inc\u00f3modo. Ni pol\u00edtica, ni fe: apenas un tr\u00e1mite sin alma ni proyecto.<\/strong><\/h3>\n\n\n\n<p>En una audiencia que dur\u00f3 apenas 22 minutos, el entonces presidente Mauricio Macri fue recibido por el papa Francisco en el Vaticano. Detr\u00e1s de los gestos fr\u00edos y la tensi\u00f3n evidente, se escond\u00eda una historia de desencuentros pol\u00edticos, modelos antag\u00f3nicos y un profundo desprecio mutuo. El encuentro m\u00e1s breve entre un pont\u00edfice argentino y un presidente de su pa\u00eds fue la confirmaci\u00f3n de una grieta no solo pol\u00edtica, sino espiritual y moral.<\/p>\n\n\n\n<p>El 27 de febrero de 2016, apenas dos meses despu\u00e9s de haber asumido la presidencia, Mauricio Macri visit\u00f3 al papa Francisco en el Vaticano. La expectativa oficial era vender una postal: el primer mandatario argentino junto al primer Papa argentino, abrazados por la fe, por la patria y por un supuesto di\u00e1logo maduro. Pero lo que obtuvieron fue una fotograf\u00eda g\u00e9lida, casi obligada, de una reuni\u00f3n que dur\u00f3 exactamente 22 minutos. Nada m\u00e1s.<\/p>\n\n\n\n<p><strong>Veintid\u00f3s minutos.<\/strong> Esa cifra bast\u00f3 para que la prensa internacional, el Vaticano y los propios aliados de Macri entendieran que lo que hab\u00eda entre ambos no era distancia, era desd\u00e9n. La visita pas\u00f3 a la historia no por su contenido (porque no lo tuvo), sino por su duraci\u00f3n, por la ausencia de sonrisas y por un lenguaje corporal que gritaba lo que ning\u00fan comunicado se animaba a decir.<\/p>\n\n\n\n<h4 class=\"wp-block-heading\">\u2744\ufe0f Frialdad diplom\u00e1tica, desd\u00e9n pol\u00edtico<\/h4>\n\n\n\n<p>El breve tiempo del encuentro fue la expresi\u00f3n m\u00e1s contundente del malestar del papa Francisco con Macri. Porque Francisco no olvida. No olvida que cuando Jorge Bergoglio era arzobispo de Buenos Aires, Macri \u2013entonces jefe de Gobierno porte\u00f1o\u2013 evitaba reunirse con \u00e9l, e incluso lleg\u00f3 a ignorarlo en actos p\u00fablicos. No olvida que su pr\u00e9dica por una Iglesia \u201cpobre y para los pobres\u201d chocaba frontalmente con la ideolog\u00eda neoliberal, meritocr\u00e1tica y elitista de Cambiemos.<\/p>\n\n\n\n<p>Durante su papado, Francisco no dud\u00f3 en recibir durante horas a dirigentes sociales, sindicalistas, campesinos y referentes de derechos humanos. A Evo Morales lo recibi\u00f3 durante m\u00e1s de una hora; a Cristina Kirchner, en m\u00faltiples ocasiones, incluso en almuerzos distendidos que se extend\u00edan m\u00e1s all\u00e1 del protocolo. A Macri, en cambio, lo recibi\u00f3 como quien cumple con un tr\u00e1mite engorroso: se sienta, escucha, se despide.<\/p>\n\n\n\n<p>\u00bfDe qu\u00e9 hablaron? Nadie lo recuerda. Porque no hubo temas de fondo. Fue una reuni\u00f3n sin agenda clara, sin contenido trascendente, sin calor humano. Francisco le regal\u00f3 los documentos del Vaticano sobre la paz, la enc\u00edclica <em>Laudato Si&#8217;<\/em> sobre el cuidado del ambiente, y el documento del S\u00ednodo de la Familia. Macri le devolvi\u00f3 una cajita con mates. El simbolismo era brutal: uno hablaba de pobreza, desigualdad y justicia global; el otro, de souvenirs.<\/p>\n\n\n\n<figure class=\"wp-block-embed is-type-wp-embed is-provider-incrustado wp-block-embed-incrustado wp-embed-aspect-16-9 wp-has-aspect-ratio\"><div class=\"wp-block-embed__wrapper\">\n<blockquote class=\"wp-embedded-content\" data-secret=\"sBhrYce7jq\"><a href=\"https:\/\/www.enorsai.com\/noticias\/sociedad\/la-despedida-de-cristina-fernandez-de-kirchner-al-papa-francisco\/\">La despedida de Cristina Fern\u00e1ndez de Kirchner al papa Francisco<\/a><\/blockquote><iframe loading=\"lazy\" class=\"wp-embedded-content\" sandbox=\"allow-scripts\" security=\"restricted\" style=\"position: absolute; visibility: hidden;\" title=\"\u00abLa despedida de Cristina Fern\u00e1ndez de Kirchner al papa Francisco\u00bb \u2014 \" src=\"https:\/\/www.enorsai.com\/noticias\/sociedad\/la-despedida-de-cristina-fernandez-de-kirchner-al-papa-francisco\/embed\/#?secret=S0L5k3SJ2K#?secret=sBhrYce7jq\" data-secret=\"sBhrYce7jq\" width=\"600\" height=\"338\" frameborder=\"0\" marginwidth=\"0\" marginheight=\"0\" scrolling=\"no\"><\/iframe>\n<\/div><\/figure>\n\n\n\n<h4 class=\"wp-block-heading\">\ud83d\udcc9 El marketing no tapa la verdad<\/h4>\n\n\n\n<p>El gobierno de Cambiemos intent\u00f3 minimizar el episodio. \u201cFue una muy buena reuni\u00f3n\u201d, declararon funcionarios sin rubor. Pero los gestos son m\u00e1s elocuentes que las palabras. El Vaticano no emiti\u00f3 comunicado conjunto. No hubo conferencia de prensa, ni rueda de medios. Apenas una foto, una silla, dos hombres que no se miraban y un reloj que avanzaba demasiado r\u00e1pido para una audiencia papal.<\/p>\n\n\n\n<p>Esa frialdad contrast\u00f3 con las audiencias prolongadas que Francisco dedic\u00f3 a otros l\u00edderes pol\u00edticos, incluso adversarios ideol\u00f3gicos. Porque Francisco puede disentir, pero cuando percibe autenticidad, di\u00e1logo sincero o compromiso social, tiende puentes. Con Macri no hab\u00eda puentes posibles. Solo un abismo entre dos formas de entender el mundo.<\/p>\n\n\n\n<p>Francisco sostiene una visi\u00f3n profundamente comunitaria, centrada en el humanismo cristiano, en la dignidad del trabajo, en el rol del Estado como garante del bien com\u00fan. Macri representa la otra orilla: el mercado como dios, el individuo como \u00fanica medida, la meritocracia como disfraz del privilegio.<\/p>\n\n\n\n<h4 class=\"wp-block-heading\">\ud83d\udcda Bergoglio, el Papa de las causas, no del protocolo<\/h4>\n\n\n\n<p>Muchos esperaban que el primer Papa argentino estableciera una relaci\u00f3n estrecha con su pa\u00eds de origen. Pero Francisco, astuto, sabe que el amor a la patria no implica complicidad con sus elites. Consciente de los abusos del poder econ\u00f3mico en Am\u00e9rica Latina, Francisco prefiri\u00f3 tejer redes con los de abajo: movimientos sociales, curas villeros, cartoneros, trabajadores, cooperativas, v\u00edctimas de la trata, migrantes. All\u00ed puso su energ\u00eda, su tiempo y su afecto.<\/p>\n\n\n\n<p>A Francisco no lo conmueve el poder por el poder mismo. Lo incomoda. Lo huele. Y cuando lo percibe ajeno a la justicia social, lo enfrenta con claridad, aunque sea entre sonrisas diplom\u00e1ticas. Su cr\u00edtica al \u201ccapitalismo salvaje\u201d no es una met\u00e1fora, es doctrina. Y por eso fue inc\u00f3modo para los gobiernos de derecha en todo el continente.<\/p>\n\n\n\n<p>Para el Papa, la pol\u00edtica no es neutral: o se est\u00e1 del lado del pueblo o del lado de los privilegiados. Y Macri, desde el minuto uno, dej\u00f3 en claro a qu\u00e9 intereses serv\u00eda. Privatizaciones, endeudamiento, ajuste, represi\u00f3n, tarifazos, despidos. \u00bfQu\u00e9 di\u00e1logo posible podr\u00eda haber con el Papa de la periferia?<\/p>\n\n\n\n<h4 class=\"wp-block-heading\">\ud83e\uddca El fracaso de un relato<\/h4>\n\n\n\n<p>El gobierno de Cambiemos apost\u00f3 a construir un relato de reconciliaci\u00f3n. Quiso mostrar a Macri como un l\u00edder moderno, abierto, dialoguista, en sinton\u00eda con los nuevos tiempos. Pero en 22 minutos, Francisco desmont\u00f3 ese relato. No lo confront\u00f3 con gritos. No lo denunci\u00f3. Simplemente lo ignor\u00f3. El peor castigo para quienes necesitan la imagen m\u00e1s que la sustancia.<\/p>\n\n\n\n<p>No se trat\u00f3 solo de un traspi\u00e9 diplom\u00e1tico. Fue una escena simb\u00f3lica de toda una gesti\u00f3n. Macri no entend\u00eda ni quer\u00eda entender la dimensi\u00f3n pol\u00edtica de Francisco. Lo ve\u00eda como un cura progresista con veleidades populistas. No comprend\u00eda que ese Papa, con su tono pausado y su sonrisa suave, estaba dando las batallas m\u00e1s duras contra el poder concentrado, el extractivismo y la exclusi\u00f3n global.<\/p>\n\n\n\n<hr class=\"wp-block-separator has-alpha-channel-opacity\"\/>\n\n\n\n<h3 class=\"wp-block-heading\">\u270d\ufe0f CIERRE<\/h3>\n\n\n\n<p>El encuentro de 22 minutos entre Mauricio Macri y el papa Francisco fue mucho m\u00e1s que una reuni\u00f3n breve. Fue la radiograf\u00eda perfecta de dos mundos irreconciliables: el del neoliberalismo sin alma y el del humanismo con fe. El del marketing vac\u00edo y el de la palabra con contenido. El del poder financiero y el de la justicia social.<\/p>\n\n\n\n<p>Macri viaj\u00f3 al Vaticano buscando una foto. Francisco le entreg\u00f3 un espejo. En ese reflejo, no hab\u00eda lugar para el cinismo ni la indiferencia. Solo el silencio de quien ya ha decidido que con algunos no se discute: se los deja pasar. Como un mal sue\u00f1o de 22 minutos que nunca debi\u00f3 haber comenzado.<\/p>\n\n\n\n<hr class=\"wp-block-separator has-alpha-channel-opacity\"\/>\n\n\n\n<p>\u00bfQuer\u00e9s que te arme tambi\u00e9n los textos para redes (Facebook, X\/Twitter, Instagram), etiquetas y el SEO como hicimos antes?<\/p>\n","protected":false},"excerpt":{"rendered":"<p>Mauricio Macri fue recibido por el papa Francisco en una audiencia que dur\u00f3 apenas 22 minutos. El encuentro, fr\u00edo e inc\u00f3modo, expuso las profundas diferencias entre el neoliberalismo de Cambiemos y el humanismo social del pont\u00edfice. Sin di\u00e1logo real ni conexi\u00f3n, fue el s\u00edmbolo perfecto de una relaci\u00f3n rota.<\/p>\n","protected":false},"author":9,"featured_media":3573,"comment_status":"open","ping_status":"open","sticky":false,"template":"","format":"standard","meta":{"_monsterinsights_skip_tracking":false,"_monsterinsights_sitenote_active":false,"_monsterinsights_sitenote_note":"","_monsterinsights_sitenote_category":0,"footnotes":"","jetpack_publicize_message":"\ud83e\uddca 22 minutos. Eso dur\u00f3 el encuentro entre Macri y el papa Francisco. Ni calidez ni di\u00e1logo. Solo silencio y tensi\u00f3n.","jetpack_publicize_feature_enabled":true,"jetpack_social_post_already_shared":false,"jetpack_social_options":{"image_generator_settings":{"template":"highway","enabled":false},"version":2}},"categories":[4],"tags":[1330,516],"class_list":["post-3570","post","type-post","status-publish","format-standard","has-post-thumbnail","hentry","category-sociedad","tag-francisco","tag-mauricio-macri"],"jetpack_publicize_connections":[],"_links":{"self":[{"href":"https:\/\/www.enorsai.com\/noticias\/wp-json\/wp\/v2\/posts\/3570","targetHints":{"allow":["GET"]}}],"collection":[{"href":"https:\/\/www.enorsai.com\/noticias\/wp-json\/wp\/v2\/posts"}],"about":[{"href":"https:\/\/www.enorsai.com\/noticias\/wp-json\/wp\/v2\/types\/post"}],"author":[{"embeddable":true,"href":"https:\/\/www.enorsai.com\/noticias\/wp-json\/wp\/v2\/users\/9"}],"replies":[{"embeddable":true,"href":"https:\/\/www.enorsai.com\/noticias\/wp-json\/wp\/v2\/comments?post=3570"}],"version-history":[{"count":5,"href":"https:\/\/www.enorsai.com\/noticias\/wp-json\/wp\/v2\/posts\/3570\/revisions"}],"predecessor-version":[{"id":3576,"href":"https:\/\/www.enorsai.com\/noticias\/wp-json\/wp\/v2\/posts\/3570\/revisions\/3576"}],"wp:featuredmedia":[{"embeddable":true,"href":"https:\/\/www.enorsai.com\/noticias\/wp-json\/wp\/v2\/media\/3573"}],"wp:attachment":[{"href":"https:\/\/www.enorsai.com\/noticias\/wp-json\/wp\/v2\/media?parent=3570"}],"wp:term":[{"taxonomy":"category","embeddable":true,"href":"https:\/\/www.enorsai.com\/noticias\/wp-json\/wp\/v2\/categories?post=3570"},{"taxonomy":"post_tag","embeddable":true,"href":"https:\/\/www.enorsai.com\/noticias\/wp-json\/wp\/v2\/tags?post=3570"}],"curies":[{"name":"wp","href":"https:\/\/api.w.org\/{rel}","templated":true}]}}