{"id":3567,"date":"2025-04-21T15:49:11","date_gmt":"2025-04-21T18:49:11","guid":{"rendered":"http:\/\/www.enorsai.com\/noticias\/?p=3567"},"modified":"2025-04-21T15:49:11","modified_gmt":"2025-04-21T18:49:11","slug":"la-despedida-de-cristina-fernandez-de-kirchner-al-papa-francisco","status":"publish","type":"post","link":"https:\/\/www.enorsai.com\/noticias\/sociedad\/la-despedida-de-cristina-fernandez-de-kirchner-al-papa-francisco\/","title":{"rendered":"La despedida de Cristina Fern\u00e1ndez de Kirchner al papa Francisco"},"content":{"rendered":"\n<p>La expresidenta evoc\u00f3 su primer encuentro con Jorge Bergoglio ya como Sumo Pont\u00edfice y traz\u00f3 una despedida cargada de simbolismo, memoria pol\u00edtica y sensibilidad humana, en un mensaje que interpela m\u00e1s all\u00e1 del protocolo.<\/p>\n\n\n\n<p>Cristina Fern\u00e1ndez de Kirchner eligi\u00f3 palabras cargadas de afecto, literatura y militancia para despedir al papa Francisco. Con la impronta que la caracteriza, record\u00f3 aquel primer encuentro en 2013 donde coincidieron en su amor por Marechal y en la certeza de que la Iglesia deb\u00eda librar batallas celestiales desde la Tierra. Su mensaje, lejos de ser un adi\u00f3s institucional, construye una cr\u00f3nica \u00edntima de dos figuras p\u00fablicas que se encontraron, se reconocieron y caminaron en paralelo en tiempos de confrontaci\u00f3n global entre justicia social y capitalismo despiadado.<\/p>\n\n\n\n<p>La expresidenta Cristina Fern\u00e1ndez de Kirchner no escribe como una ex jefa de Estado. Escribe, incluso cuando lo hace desde un rol formal, como una narradora de s\u00ed misma, como alguien que entiende que las palabras son materia pol\u00edtica. Y su despedida p\u00fablica al papa Francisco no fue la excepci\u00f3n. No fue una oraci\u00f3n lit\u00fargica ni una f\u00f3rmula diplom\u00e1tica. Fue, como tantas veces, una operaci\u00f3n de memoria, pol\u00edtica y emoci\u00f3n.<\/p>\n\n\n\n<p>\u201cEl rostro de una Iglesia m\u00e1s humana, con los pies en la tierra sin dejar de mirar el cielo\u201d, escribi\u00f3 Cristina, encapsulando en una sola frase el drama espiritual, pol\u00edtico y cultural que represent\u00f3 Jorge Mario Bergoglio desde que fue ungido como el primer papa latinoamericano de la historia. Pero la clave de su mensaje no est\u00e1 solo en la alabanza, sino en el gesto de traer al presente aquel primer encuentro que compartieron en marzo de 2013. No fue cualquier recuerdo: fue una evocaci\u00f3n literaria, una cita cargada de simbolismo ideol\u00f3gico y est\u00e9tico, que trasciende la an\u00e9cdota para inscribirse en una genealog\u00eda compartida.<\/p>\n\n\n\n<p>Cristina cont\u00f3 que le mencion\u00f3 a Francisco una frase que a\u00fan resuena como profec\u00eda: \u201cLo esperaban batallas celestiales\u201d. Y que \u00e9l, entre risas, le respondi\u00f3 que <em>Megaf\u00f3n o la guerra<\/em>, de Leopoldo Marechal, era su libro preferido. All\u00ed, en esa escena aparentemente \u00edntima, se despleg\u00f3 el andamiaje de una sinton\u00eda profunda: la de una dirigencia que, m\u00e1s all\u00e1 de los cargos, se reconoce en la tradici\u00f3n nacional, popular y cat\u00f3lica; una tradici\u00f3n que entiende el poder no solo como gesti\u00f3n, sino como cruzada \u00e9tica, como responsabilidad espiritual ante un mundo donde la injusticia se ha vuelto estructura.<\/p>\n\n\n\n<p>Francisco fue, para Cristina, el rostro visible de esa posibilidad: la de una Iglesia que no se encierra en el dogma, sino que baja al barro, que habla de los pobres y con los pobres, que se enfrenta a las l\u00f3gicas depredadoras del mercado global. El papa peronista, dir\u00e1n algunos con sorna o con cari\u00f1o, seg\u00fan de qu\u00e9 lado del mostrador se ubiquen. Pero ese mote no lo define: lo que lo defini\u00f3, y lo que Cristina recupera en su despedida, fue su firme decisi\u00f3n de no callar ante los poderes que deshumanizan.<\/p>\n\n\n\n<p>Es dif\u00edcil exagerar el peso pol\u00edtico del papa Francisco en estos a\u00f1os de dislocaci\u00f3n global. Su defensa de la justicia social, su rechazo a la guerra, su llamado constante a cuidar la casa com\u00fan, su batalla contra los abusos dentro de la Iglesia y contra el capitalismo financiero desenfrenado, lo convirtieron en un actor inc\u00f3modo para muchos, y una br\u00fajula moral para otros. Fue todo lo que la derecha internacional detesta: un l\u00edder espiritual que cuestiona el orden neoliberal y que habla desde Roma pero piensa desde el sur.<\/p>\n\n\n\n<p>Y eso, claro, tambi\u00e9n incomod\u00f3 en Argentina. Francisco fue blanco de ataques medi\u00e1ticos furiosos por parte de los sectores m\u00e1s reaccionarios, que no le perdonan ni su cercan\u00eda con los movimientos populares ni su pasado porte\u00f1o. Ni hablar de su compleja relaci\u00f3n con los gobiernos de Mauricio Macri y de Javier Milei, quienes siempre vieron en \u00e9l un obst\u00e1culo cultural antes que un aliado espiritual. En ese contexto, la despedida de Cristina se vuelve tambi\u00e9n una forma de marcar territorio: de decir qui\u00e9n fue Francisco, contra quienes lo combatieron.<\/p>\n\n\n\n<figure class=\"wp-block-embed is-type-wp-embed is-provider-incrustar-twitter wp-block-embed-incrustar-twitter wp-embed-aspect-16-9 wp-has-aspect-ratio\"><div class=\"wp-block-embed__wrapper\">\n<blockquote class=\"wp-embedded-content\" data-secret=\"kye7Vey3oM\"><a href=\"https:\/\/www.enorsai.com\/noticias\/sociedad\/francisco-el-papa-que-incomodo-al-poder-y-murio-sin-renunciar-a-los-pobres\/\">Francisco: el Papa que incomod\u00f3 al poder y muri\u00f3 sin renunciar a los pobres<\/a><\/blockquote><iframe loading=\"lazy\" class=\"wp-embedded-content\" sandbox=\"allow-scripts\" security=\"restricted\" style=\"position: absolute; visibility: hidden;\" title=\"\u00abFrancisco: el Papa que incomod\u00f3 al poder y muri\u00f3 sin renunciar a los pobres\u00bb \u2014 \" src=\"https:\/\/www.enorsai.com\/noticias\/sociedad\/francisco-el-papa-que-incomodo-al-poder-y-murio-sin-renunciar-a-los-pobres\/embed\/#?secret=KThJWmDzaa#?secret=kye7Vey3oM\" data-secret=\"kye7Vey3oM\" width=\"600\" height=\"338\" frameborder=\"0\" marginwidth=\"0\" marginheight=\"0\" scrolling=\"no\"><\/iframe>\n<\/div><\/figure>\n\n\n\n<p>Pero la nota de despedida no es solo pol\u00edtica. Hay en ella una tristeza real, una melancol\u00eda que no se disimula. \u201cTe vamos a extra\u00f1ar Francisco, la tristeza que tenemos es infinita\u201d, escribe la expresidenta, con una honestidad que resiste cualquier lectura c\u00ednica. Porque m\u00e1s all\u00e1 del Papa, se va el hombre que supo mirar a su tierra desde la c\u00fapula m\u00e1s alta del Vaticano sin perder el v\u00ednculo con su historia ni con su pueblo. Un hombre que \u2014como Cristina\u2014 comprend\u00eda que en la batalla por las almas tambi\u00e9n se juega la batalla por la dignidad humana.<\/p>\n\n\n\n<p>Ese v\u00ednculo entre ambos, teji\u00f3 con los a\u00f1os una relaci\u00f3n pol\u00edtica de respeto y distancia estrat\u00e9gica. No fueron aliados formales, pero nunca enemigos. Y sobre todo, compartieron un diagn\u00f3stico: el de una humanidad rota por la desigualdad, un planeta al borde del colapso ecol\u00f3gico y un sistema financiero desalmado que vac\u00eda de sentido cualquier proyecto de comunidad. Por eso, cuando Cristina recuerda aquel primer encuentro y la cita de <em>Megaf\u00f3n o la guerra<\/em>, no solo habla de literatura, habla de la lucha. Porque Marechal no escribi\u00f3 sobre una guerra cualquiera, sino sobre la guerra interior del alma frente a la barbarie del mundo moderno.<\/p>\n\n\n\n<p>La despedida de Cristina es, as\u00ed, un texto de m\u00faltiples capas. Una eleg\u00eda personal. Un manifiesto ideol\u00f3gico. Un acto de memoria. Y tambi\u00e9n una advertencia, sutil pero filosa, frente a un mundo donde la figura del Papa vuelve a estar en disputa. Porque no hay vac\u00edo en el poder espiritual: la partida de Francisco deja un lugar que puede ser ocupado por voces mucho m\u00e1s retr\u00f3gradas, por discursos que reniegan de los pobres, que condenan la diversidad, que sacralizan el capital.<\/p>\n\n\n\n<p>En este sentido, el mensaje de la expresidenta no es s\u00f3lo una despedida sino una reafirmaci\u00f3n: la defensa de una Iglesia comprometida con la justicia, y la reivindicaci\u00f3n de un liderazgo que, desde Roma, supo interpelar al poder con una claridad prof\u00e9tica. En un tiempo donde el cinismo parece ley, Cristina eligi\u00f3 la literatura, la memoria y la emoci\u00f3n para despedir a un aliado \u00e9tico. Eligi\u00f3 recordar aquella risa compartida, aquel Marechal com\u00fan, como si dijera: aqu\u00ed hubo algo verdadero.<\/p>\n\n\n\n<p>Y quiz\u00e1s ese sea el n\u00facleo del mensaje. Porque en tiempos de relativismo moral, recordar que alguna vez hubo quienes se rieron juntos mientras hablaban de batallas celestiales no es una nostalgia vac\u00eda, sino una apuesta a que todav\u00eda es posible una pol\u00edtica del alma. Una pol\u00edtica que, como dec\u00eda el papa Francisco, \u201cno deja a nadie atr\u00e1s\u201d. Una pol\u00edtica que, como cre\u00eda Cristina, no se resigna a un mundo dividido entre ganadores y descartados.<\/p>\n\n\n\n<p>Ese es el legado que ambos compartieron. Y eso es lo que, en definitiva, duele tanto perder.<\/p>\n","protected":false},"excerpt":{"rendered":"<p>Cristina Fern\u00e1ndez de Kirchner despidi\u00f3 al papa Francisco evocando su primer encuentro en 2013, con una referencia compartida a Megaf\u00f3n o la guerra. Su mensaje, cargado de sensibilidad y cr\u00edtica social, se transforma en una declaraci\u00f3n pol\u00edtica frente a la ofensiva de los sectores reaccionarios, incluidos los del actual gobierno argentino.<\/p>\n","protected":false},"author":12,"featured_media":3568,"comment_status":"open","ping_status":"open","sticky":false,"template":"","format":"standard","meta":{"_monsterinsights_skip_tracking":false,"_monsterinsights_sitenote_active":false,"_monsterinsights_sitenote_note":"","_monsterinsights_sitenote_category":0,"footnotes":"","jetpack_publicize_message":"\ud83d\udcf8 Cristina Kirchner despidi\u00f3 al papa Francisco con una cita de Megaf\u00f3n o la guerra de Marechal.\n\ud83d\udcac \u201cFue el rostro de una Iglesia con los pies en la tierra sin dejar de mirar al cielo\u201d","jetpack_publicize_feature_enabled":true,"jetpack_social_post_already_shared":false,"jetpack_social_options":{"image_generator_settings":{"template":"highway","enabled":false},"version":2}},"categories":[4],"tags":[93,1337,87,1330,1328,1335,1336,363,72,1329],"class_list":["post-3567","post","type-post","status-publish","format-standard","has-post-thumbnail","hentry","category-sociedad","tag-argentina","tag-bergoglio","tag-cristina","tag-francisco","tag-iglesia","tag-literatura","tag-marechal","tag-peronismo","tag-politica","tag-vaticano"],"jetpack_publicize_connections":[],"_links":{"self":[{"href":"https:\/\/www.enorsai.com\/noticias\/wp-json\/wp\/v2\/posts\/3567","targetHints":{"allow":["GET"]}}],"collection":[{"href":"https:\/\/www.enorsai.com\/noticias\/wp-json\/wp\/v2\/posts"}],"about":[{"href":"https:\/\/www.enorsai.com\/noticias\/wp-json\/wp\/v2\/types\/post"}],"author":[{"embeddable":true,"href":"https:\/\/www.enorsai.com\/noticias\/wp-json\/wp\/v2\/users\/12"}],"replies":[{"embeddable":true,"href":"https:\/\/www.enorsai.com\/noticias\/wp-json\/wp\/v2\/comments?post=3567"}],"version-history":[{"count":1,"href":"https:\/\/www.enorsai.com\/noticias\/wp-json\/wp\/v2\/posts\/3567\/revisions"}],"predecessor-version":[{"id":3569,"href":"https:\/\/www.enorsai.com\/noticias\/wp-json\/wp\/v2\/posts\/3567\/revisions\/3569"}],"wp:featuredmedia":[{"embeddable":true,"href":"https:\/\/www.enorsai.com\/noticias\/wp-json\/wp\/v2\/media\/3568"}],"wp:attachment":[{"href":"https:\/\/www.enorsai.com\/noticias\/wp-json\/wp\/v2\/media?parent=3567"}],"wp:term":[{"taxonomy":"category","embeddable":true,"href":"https:\/\/www.enorsai.com\/noticias\/wp-json\/wp\/v2\/categories?post=3567"},{"taxonomy":"post_tag","embeddable":true,"href":"https:\/\/www.enorsai.com\/noticias\/wp-json\/wp\/v2\/tags?post=3567"}],"curies":[{"name":"wp","href":"https:\/\/api.w.org\/{rel}","templated":true}]}}