{"id":3565,"date":"2025-04-21T06:51:49","date_gmt":"2025-04-21T09:51:49","guid":{"rendered":"https:\/\/www.enorsai.com\/noticias\/mundo\/cuando-sera-el-entierro-y-cuando-comienza-el-conclave\/"},"modified":"2025-04-21T06:51:49","modified_gmt":"2025-04-21T09:51:49","slug":"cuando-sera-el-entierro-y-cuando-comienza-el-conclave","status":"publish","type":"post","link":"https:\/\/www.enorsai.com\/noticias\/mundo\/cuando-sera-el-entierro-y-cuando-comienza-el-conclave\/","title":{"rendered":"\u00bfCu\u00e1ndo ser\u00e1 el entierro y cu\u00e1ndo comienza el c\u00f3nclave?"},"content":{"rendered":"\n<p><br>El Papa debe ser enterrado entre el cuarto y el sexto d\u00eda despu\u00e9s de su muerte. Le sigue un per\u00edodo de luto de nueve d\u00edas, conocido como &#8216;novemdiales&#8217;. Gran parte de los procedimientos funerarios y de duelo suelen ser planificados previamente por el propio Papa, que deja instrucciones detalladas para que las ejecute el Camarlengo.<br><br>15 d\u00edas despu\u00e9s del fallecimiento del Papa, comienza el c\u00f3nclave papal. Se trata de la asamblea a puerta cerrada en la que el Colegio Cardenalicio elige al pr\u00f3ximo l\u00edder de la Iglesia Cat\u00f3lica. La palabra c\u00f3nclave, del lat\u00edn &#8216;cum clave&#8217; (&#8216;con llave&#8217;), hace referencia al secreto y el aislamiento impuestos a los participantes.<br><br><br>Para evitar interferencias externas, todos los cardenales elegibles, menores de 80 a\u00f1os y no excomulgados, son encerrados en la Capilla Sixtina. El primer d\u00eda, celebran una misa y se dirigen a la capilla, donde prestan juramento de seguir las estrictas normas que rigen la elecci\u00f3n.<br><br>La votaci\u00f3n contin\u00faa diariamente hasta que un candidato obtiene una mayor\u00eda de dos tercios. Despu\u00e9s de cada ronda, se queman las papeletas. El humo negro indica que la votaci\u00f3n no ha sido concluyente; la fumata blanca anuncia al mundo que se ha elegido un nuevo Papa.<\/p>\n\n\n\n<p>Fuente:<\/p>\n\n\n\n<ul class=\"wp-block-list\">\n<li>Agencia de noticias Euronews<\/li>\n<\/ul>\n","protected":false},"excerpt":{"rendered":"<p>El Papa debe ser enterrado entre el cuarto y el sexto d\u00eda despu\u00e9s de su muerte. Le sigue un per\u00edodo de luto de nueve d\u00edas, conocido como &#8216;novemdiales&#8217;. Gran parte de los procedimientos funerarios y de duelo suelen ser planificados previamente por el propio Papa, que deja instrucciones detalladas para que las ejecute el Camarlengo&#8230;.<\/p>\n","protected":false},"author":1,"featured_media":3564,"comment_status":"open","ping_status":"open","sticky":false,"template":"","format":"standard","meta":{"_monsterinsights_skip_tracking":false,"_monsterinsights_sitenote_active":false,"_monsterinsights_sitenote_note":"","_monsterinsights_sitenote_category":0,"footnotes":"","jetpack_publicize_message":"","jetpack_publicize_feature_enabled":true,"jetpack_social_post_already_shared":true,"jetpack_social_options":{"image_generator_settings":{"template":"highway","default_image_id":0,"font":"","enabled":false},"version":2}},"categories":[7],"tags":[1330,1334],"class_list":["post-3565","post","type-post","status-publish","format-standard","has-post-thumbnail","hentry","category-mundo","tag-francisco","tag-iglesia-catolica"],"jetpack_publicize_connections":[],"_links":{"self":[{"href":"https:\/\/www.enorsai.com\/noticias\/wp-json\/wp\/v2\/posts\/3565","targetHints":{"allow":["GET"]}}],"collection":[{"href":"https:\/\/www.enorsai.com\/noticias\/wp-json\/wp\/v2\/posts"}],"about":[{"href":"https:\/\/www.enorsai.com\/noticias\/wp-json\/wp\/v2\/types\/post"}],"author":[{"embeddable":true,"href":"https:\/\/www.enorsai.com\/noticias\/wp-json\/wp\/v2\/users\/1"}],"replies":[{"embeddable":true,"href":"https:\/\/www.enorsai.com\/noticias\/wp-json\/wp\/v2\/comments?post=3565"}],"version-history":[{"count":0,"href":"https:\/\/www.enorsai.com\/noticias\/wp-json\/wp\/v2\/posts\/3565\/revisions"}],"wp:featuredmedia":[{"embeddable":true,"href":"https:\/\/www.enorsai.com\/noticias\/wp-json\/wp\/v2\/media\/3564"}],"wp:attachment":[{"href":"https:\/\/www.enorsai.com\/noticias\/wp-json\/wp\/v2\/media?parent=3565"}],"wp:term":[{"taxonomy":"category","embeddable":true,"href":"https:\/\/www.enorsai.com\/noticias\/wp-json\/wp\/v2\/categories?post=3565"},{"taxonomy":"post_tag","embeddable":true,"href":"https:\/\/www.enorsai.com\/noticias\/wp-json\/wp\/v2\/tags?post=3565"}],"curies":[{"name":"wp","href":"https:\/\/api.w.org\/{rel}","templated":true}]}}