{"id":3563,"date":"2025-04-21T06:49:12","date_gmt":"2025-04-21T09:49:12","guid":{"rendered":"https:\/\/www.enorsai.com\/noticias\/mundo\/el-conclave-como-se-elige-al-un-nuevo-papa-en-la-iglesia-catolica\/"},"modified":"2025-04-21T06:49:12","modified_gmt":"2025-04-21T09:49:12","slug":"el-conclave-como-se-elige-al-un-nuevo-papa-en-la-iglesia-catolica","status":"publish","type":"post","link":"https:\/\/www.enorsai.com\/noticias\/mundo\/el-conclave-como-se-elige-al-un-nuevo-papa-en-la-iglesia-catolica\/","title":{"rendered":"El c\u00f3nclave: \u00bfC\u00f3mo se elige al un nuevo Papa en la Iglesia cat\u00f3lica?"},"content":{"rendered":"\n<h3 class=\"wp-block-heading c-article-summary\">La muerte del Santo Pont\u00edfice da paso a uno de los El c\u00f3nclave: \u00bfC\u00f3mo se elige a un nuevo Papa en la Iglesia cat\u00f3lica? m\u00e1s solemnes y meticulosamente coreografiados de la Iglesia Cat\u00f3lica.<\/h3>\n\n\n\n<p>Con la\u00a0muerte del Papa Francisco, se pone en marcha uno de los rituales m\u00e1s solemnes y meticulosamente coreografiados de la Iglesia Cat\u00f3lica. El primero en ser informado es el\u00a0<strong>Camarlengo<\/strong>, el cardenal que act\u00faa como administrador interino del Vaticano durante el interregno. Es su deber verificar oficialmente la muerte del Papa.<\/p>\n\n\n\n<p>Seg\u00fan la tradici\u00f3n, el Camarlengo se acerca al cuerpo del Papa y&nbsp;<strong>pronuncia tres veces su nombre de bautismo<\/strong>. Si no hay respuesta, el Papa es declarado formalmente muerto. Se expide un certificado de defunci\u00f3n y se sellan los aposentos papales.<\/p>\n\n\n\n<p>Hist\u00f3ricamente, este ritual se dise\u00f1\u00f3 para evitar robos por parte de cardenales oportunistas. En la actualidad, sirve para&nbsp;<strong>salvaguardar la autenticidad del testamento y las \u00faltimas instrucciones<\/strong>&nbsp;del Papa.<\/p>\n\n\n\n<figure class=\"wp-block-image\"><img decoding=\"async\" src=\"https:\/\/static.euronews.com\/articles\/stories\/09\/21\/92\/30\/808x539_cmsv2_c159547c-40b1-519e-ae5d-cb5f87c295dd-9219230.jpg\" alt=\"Los fieles asisten a la misa de Pascua presidida por el cardenal Angelo Comastri en la Plaza de San Pedro del Vaticano, el 20 de abril de 2025.\"\/><\/figure>\n\n\n\n<p>Los fieles asisten a la misa de Pascua presidida por el cardenal Angelo Comastri en la Plaza de San Pedro del Vaticano, el 20 de abril de 2025.AP<\/p>\n\n\n\n<p>El siguiente acto simb\u00f3lico es la\u00a0<strong>destrucci\u00f3n del &#8216;Anillo del Pescador&#8217;<\/strong>, un anillo de oro que lleva el Papa y que los cat\u00f3licos besan en se\u00f1al de reverencia. El Camarlengo se lo quita y lo parte en dos ante los cardenales reunidos. Esto no solo evita cualquier posible falsificaci\u00f3n de documentos, sino que tambi\u00e9n\u00a0<strong>marca el final del\u00a0papado<\/strong>.<\/p>\n\n\n\n<p>A continuaci\u00f3n, la noticia de la muerte se comunica a trav\u00e9s de los&nbsp;<strong>canales oficiales<\/strong>. En primer lugar, se informa al vicario general de Roma, seguido del Decano del Colegio Cardenalicio, que lo notifica a los dem\u00e1s cardenales. A continuaci\u00f3n, los diplom\u00e1ticos del Vaticano -nuncios apost\u00f3licos- se encargan de informar a las embajadas y misiones extranjeras en todo el mundo.<\/p>\n","protected":false},"excerpt":{"rendered":"<p>La muerte del Santo Pont\u00edfice da paso a uno de los El c\u00f3nclave: \u00bfC\u00f3mo se elige a un nuevo Papa en la Iglesia cat\u00f3lica? m\u00e1s solemnes y meticulosamente coreografiados de la Iglesia Cat\u00f3lica. Con la\u00a0muerte del Papa Francisco, se pone en marcha uno de los rituales m\u00e1s solemnes y meticulosamente coreografiados de la Iglesia Cat\u00f3lica&#8230;.<\/p>\n","protected":false},"author":1,"featured_media":3562,"comment_status":"open","ping_status":"open","sticky":false,"template":"","format":"standard","meta":{"_monsterinsights_skip_tracking":false,"_monsterinsights_sitenote_active":false,"_monsterinsights_sitenote_note":"","_monsterinsights_sitenote_category":0,"footnotes":"","jetpack_publicize_message":"","jetpack_publicize_feature_enabled":true,"jetpack_social_post_already_shared":true,"jetpack_social_options":{"image_generator_settings":{"template":"highway","default_image_id":0,"font":"","enabled":false},"version":2}},"categories":[7],"tags":[1330,1334],"class_list":["post-3563","post","type-post","status-publish","format-standard","has-post-thumbnail","hentry","category-mundo","tag-francisco","tag-iglesia-catolica"],"jetpack_publicize_connections":[],"_links":{"self":[{"href":"https:\/\/www.enorsai.com\/noticias\/wp-json\/wp\/v2\/posts\/3563","targetHints":{"allow":["GET"]}}],"collection":[{"href":"https:\/\/www.enorsai.com\/noticias\/wp-json\/wp\/v2\/posts"}],"about":[{"href":"https:\/\/www.enorsai.com\/noticias\/wp-json\/wp\/v2\/types\/post"}],"author":[{"embeddable":true,"href":"https:\/\/www.enorsai.com\/noticias\/wp-json\/wp\/v2\/users\/1"}],"replies":[{"embeddable":true,"href":"https:\/\/www.enorsai.com\/noticias\/wp-json\/wp\/v2\/comments?post=3563"}],"version-history":[{"count":0,"href":"https:\/\/www.enorsai.com\/noticias\/wp-json\/wp\/v2\/posts\/3563\/revisions"}],"wp:featuredmedia":[{"embeddable":true,"href":"https:\/\/www.enorsai.com\/noticias\/wp-json\/wp\/v2\/media\/3562"}],"wp:attachment":[{"href":"https:\/\/www.enorsai.com\/noticias\/wp-json\/wp\/v2\/media?parent=3563"}],"wp:term":[{"taxonomy":"category","embeddable":true,"href":"https:\/\/www.enorsai.com\/noticias\/wp-json\/wp\/v2\/categories?post=3563"},{"taxonomy":"post_tag","embeddable":true,"href":"https:\/\/www.enorsai.com\/noticias\/wp-json\/wp\/v2\/tags?post=3563"}],"curies":[{"name":"wp","href":"https:\/\/api.w.org\/{rel}","templated":true}]}}