{"id":3557,"date":"2025-04-21T06:04:06","date_gmt":"2025-04-21T09:04:06","guid":{"rendered":"https:\/\/www.enorsai.com\/noticias\/?p=3557"},"modified":"2025-04-21T06:08:00","modified_gmt":"2025-04-21T09:08:00","slug":"francisco-el-papa-que-incomodo-al-poder-y-murio-sin-renunciar-a-los-pobres","status":"publish","type":"post","link":"https:\/\/www.enorsai.com\/noticias\/sociedad\/francisco-el-papa-que-incomodo-al-poder-y-murio-sin-renunciar-a-los-pobres\/","title":{"rendered":"Francisco: el Papa que incomod\u00f3 al poder y muri\u00f3 sin renunciar a los pobres"},"content":{"rendered":"\n<p>El primer pont\u00edfice latinoamericano falleci\u00f3 a los 88 a\u00f1os tras una vida de reformas, denuncias al capitalismo y defensa de los marginados.<\/p>\n\n\n\n<p>Jorge Bergoglio, el Papa que eligi\u00f3 vivir en Santa Marta y caminar entre la gente, deja un legado de lucha por la justicia social, la paz y una Iglesia m\u00e1s humana.<\/p>\n\n\n\n<p>El 21 de abril de 2025, el mundo despert\u00f3 con la noticia del fallecimiento del Papa Francisco, el primer pont\u00edfice latinoamericano y jesuita, a los 88 a\u00f1os. Su muerte, ocurrida en la residencia de Santa Marta en el Vaticano, marca el fin de un papado que desafi\u00f3 las estructuras tradicionales de la Iglesia y confront\u00f3 las injusticias del mundo moderno.<\/p>\n\n\n\n<p>Nacido como Jorge Mario Bergoglio en Buenos Aires, Francisco fue elegido Papa en 2013 tras la renuncia de Benedicto XVI. Desde el inicio, su estilo humilde y cercano contrast\u00f3 con la pompa vaticana. Rechaz\u00f3 vivir en el Palacio Apost\u00f3lico, optando por la residencia de Santa Marta, y continu\u00f3 utilizando medios de transporte comunes, como el metro, recordando sus d\u00edas como arzobispo de Buenos Aires.<\/p>\n\n\n\n<p>Francisco abog\u00f3 por una \u00abIglesia en salida\u00bb, centrada en los pobres y marginados. Su primera visita pastoral fue a Lampedusa, donde denunci\u00f3 la indiferencia hacia los migrantes. En Bolivia, durante un encuentro con movimientos sociales, proclam\u00f3 las \u00abtres T\u00bb: tierra, techo y trabajo, como derechos fundamentales.<\/p>\n\n\n\n<p>Sus enc\u00edclicas \u00abLaudato Si'\u00bb y \u00abFratelli Tutti\u00bb reflejan su preocupaci\u00f3n por el medio ambiente y la fraternidad humana. Critic\u00f3 el capitalismo desenfrenado, la cultura del descarte y la indiferencia global ante las guerras y la pobreza.<\/p>\n\n\n\n<p>Dentro de la Iglesia, impuls\u00f3 reformas para una mayor participaci\u00f3n de los laicos y las mujeres, enfrentando resistencias internas. Su enfoque sinodal busc\u00f3 una Iglesia m\u00e1s horizontal y dialogante. A pesar de los desaf\u00edos, mantuvo su compromiso con una Iglesia m\u00e1s inclusiva y misericordiosa.<\/p>\n\n\n\n<p>Francisco tambi\u00e9n enfrent\u00f3 cr\u00edticas por su manejo inicial de casos de abuso sexual, especialmente en Chile, aunque posteriormente tom\u00f3 medidas m\u00e1s firmes. Su legado es el de un l\u00edder que no temi\u00f3 confrontar al poder y que busc\u00f3 una Iglesia m\u00e1s cercana a la gente.<\/p>\n\n\n\n<p>Su muerte deja un vac\u00edo en un mundo necesitado de voces que promuevan la justicia y la compasi\u00f3n. El Papa Francisco ser\u00e1 recordado como un pastor que, hasta el final, camin\u00f3 junto a su pueblo, defendiendo a los m\u00e1s vulnerables y desafiando las estructuras de poder en busca de un mundo m\u00e1s justo.<\/p>\n\n\n\n<p>Fuentes:<\/p>\n\n\n\n<ul class=\"wp-block-list\">\n<li><a href=\"https:\/\/apnews.com\/article\/vatican-pope-francis-dead-01ca7d73c3c48d25fd1504ba076e2e2a\">https:\/\/apnews.com\/article\/vatican-pope-francis-dead-01ca7d73c3c48d25fd1504ba076e2e2a<\/a><\/li>\n\n\n\n<li><a href=\"https:\/\/www.huffingtonpost.es\/sociedad\/reacciones-muerte-francisco-papa-compasivo-saco-cristo-sacristia.html\">https:\/\/www.huffingtonpost.es\/sociedad\/reacciones-muerte-francisco-papa-compasivo-saco-cristo-sacristia.html<\/a><\/li>\n\n\n\n<li><a href=\"https:\/\/www.pagina12.com.ar\/819605-murio-francisco-el-papa-latinoamericano-para-el-mundo\">https:\/\/www.pagina12.com.ar\/819605-murio-francisco-el-papa-latinoamericano-para-el-mundo<\/a><\/li>\n<\/ul>\n","protected":false},"excerpt":{"rendered":"<p>Francisco fue el Papa que desnud\u00f3 las miserias del poder econ\u00f3mico global. Cercano al pueblo, inc\u00f3modo para los poderosos, muri\u00f3 sin abandonar su lucha por los pobres, el ambiente y la justicia social. Su legado desaf\u00eda a una Iglesia y un mundo sometidos al capital y al individualismo.<\/p>\n","protected":false},"author":1,"featured_media":3558,"comment_status":"open","ping_status":"open","sticky":false,"template":"","format":"standard","meta":{"_monsterinsights_skip_tracking":false,"_monsterinsights_sitenote_active":false,"_monsterinsights_sitenote_note":"","_monsterinsights_sitenote_category":0,"footnotes":"","jetpack_publicize_message":"\ud83c\udf0e Muri\u00f3 el Papa Francisco, el que se anim\u00f3 a decirle NO al poder global \ud83d\udca5. Defensor de los pobres, enemigo del capitalismo salvaje \ud83d\udcb8 y cr\u00edtico de la \u201ccultura del descarte\u201d \ud83e\udd2c","jetpack_publicize_feature_enabled":true,"jetpack_social_post_already_shared":false,"jetpack_social_options":{"image_generator_settings":{"template":"highway","enabled":false},"version":2}},"categories":[7,4],"tags":[1331,93,715,1330,1328,70,1332,1333,475,1329],"class_list":["post-3557","post","type-post","status-publish","format-standard","has-post-thumbnail","hentry","category-mundo","category-sociedad","tag-ambiente","tag-argentina","tag-capitalismo","tag-francisco","tag-iglesia","tag-justicia","tag-migracion","tag-papado","tag-pobreza","tag-vaticano"],"jetpack_publicize_connections":[],"_links":{"self":[{"href":"https:\/\/www.enorsai.com\/noticias\/wp-json\/wp\/v2\/posts\/3557","targetHints":{"allow":["GET"]}}],"collection":[{"href":"https:\/\/www.enorsai.com\/noticias\/wp-json\/wp\/v2\/posts"}],"about":[{"href":"https:\/\/www.enorsai.com\/noticias\/wp-json\/wp\/v2\/types\/post"}],"author":[{"embeddable":true,"href":"https:\/\/www.enorsai.com\/noticias\/wp-json\/wp\/v2\/users\/1"}],"replies":[{"embeddable":true,"href":"https:\/\/www.enorsai.com\/noticias\/wp-json\/wp\/v2\/comments?post=3557"}],"version-history":[{"count":3,"href":"https:\/\/www.enorsai.com\/noticias\/wp-json\/wp\/v2\/posts\/3557\/revisions"}],"predecessor-version":[{"id":3561,"href":"https:\/\/www.enorsai.com\/noticias\/wp-json\/wp\/v2\/posts\/3557\/revisions\/3561"}],"wp:featuredmedia":[{"embeddable":true,"href":"https:\/\/www.enorsai.com\/noticias\/wp-json\/wp\/v2\/media\/3558"}],"wp:attachment":[{"href":"https:\/\/www.enorsai.com\/noticias\/wp-json\/wp\/v2\/media?parent=3557"}],"wp:term":[{"taxonomy":"category","embeddable":true,"href":"https:\/\/www.enorsai.com\/noticias\/wp-json\/wp\/v2\/categories?post=3557"},{"taxonomy":"post_tag","embeddable":true,"href":"https:\/\/www.enorsai.com\/noticias\/wp-json\/wp\/v2\/tags?post=3557"}],"curies":[{"name":"wp","href":"https:\/\/api.w.org\/{rel}","templated":true}]}}