{"id":3545,"date":"2025-04-20T10:12:25","date_gmt":"2025-04-20T13:12:25","guid":{"rendered":"https:\/\/www.enorsai.com\/noticias\/politica\/la-carta-de-san-martin-donde-solicita-reclutar-hombres-en-malvinas-para-el-ejercito-de-los-andes\/"},"modified":"2025-04-20T10:12:25","modified_gmt":"2025-04-20T13:12:25","slug":"la-carta-de-san-martin-donde-solicita-reclutar-hombres-en-malvinas-para-el-ejercito-de-los-andes","status":"publish","type":"post","link":"https:\/\/www.enorsai.com\/noticias\/politica\/la-carta-de-san-martin-donde-solicita-reclutar-hombres-en-malvinas-para-el-ejercito-de-los-andes\/","title":{"rendered":"La carta de San Mart\u00edn donde solicita reclutar hombres en Malvinas para el Ej\u00e9rcito de los Andes"},"content":{"rendered":"\n<p>(Por Guillermo Carlos Delgado Jordan) El 14 de agosto de 1816, semanas posteriores a la declaraci\u00f3n de la Independencia, el General San Mart\u00edn, por ese entonces gobernador de Cuyo, se encontraba en la plena tarea de reclutar hombres para fortalecer las filas de su ej\u00e9rcito y continuar con la campa\u00f1a libertadora, libr\u00f3 un oficio al ministro de Guerra, Coronel Luis Beruti, para que liberara prisioneros que se encontraban en los territorios de Patagones y Malvinas a fin de que se sumaran al Ej\u00e9rcito de Los Andes. Si bien en las islas no funcionaba ninguna c\u00e1rcel, los hombres que hab\u00edan cometido delitos eran enviados a Malvinas en calidad de condenados.<br><br>La carta original de San Mart\u00edn fue comprada por el gremio de los diplom\u00e1ticos argentinos en 1988 en una subasta en Londres, y luego donada a la Canciller\u00eda Argentina, cuyo original se conserva en el archivo de la instituci\u00f3n. El Museo Malvinas conserva una copia que se encuentra en sala abierta a las y los visitantes.<br><br><br>Copia en el Museo Malvinas<br>En la misiva, solicita respecto de los condenados por penas militares, \u00abcon el objeto de hacer \u00fatiles al Estado estos individuos\u2026 retray\u00e9ndolos de sus pasados extrav\u00edos, los conduzcan por las sendas de la probidad y honor con provecho de la causa p\u00fablica\u201d, que se \u201cdisponga que todos los de alta clase que se hallen presos en esa jurisdicci\u00f3n de su mando sentenciados a los presidios de Patagones, Malvinas u otros sean remitidos a esta capital con copias de sus respectivas condenas y a la mayor seguridad posible comprendiendo tambi\u00e9n en ellos a los desertores contumaces en este delito\u201d. Ello, por \u00abresultar conveniente al puntual cumplimiento de esta revoluci\u00f3n\u00bb.<br><br>La necesidad de soldados para terminar de completar los efectivos del Ej\u00e9rcito de Los Andes era la causa de tal pedido. Para ello, el Libertador hab\u00eda echado mano a todos los medios posibles. Redenci\u00f3n de esclavos, cumplimiento de penas en el ej\u00e9rcito, incorporaci\u00f3n de emigrados chilenos, leva de gentes sin oficio, a lo que sumaba la medida pedida en la carta.<br><br>Para 1817, el Ej\u00e9rcito de los Andes contar\u00e1 con cerca de 5.200 hombres, y con \u00e9l, San Mart\u00edn, emprender\u00e1 la gesta que lo llev\u00f3 a Chile y Per\u00fa.<\/p>\n\n\n\n<figure class=\"wp-block-image size-large\"><img loading=\"lazy\" decoding=\"async\" width=\"1024\" height=\"678\" src=\"https:\/\/www.enorsai.com\/noticias\/wp-content\/uploads\/2025\/04\/qq1-32834245654441846163-1024x678.jpeg\" alt=\"\" class=\"wp-image-3543\" srcset=\"https:\/\/www.enorsai.com\/noticias\/wp-content\/uploads\/2025\/04\/qq1-32834245654441846163-1024x678.jpeg 1024w, https:\/\/www.enorsai.com\/noticias\/wp-content\/uploads\/2025\/04\/qq1-32834245654441846163-300x199.jpeg 300w, https:\/\/www.enorsai.com\/noticias\/wp-content\/uploads\/2025\/04\/qq1-32834245654441846163-768x508.jpeg 768w, https:\/\/www.enorsai.com\/noticias\/wp-content\/uploads\/2025\/04\/qq1-32834245654441846163.jpeg 1280w\" sizes=\"auto, (max-width: 1024px) 100vw, 1024px\" \/><\/figure>\n","protected":false},"excerpt":{"rendered":"<p>(Por Guillermo Carlos Delgado Jordan) El 14 de agosto de 1816, semanas posteriores a la declaraci\u00f3n de la Independencia, el General San Mart\u00edn, por ese entonces gobernador de Cuyo, se encontraba en la plena tarea de reclutar hombres para fortalecer las filas de su ej\u00e9rcito y continuar con la campa\u00f1a libertadora, libr\u00f3 un oficio al&#8230;<\/p>\n","protected":false},"author":6,"featured_media":3544,"comment_status":"open","ping_status":"open","sticky":false,"template":"","format":"standard","meta":{"_monsterinsights_skip_tracking":false,"_monsterinsights_sitenote_active":false,"_monsterinsights_sitenote_note":"","_monsterinsights_sitenote_category":0,"footnotes":"","jetpack_publicize_message":"","jetpack_publicize_feature_enabled":true,"jetpack_social_post_already_shared":true,"jetpack_social_options":{"image_generator_settings":{"template":"highway","default_image_id":0,"font":"","enabled":false},"version":2}},"categories":[2],"tags":[99,123,1324],"class_list":["post-3545","post","type-post","status-publish","format-standard","has-post-thumbnail","hentry","category-politica","tag-historia","tag-malvinas","tag-san-martin"],"jetpack_publicize_connections":[],"_links":{"self":[{"href":"https:\/\/www.enorsai.com\/noticias\/wp-json\/wp\/v2\/posts\/3545","targetHints":{"allow":["GET"]}}],"collection":[{"href":"https:\/\/www.enorsai.com\/noticias\/wp-json\/wp\/v2\/posts"}],"about":[{"href":"https:\/\/www.enorsai.com\/noticias\/wp-json\/wp\/v2\/types\/post"}],"author":[{"embeddable":true,"href":"https:\/\/www.enorsai.com\/noticias\/wp-json\/wp\/v2\/users\/6"}],"replies":[{"embeddable":true,"href":"https:\/\/www.enorsai.com\/noticias\/wp-json\/wp\/v2\/comments?post=3545"}],"version-history":[{"count":0,"href":"https:\/\/www.enorsai.com\/noticias\/wp-json\/wp\/v2\/posts\/3545\/revisions"}],"wp:featuredmedia":[{"embeddable":true,"href":"https:\/\/www.enorsai.com\/noticias\/wp-json\/wp\/v2\/media\/3544"}],"wp:attachment":[{"href":"https:\/\/www.enorsai.com\/noticias\/wp-json\/wp\/v2\/media?parent=3545"}],"wp:term":[{"taxonomy":"category","embeddable":true,"href":"https:\/\/www.enorsai.com\/noticias\/wp-json\/wp\/v2\/categories?post=3545"},{"taxonomy":"post_tag","embeddable":true,"href":"https:\/\/www.enorsai.com\/noticias\/wp-json\/wp\/v2\/tags?post=3545"}],"curies":[{"name":"wp","href":"https:\/\/api.w.org\/{rel}","templated":true}]}}