{"id":3537,"date":"2025-04-20T09:08:50","date_gmt":"2025-04-20T12:08:50","guid":{"rendered":"https:\/\/www.enorsai.com\/noticias\/?p=3537"},"modified":"2025-04-20T10:16:43","modified_gmt":"2025-04-20T13:16:43","slug":"el-edificio-de-apross-fue-consumido-por-el-fuego-horas-despues-de-que-se-detuviera-a-una-banda-que-defraudaba-a-la-obra-social-provincial","status":"publish","type":"post","link":"https:\/\/www.enorsai.com\/noticias\/politica\/el-edificio-de-apross-fue-consumido-por-el-fuego-horas-despues-de-que-se-detuviera-a-una-banda-que-defraudaba-a-la-obra-social-provincial\/","title":{"rendered":"El edificio de Apross fue consumido por el fuego horas despu\u00e9s de que se detuviera a una banda que defraudaba a la obra social"},"content":{"rendered":"\n<p><strong><em>La oposici\u00f3n se\u00f1ala al gobierno de Mart\u00edn Llaryora y habla de encubrimiento. <\/em><\/strong><\/p>\n\n\n\n<p>Rodrigo de Loredo y Mart\u00edn Juez denunciaron una \u201ccoincidencia demasiado oportuna\u201d entre la ca\u00edda de una organizaci\u00f3n delictiva que operaba dentro del Apross y el repentino incendio del edificio. En el ojo de la tormenta, una red de estafas con certificados truchos, polic\u00edas involucrados y un fuego que amenaza con borrar toda evidencia. \u00bfAccidente o acto deliberado? Mientras el gobierno provincial se defiende, las llamas avivan las sospechas.<\/p>\n\n\n\n<p>El viernes 18 de abril, mientras gran parte del pa\u00eds disfrutaba del feriado de Semana Santa, en C\u00f3rdoba se encend\u00eda una alarma que iba mucho m\u00e1s all\u00e1 de un simple incendio. La sede del Apross, la Administraci\u00f3n Provincial del Seguro de Salud, ard\u00eda en llamas. El fuego, voraz y preciso, se desat\u00f3 en el segundo piso del edificio, justo donde operaban \u00e1reas clave de documentaci\u00f3n y sistemas. Lo que, en otro contexto, podr\u00eda haber pasado como una desgracia aislada, tom\u00f3 de inmediato el espesor de una maniobra de encubrimiento. Y no es para menos: el siniestro ocurri\u00f3 apenas 48 horas despu\u00e9s de que 13 personas fueran detenidas por una estafa millonaria a esa misma obra social.<\/p>\n\n\n\n<p>Rodrigo de Loredo, diputado nacional de la UCR, fue el primero en levantar la voz. Y no lo hizo con medias tintas: \u201cEl Apross fue noticia dos veces esta semana. El mi\u00e9rcoles porque detuvieron a 13 personas, entre ellas cinco polic\u00edas, por una estafa a la obra social de los estatales. Hoy, porque se incendia el edificio y qui\u00e9n sabe cu\u00e1nta documentaci\u00f3n de prueba se estar\u00e1 perdiendo. Siempre todo es oscuro en la C\u00f3rdoba del peronismo\u201d. La frase, publicada en su cuenta de X (ex Twitter), no s\u00f3lo apunt\u00f3 directamente contra la gesti\u00f3n del gobernador Mart\u00edn Llaryora, sino que insinu\u00f3 lo que muchos ya sospechaban: que el incendio podr\u00eda haber sido intencional.<\/p>\n\n\n\n<figure class=\"wp-block-embed is-type-rich is-provider-twitter wp-block-embed-twitter\"><div class=\"wp-block-embed__wrapper\">\n<blockquote class=\"twitter-tweet\" data-width=\"550\" data-dnt=\"true\"><p lang=\"es\" dir=\"ltr\">Porque habla sin saber se\u00f1or <a href=\"https:\/\/twitter.com\/rodrigodeloredo?ref_src=twsrc%5Etfw\">@rodrigodeloredo<\/a> estamos en el siglo de la digitalizaci\u00f3n . No se perdi\u00f3 nada todo est\u00e1 digitalmente . <br>El incendio fue una falla el\u00e9ctrica &#8230;&#8230;<\/p>&mdash; Sierra sur G1. (@Gerarld100) <a href=\"https:\/\/twitter.com\/Gerarld100\/status\/1913367230659936519?ref_src=twsrc%5Etfw\">April 18, 2025<\/a><\/blockquote><script async src=\"https:\/\/platform.twitter.com\/widgets.js\" charset=\"utf-8\"><\/script>\n<\/div><\/figure>\n\n\n\n<p>Y como en pol\u00edtica nada ocurre en soledad, el concejal Mart\u00edn Juez \u2014hijo del hist\u00f3rico dirigente Luis Juez\u2014 tambi\u00e9n se sum\u00f3 a la denuncia p\u00fablica. Con un tono ir\u00f3nico y dolorido, public\u00f3: \u201cQu\u00e9 coincidencia, che\u2026 cae la banda que vend\u00eda certificados truchos y a las horas, en feriado, justo cuando no hay nadie se incendia el edificio donde operaban. En C\u00f3rdoba pasan cosas. Pero nadie pregunta nada. C\u00f3mo duele\u201d. M\u00e1s que una opini\u00f3n, una acusaci\u00f3n directa de complicidad y silencio.<\/p>\n\n\n\n<p>La historia, sin embargo, es m\u00e1s turbia de lo que parece. La investigaci\u00f3n que ahora dirige el fiscal Jos\u00e9 Bringas comenz\u00f3 en febrero, cuando se detectaron maniobras fraudulentas dentro del Apross: recetas ap\u00f3crifas, afiliados fantasmas, consultas m\u00e9dicas inexistentes, y un circuito aceitado para robarle millones a la obra social de los empleados estatales. Las detenciones m\u00e1s recientes incluyeron a cinco polic\u00edas cordobeses (tres en actividad, dos retirados), un m\u00e9dico y un ex empleado del \u00e1rea de sistemas del propio Apross. El modus operandi era escandalosamente sencillo: se cargaban pr\u00e1cticas m\u00e9dicas inexistentes a supuestos afiliados, se cobraban, y luego el dinero desaparec\u00eda.<\/p>\n\n\n\n<p>Entre los detenidos hab\u00eda quienes retiraban medicamentos con recetas truchas y los revend\u00edan en el mercado negro. Incluso se falsificaban DNIs para acceder a beneficios de medicamentos para enfermedades cr\u00f3nicas. Una maquinaria aceitada, que no podr\u00eda haber funcionado sin complicidades internas. Y cuando esa maquinaria empez\u00f3 a crujir y a delatar a sus engranajes, casualmente, el fuego lleg\u00f3 para devorar lo que quedaba de evidencia.<\/p>\n\n\n\n<p>Desde el Gobierno provincial intentaron salir al cruce de las acusaciones. Aseguraron que la investigaci\u00f3n se inici\u00f3 gracias a una denuncia interna del propio Apross y que todo comenz\u00f3 cuando un afiliado detect\u00f3, en su portal de autogesti\u00f3n, que figuraban consultas m\u00e9dicas que jam\u00e1s hab\u00eda realizado. Pero si algo sabe el pueblo cordob\u00e9s es que el relato oficial rara vez coincide con la realidad profunda. Si la denuncia fue interna, \u00bfpor qu\u00e9 tardaron tanto en actuar? \u00bfY por qu\u00e9, justo ahora, cuando las detenciones comienzan a escalar y se involucra a actores del poder policial y administrativo, el edificio estalla en llamas?<\/p>\n\n\n\n<p>La coincidencia es tan grosera que escapa a toda l\u00f3gica. No se trata s\u00f3lo de un edificio quemado, sino de un incendio en un lugar donde se almacenan pruebas sensibles en una causa que podr\u00eda terminar con m\u00e1s funcionarios implicados. \u00bfSe trat\u00f3 de una advertencia? \u00bfDe una limpieza forzada de archivos comprometedores? \u00bfO de un simple \u00abaccidente\u00bb en pleno feriado, cuando nadie estaba trabajando?<\/p>\n\n\n\n<p>La oposici\u00f3n, con De Loredo a la cabeza, ya tom\u00f3 una postura clara: esto no fue casualidad. Y si bien no hay pruebas concluyentes \u2014todav\u00eda\u2014 que vinculen el incendio con un intento deliberado de borrar evidencias, el patr\u00f3n es elocuente. C\u00f3rdoba, una vez m\u00e1s, se ve envuelta en un esc\u00e1ndalo institucional donde el fuego no s\u00f3lo destruye paredes, sino tambi\u00e9n confianza.<\/p>\n\n\n\n<p>La escena recuerda a los viejos tiempos de la impunidad estructural, donde cada investigaci\u00f3n prometedora terminaba enterrada entre papeles h\u00famedos, discos duros extraviados o incendios \u201caccidentales\u201d. Y en una Argentina gobernada por un Javier Milei que promueve el achique del Estado, la desregulaci\u00f3n a ultranza y el desmantelamiento de las estructuras p\u00fablicas, este tipo de episodios encuentran un terreno f\u00e9rtil para crecer. Porque si el Estado ya no tiene qui\u00e9n lo defienda, \u00bfqui\u00e9n investiga? \u00bfqui\u00e9n protege a los afiliados que fueron estafados? \u00bfqui\u00e9n responde por la informaci\u00f3n que el fuego se llev\u00f3?<\/p>\n\n\n\n<p>Este no es solo un esc\u00e1ndalo cordob\u00e9s. Es el espejo perfecto de una \u00e9poca: la del ajuste brutal, el desguace del Estado y la destrucci\u00f3n de las instituciones que deber\u00edan cuidar a la ciudadan\u00eda. La obra social provincial fue saqueada, y ahora, incendiada. Pero lo que verdaderamente arde es la dignidad de un sistema p\u00fablico que se cae a pedazos mientras algunos hacen negocios con la salud de los trabajadores.<\/p>\n\n\n\n<p>En tiempos donde el discurso oficial celebra la motosierra como s\u00edmbolo de eficiencia, las llamas del Apross nos devuelven a una realidad inquietante: cuando el Estado se vac\u00eda, el humo siempre cubre los rastros del delito. Y nadie parece querer preguntar nada.<\/p>\n","protected":false},"excerpt":{"rendered":"<p>Un incendio en la sede de Apross sacude C\u00f3rdoba tras la detenci\u00f3n de una red de estafadores con v\u00ednculos estatales. Las llamas y el silencio oficial desatan sospechas de encubrimiento. La oposici\u00f3n acusa a Llaryora, mientras el fuego amenaza con borrar pruebas clave de corrupci\u00f3n en la obra social provincial.<\/p>\n","protected":false},"author":1,"featured_media":3538,"comment_status":"open","ping_status":"open","sticky":false,"template":"","format":"standard","meta":{"_monsterinsights_skip_tracking":false,"_monsterinsights_sitenote_active":false,"_monsterinsights_sitenote_note":"","_monsterinsights_sitenote_category":0,"footnotes":"","jetpack_publicize_message":"\ud83d\udd25Incendio en Apross tras estafa millonaria y detenci\u00f3n de polic\u00edas. La oposici\u00f3n denuncia encubrimiento y silencio. \ud83d\ude21 #C\u00f3rdoba #Corrupci\u00f3n","jetpack_publicize_feature_enabled":true,"jetpack_social_post_already_shared":false,"jetpack_social_options":{"image_generator_settings":{"template":"highway","enabled":false},"version":2}},"categories":[2],"tags":[1318,204,75,232,98,1319,1320,45,985,363],"class_list":["post-3537","post","type-post","status-publish","format-standard","has-post-thumbnail","hentry","category-politica","tag-apross","tag-cordoba","tag-corrupcion","tag-estafa","tag-impunidad","tag-incendio","tag-llaryora","tag-milei","tag-oposicion","tag-peronismo"],"jetpack_publicize_connections":[],"_links":{"self":[{"href":"https:\/\/www.enorsai.com\/noticias\/wp-json\/wp\/v2\/posts\/3537","targetHints":{"allow":["GET"]}}],"collection":[{"href":"https:\/\/www.enorsai.com\/noticias\/wp-json\/wp\/v2\/posts"}],"about":[{"href":"https:\/\/www.enorsai.com\/noticias\/wp-json\/wp\/v2\/types\/post"}],"author":[{"embeddable":true,"href":"https:\/\/www.enorsai.com\/noticias\/wp-json\/wp\/v2\/users\/1"}],"replies":[{"embeddable":true,"href":"https:\/\/www.enorsai.com\/noticias\/wp-json\/wp\/v2\/comments?post=3537"}],"version-history":[{"count":2,"href":"https:\/\/www.enorsai.com\/noticias\/wp-json\/wp\/v2\/posts\/3537\/revisions"}],"predecessor-version":[{"id":3546,"href":"https:\/\/www.enorsai.com\/noticias\/wp-json\/wp\/v2\/posts\/3537\/revisions\/3546"}],"wp:featuredmedia":[{"embeddable":true,"href":"https:\/\/www.enorsai.com\/noticias\/wp-json\/wp\/v2\/media\/3538"}],"wp:attachment":[{"href":"https:\/\/www.enorsai.com\/noticias\/wp-json\/wp\/v2\/media?parent=3537"}],"wp:term":[{"taxonomy":"category","embeddable":true,"href":"https:\/\/www.enorsai.com\/noticias\/wp-json\/wp\/v2\/categories?post=3537"},{"taxonomy":"post_tag","embeddable":true,"href":"https:\/\/www.enorsai.com\/noticias\/wp-json\/wp\/v2\/tags?post=3537"}],"curies":[{"name":"wp","href":"https:\/\/api.w.org\/{rel}","templated":true}]}}