{"id":3506,"date":"2025-04-18T20:01:42","date_gmt":"2025-04-18T23:01:42","guid":{"rendered":"https:\/\/www.enorsai.com\/noticias\/?p=3506"},"modified":"2025-04-18T20:01:42","modified_gmt":"2025-04-18T23:01:42","slug":"a-dias-de-las-elecciones-jorge-macri-nombra-como-subsecretario-de-inversiones-a-un-socio-de-ramiro-marra","status":"publish","type":"post","link":"https:\/\/www.enorsai.com\/noticias\/politica\/a-dias-de-las-elecciones-jorge-macri-nombra-como-subsecretario-de-inversiones-a-un-socio-de-ramiro-marra\/","title":{"rendered":"A d\u00edas de las elecciones Jorge Macri nombra como Subsecretario de Inversiones a un socio de Ramiro\u00a0Marra"},"content":{"rendered":"\n<p><strong><em>El gobierno del primo presidencial se prepara para las urnas.<\/em><\/strong><\/p>\n\n\n\n<p>(Por Tom\u00e1s Palazzo) M\u00e1s all\u00e1 de disputas politiqueras de car\u00e1cter medi\u00e1tico-farandulero,&nbsp;<strong>el PRO y La Libertad Avanza caminan juntos<\/strong>&nbsp;en pos de convertir a la Argentina en una franquicia barata del capitalismo salvaje. Alianzas y desalianzas los unen y desunen puertas afuera mientras, puertas adentro, aunadamente levantan brazos en las legislaturas.<\/p>\n\n\n\n<p>Y su terreno com\u00fan no solo se manifiesta en lo p\u00fablico, m\u00e1s a\u00fan lo hace en lo privado. Al respecto, se conoci\u00f3 hoy a trav\u00e9s del Bolet\u00edn Oficial porte\u00f1o del&nbsp;<a href=\"https:\/\/documentosboletinoficial.buenosaires.gob.ar\/publico\/ck_PE-DEC-AJG-AJG-149-25-7097.pdf\">DECRETO N.\u00ba 149\/25<\/a>&nbsp;que oficializa la designaci\u00f3n, a partir del 7 de abril de 2025, de<strong>&nbsp;Augusto Ardiles D\u00edaz<\/strong>&nbsp;<strong>como Subsecretario de la Subsecretar\u00eda de Inversiones&nbsp;<\/strong>dependiente del Ministerio de Desarrollo Econ\u00f3mico de la Ciudad de Buenos Aires, con la firma de&nbsp;<strong>Jorge Macri<\/strong>.<\/p>\n\n\n\n<h2 class=\"wp-block-heading\">\u00bfPero qui\u00e9n es?<\/h2>\n\n\n\n<p>Para quienes no lo conocen,&nbsp;<strong>Augusto Ardiles D\u00edaz<\/strong>&nbsp;hizo escuelita en la \u00abJuventud PRO\u00bb llevando adelante una&nbsp;<a href=\"https:\/\/www.eldestapeweb.com\/los-mails-que-revelan-como-la-juventud-del-pro-se-financiaba-fondos-publicos-traves-una-fundacion-n49886\">oscura maniobra<\/a>, junto al hijo del Director del diario La Naci\u00f3n y&nbsp;al exfuncionario larretista,<strong>&nbsp;<a href=\"https:\/\/noticiaslainsuperable.com.ar\/2018\/04\/17\/nuevo-puesto-en-el-gobierno-para-el-hijo-del-director-del-diario-la-nacion\/\">Juan Ignacio Gowland<\/a><\/strong>, para que&nbsp;<strong>el dinero que entraba sea \u00ablavado\u00bb por una fundaci\u00f3n propia<\/strong>, \u00abGenerando Futuro\u00bb en lugar de declararlos como dinero que ingresaba al partido que conduc\u00eda el entonces presidente Mauricio Macri.<\/p>\n\n\n\n<p>\u201c<em>El instrumento jur\u00eddico a trav\u00e9s del cual vamos a recaudar es la Fundaci\u00f3n GENERANDO FUTURO. La misma ya tiene Personer\u00eda Jur\u00eddica aprobada y el Martes de la semana que viene ya nos sale el CUIT de la AFIP. Solamente nos quedar\u00eda por delante obtener la cuenta bancaria en el Banco Ciudad que, de acuerdo a los c\u00e1lculos y las averiguaciones que ya estuve haciendo, va a estar abierta para fines de la 3 semana de mayo<\/em>\u201d, afirmaba entonces el \u00abjoven PRO\u00bb Augusto Ardiles D\u00edaz en un mail, indicando el procedimiento de enjuague pecuniario.<\/p>\n\n\n\n<p>Luego de eso, por 2022, este abogado supo hacer un raid medi\u00e1tico apostando a la campa\u00f1a del odio contra el entonces presidente Alberto Fern\u00e1ndez, siendo recibido a manos abiertas por personajes como&nbsp;<strong>Alejandro Fantino, Nicol\u00e1s Wi\u00f1aski, y Eduardo Feinman<\/strong>, siempre bien dispuestos a exprimir hasta la \u00faltima gota de excremento de sus invitados<\/p>\n\n\n\n<figure class=\"wp-block-embed is-type-rich is-provider-twitter wp-block-embed-twitter\"><div class=\"wp-block-embed__wrapper\">\n<blockquote class=\"twitter-tweet\" data-width=\"550\" data-dnt=\"true\"><p lang=\"es\" dir=\"ltr\">En <a href=\"https:\/\/twitter.com\/todonoticias?ref_src=twsrc%5Etfw\">@todonoticias<\/a> con <a href=\"https:\/\/twitter.com\/wwnicolas?ref_src=twsrc%5Etfw\">@wwnicolas<\/a> y <a href=\"https:\/\/twitter.com\/fmercuriali?ref_src=twsrc%5Etfw\">@fmercuriali<\/a> conversamos sobre c\u00f3mo el gobierno vuelve a desperdiciar la oportunidad de emitir un billete de mayor denominaci\u00f3n, a manos de la demagogia y el relato. Esa decisi\u00f3n nos cost\u00f3 $165.000 millones y sigue subiendo. <a href=\"https:\/\/t.co\/npAlhVxNxY\">pic.twitter.com\/npAlhVxNxY<\/a><\/p>&mdash; Augusto Ardiles (@augustoardilesd) <a href=\"https:\/\/twitter.com\/augustoardilesd\/status\/1528906397693489152?ref_src=twsrc%5Etfw\">May 24, 2022<\/a><\/blockquote><script async src=\"https:\/\/platform.twitter.com\/widgets.js\" charset=\"utf-8\"><\/script>\n<\/div><\/figure>\n\n\n\n<p>En el medio, entre su negocio como joven PRO y su cr\u00edtica a Fern\u00e1ndez, fue funcionario macrista cuando\u00a0fue designado por los mism\u00edsimos\u00a0<strong>Macri y Dujovne<\/strong>, el 4 de febrero de 2019 como Director de la Casa de la Moneda, y previo a eso fue Asesor de Presidencia en el Banco Central de la Rep\u00fablica que dirigi\u00f3 el campe\u00f3n mundial del endeudamiento,\u00a0<strong>Luis \u00abToto\u00bb Caputo<\/strong>.<\/p>\n\n\n\n<p>Pero como dijimos al principio, macritas y mileistas caminan la misma senda, y para eso basta con ver como, all\u00e1 por 2020, se junta con los expatriados libertarios&nbsp;<strong>Eugenio Casielles y Ramiro Marra<\/strong>&nbsp;para conformar la empresa hidrocarbur\u00edfera y minera ROCAS DE LOS ANDES S.A.<\/p>\n\n\n\n<figure class=\"wp-block-image\"><img decoding=\"async\" src=\"https:\/\/noticiaslainsuperable.com.ar\/wp-content\/uploads\/2025\/04\/qq1-5.png?w=786\" alt=\"\" class=\"wp-image-99331\"\/><\/figure>\n\n\n\n<p>Y como si esto fuese poco, tambi\u00e9n lo podemos ver, caf\u00e9 de por medio, con&nbsp;<strong>Osvaldo Simiele<\/strong>, dirigente de la Sociedad Rural Argentina y que fuera&nbsp;<strong>integrante de la lista de candidatos de Jos\u00e9 Luis Espert<\/strong>.<\/p>\n\n\n\n<figure class=\"wp-block-image is-resized\"><img decoding=\"async\" src=\"https:\/\/noticiaslainsuperable.com.ar\/wp-content\/uploads\/2025\/04\/qq2-2.png?w=327\" alt=\"\" class=\"wp-image-99334\" style=\"width:713px;height:auto\"\/><\/figure>\n\n\n\n<p>Porque para un mile\u00edsta no hay nada mejor que un macrista\u2026, o viceversa.<\/p>\n\n\n\n<p><\/p>\n","protected":false},"excerpt":{"rendered":"<p>El gobierno del primo presidencial se prepara para las urnas. (Por Tom\u00e1s Palazzo) M\u00e1s all\u00e1 de disputas politiqueras de car\u00e1cter medi\u00e1tico-farandulero,&nbsp;el PRO y La Libertad Avanza caminan juntos&nbsp;en pos de convertir a la Argentina en una franquicia barata del capitalismo salvaje. Alianzas y desalianzas los unen y desunen puertas afuera mientras, puertas adentro, aunadamente levantan&#8230;<\/p>\n","protected":false},"author":16,"featured_media":3507,"comment_status":"open","ping_status":"open","sticky":false,"template":"","format":"standard","meta":{"_monsterinsights_skip_tracking":false,"_monsterinsights_sitenote_active":false,"_monsterinsights_sitenote_note":"","_monsterinsights_sitenote_category":0,"footnotes":"","jetpack_publicize_message":"\ud83d\udfe1\ud83d\udd35 Macristas y mile\u00edstas, \u00bfenemigos? Nada de eso. A d\u00edas de las elecciones, Jorge Macri nombr\u00f3 como Subsecretario a un socio de Marra, acusado de lavado y operador PRO.\n\ud83d\udcbc\ud83d\udcb0 Mineras, medios y fundaciones truchas: el entramado de siempre, con los mismos de siempre.\n\ud83d\udccd #Esc\u00e1ndalo","jetpack_publicize_feature_enabled":true,"jetpack_social_post_already_shared":false,"jetpack_social_options":{"image_generator_settings":{"template":"highway","enabled":false},"version":2}},"categories":[2],"tags":[75,1312,190,100,127,605,1257,1311,1053,72],"class_list":["post-3506","post","type-post","status-publish","format-standard","has-post-thumbnail","hentry","category-politica","tag-corrupcion","tag-designaciones","tag-elecciones","tag-inversiones","tag-lavado","tag-libertarios","tag-macrismo","tag-mileismo","tag-negocios","tag-politica"],"jetpack_publicize_connections":[],"_links":{"self":[{"href":"https:\/\/www.enorsai.com\/noticias\/wp-json\/wp\/v2\/posts\/3506","targetHints":{"allow":["GET"]}}],"collection":[{"href":"https:\/\/www.enorsai.com\/noticias\/wp-json\/wp\/v2\/posts"}],"about":[{"href":"https:\/\/www.enorsai.com\/noticias\/wp-json\/wp\/v2\/types\/post"}],"author":[{"embeddable":true,"href":"https:\/\/www.enorsai.com\/noticias\/wp-json\/wp\/v2\/users\/16"}],"replies":[{"embeddable":true,"href":"https:\/\/www.enorsai.com\/noticias\/wp-json\/wp\/v2\/comments?post=3506"}],"version-history":[{"count":2,"href":"https:\/\/www.enorsai.com\/noticias\/wp-json\/wp\/v2\/posts\/3506\/revisions"}],"predecessor-version":[{"id":3510,"href":"https:\/\/www.enorsai.com\/noticias\/wp-json\/wp\/v2\/posts\/3506\/revisions\/3510"}],"wp:featuredmedia":[{"embeddable":true,"href":"https:\/\/www.enorsai.com\/noticias\/wp-json\/wp\/v2\/media\/3507"}],"wp:attachment":[{"href":"https:\/\/www.enorsai.com\/noticias\/wp-json\/wp\/v2\/media?parent=3506"}],"wp:term":[{"taxonomy":"category","embeddable":true,"href":"https:\/\/www.enorsai.com\/noticias\/wp-json\/wp\/v2\/categories?post=3506"},{"taxonomy":"post_tag","embeddable":true,"href":"https:\/\/www.enorsai.com\/noticias\/wp-json\/wp\/v2\/tags?post=3506"}],"curies":[{"name":"wp","href":"https:\/\/api.w.org\/{rel}","templated":true}]}}