{"id":3497,"date":"2025-04-18T19:13:27","date_gmt":"2025-04-18T22:13:27","guid":{"rendered":"https:\/\/www.enorsai.com\/noticias\/?p=3497"},"modified":"2025-04-18T19:13:27","modified_gmt":"2025-04-18T22:13:27","slug":"quien-es-pablo-quirno-el-monje-negro-de-caputo","status":"publish","type":"post","link":"https:\/\/www.enorsai.com\/noticias\/politica\/quien-es-pablo-quirno-el-monje-negro-de-caputo\/","title":{"rendered":"\u00bfQui\u00e9n es Pablo Quirno, el monje negro de\u00a0Caputo?"},"content":{"rendered":"\n<p><strong><em>El Secretario de Finanzas fue pieza fundamental en el armado del nuevo megaendeudamiento con el FMI.<\/em><\/strong><\/p>\n\n\n\n<p>(Por Guillermo Carlos Delgado Jordan) Contaba al economista\u00a0<strong>Alejandro Bercovich<\/strong>\u00a0en su programa por C5N, \u00abLa Ley de la Selva\u00bb, una por dem\u00e1s desubicada respuesta que hab\u00eda obtenido a trav\u00e9s de Twitter del actual\u00a0<strong>Secretario de Finanzas, Pablo Quirno<\/strong>, cuando ante el desubicado festejo de los integrantes del equipo de econom\u00eda se preguntaba \u00abde qu\u00e9 se r\u00eden\u00bb, \u00e9ste le contest\u00f3 \u00abde vos\u00bb.<\/p>\n\n\n\n<p>A modo de r\u00e9plica, \u00abBerco\u00bb tuvo la gentileza de reflotar algunas \u00aboscuridades\u00bb del pasado de Quirno con posibles implicancias legales, que<strong>&nbsp;ley\u00f3 en una nota nuestra<\/strong>&nbsp;de hace un tiempo (aunque en el apuro televisivo se ve que olvid\u00f3 citarnos) y que exponemos y ampliamos a continuaci\u00f3n sobre esta pieza fundamental en la decadencia econ\u00f3mica Argentina.<\/p>\n\n\n\n<h2 class=\"wp-block-heading\">\u00bfQui\u00e9n es Pablo Quirno?<\/h2>\n\n\n\n<p><strong>Pablo Quirno Magrane, tal su nombre completo, es un arquetipo del integrante del \u00abmejor equipo de los \u00faltimos 50 a\u00f1os\u00bb.<\/strong>&nbsp;Con una larga trayectoria en el sector privado, que incluye una d\u00e9cada y media como&nbsp;<strong>Director en el J. P. Morgan<\/strong>, arrib\u00f3 con el macrismo al Estado con la firme idea de realizar los negocios necesarios para afianzar y profundizar la transferencia de ingresos.<\/p>\n\n\n\n<p><strong>Es nieto de Avelino Quirno Lavalle, uno de los fundadores del Partido Conservador Popular,&nbsp;<a href=\"https:\/\/www.pagina12.com.ar\/diario\/elpais\/1-33999-2004-04-12.html\" target=\"_blank\" rel=\"noreferrer noopener\">quien supo \u201cprestarle\u201d su domicilio legal<\/a>&nbsp;a Hugo Byttebier, el SS belga<\/strong>&nbsp;que se instal\u00f3 en la Argentina y era amigo del organizador del Holocausto, Adolf Eichmann.<\/p>\n\n\n\n<p>Hijo de \u00e9ste y padre del Director del Banco Central fue Avelino Quirno Ugarte, fallecido en 2003 y a quien el&nbsp;<a href=\"https:\/\/www.lanacion.com.ar\/468552-avelino-quirno\" target=\"_blank\" rel=\"noreferrer noopener\">Diario La Naci\u00f3n<\/a>&nbsp;nos describe diciendo: \u201c<em>Era un hombre de una l\u00ednea de conducta, cre\u00edble, generador de afectos sinceros. Tanto se mov\u00eda con soltura en ambientes como el C\u00edrculo de Armas o el Mar del Plata Golf Club como con los encargados de los edificios de la zona donde viv\u00eda<\/em>\u201d.<\/p>\n\n\n\n<p>Con Mauricio Macri en la presidencia, Pablo Quirno Magrane fue designado el 29 de febrero de 2016 como \u201c<em>Coordinador General de la Secretar\u00eda de Finanzas del Ministerio de Hacienda y Finanzas P\u00fablicas<\/em>\u201d por el entonces ministro de Hacienda&nbsp;<strong>Alfonso Prat Gay<\/strong>. En enero de 2017 pasa a ser la mano derecha del&nbsp;<strong>Toto \u00abChampions League\u00bb Caputo<\/strong>, convirti\u00e9ndose en su Jefe de Gabinete en el ministerio de Finanzas.<\/p>\n\n\n\n<p>Nobleza obliga,&nbsp;<strong>Pablo Quirno fue un jugador fundamental en llevar a la Argentina a niveles hist\u00f3ricos de endeudamiento con el FMI<\/strong>, secundando a Luis Caputo en las negociaciones con el organismo internacional.<\/p>\n\n\n\n<p>Tambi\u00e9n fue el que&nbsp;<strong>llev\u00f3 adelante el engendro de los PPP<\/strong>&nbsp;(Participaci\u00f3n P\u00fablico \u2013 Privada), que solamente beneficiaban al sector financiero. Luego, en julio de 2018,&nbsp;<strong>ingresa al Directorio del Banco Central de la Rep\u00fablica Argentina&nbsp;<\/strong>(BCRA). Menos de tres meses despu\u00e9s, el 25 de septiembre de 2019, la vicepresidenta en ejercicio del ejecutivo, Gabriela Michetti, junto a Nicol\u00e1s Dujovene, a trav\u00e9s del&nbsp;<a href=\"https:\/\/www.boletinoficial.gob.ar\/detalleAviso\/primera\/192871\/20180926\">Decreto 849\/2018<\/a>, le acepta la renuncia.<\/p>\n\n\n\n<p>Pero, antes de irse del BCRA, Pablo Quirno Magrane&nbsp;<strong>dej\u00f3 plantada una semillita<\/strong>: la autorizaci\u00f3n durante su gesti\u00f3n para que el nuevo banco digital de Juan Bruchou (ex Citi),&nbsp;<strong>Brubank, comience a operar<\/strong>&nbsp;a partir del 3 de septiembre de ese a\u00f1o, algo por lo que la&nbsp;<em>FinTech<\/em>&nbsp;ven\u00eda remando desde hace tiempo. Para fines del macrismo, Brubank ya contaba con m\u00e1s de medio mill\u00f3n de clientes con cuentas de ahorro. Este a\u00f1o ya superaron las 4.700.000.<\/p>\n\n\n<div class=\"wp-block-image\">\n<figure class=\"aligncenter size-full\"><img loading=\"lazy\" decoding=\"async\" width=\"699\" height=\"574\" src=\"https:\/\/www.enorsai.com\/noticias\/wp-content\/uploads\/2025\/04\/image-9.png\" alt=\"\" class=\"wp-image-3498\" srcset=\"https:\/\/www.enorsai.com\/noticias\/wp-content\/uploads\/2025\/04\/image-9.png 699w, https:\/\/www.enorsai.com\/noticias\/wp-content\/uploads\/2025\/04\/image-9-300x246.png 300w\" sizes=\"auto, (max-width: 699px) 100vw, 699px\" \/><\/figure>\n<\/div>\n\n\n<h2 class=\"wp-block-heading\">Pablo Quirno (hijo)<\/h2>\n\n\n\n<p>Hab\u00edamos dicho previamente que, Pablo Quirno Magrane era todo un representante del \u00abmejor equipo\u00bb macrista. Y como tal, no le pod\u00eda falta la&nbsp;<strong>cuota de nepotismo<\/strong>. Tanto es as\u00ed que, con Macri en el poder, su hom\u00f3nimo hijo,&nbsp;<strong>Pablo Quirno<\/strong>, poco despu\u00e9s que el padre, y con poca experiencia laboral previa (trabaj\u00f3 en el Citi), ingres\u00f3 al gobierno en marzo de 2016 como asesor de Inversi\u00f3n Extranjera para ser nombrado Subsecretario poco m\u00e1s de un a\u00f1o despu\u00e9s.<\/p>\n\n\n\n<p>En una&nbsp;<strong>carrera mete\u00f3rica<\/strong>, en marzo de 2018 fue designado, a trav\u00e9s del&nbsp;<a href=\"https:\/\/noticiaslainsuperable.com.ar\/2018\/03\/12\/nepotismo-hoy-el-tio-de-un-ministro-y-el-hijo-de-un-jefe-de-gabinete\/\">Decreto 2011\/2018<\/a>&nbsp;como Subsecretario de Relaciones Econ\u00f3micas Internacionales de la Secretar\u00eda de Relaciones Econ\u00f3micas Internacionales del Ministerio de Relaciones Exteriores y Culto, cargo que ocup\u00f3 hasta el 10 de diciembre de 2019.<\/p>\n\n\n\n<p>Terminado el macrismo, Pablo Quirno hijo, junto al ex Secretario de Relaciones Econ\u00f3micas Internacionales (su exjefe),&nbsp;<strong>Horacio Reyser<\/strong>, conforman Ventus Capital Partners, una empresa de servicios financieros que, al igual que el Estado bajo su gesti\u00f3n, termin\u00f3 mal.<\/p>\n\n\n\n<p>Sin laburo en vista, los Quirno golpearon la puerta buscando cobrar favores de \u00e9pocas pasadas. As\u00ed,&nbsp;<strong>Pablito, en enero de 2022, se convirti\u00f3 en el nuevo Director Financiero (CFO) de Brubank<\/strong>, justamente el banco que consigui\u00f3 autorizaci\u00f3n para operar cuando su padre estaba en el Central.<\/p>\n\n\n\n<h2 class=\"wp-block-heading\">Marcos Quirno (otro hijo)<\/h2>\n\n\n\n<p>Hemos repetido hasta el hartazgo en estas p\u00e1ginas que el mundo de Cambiemos es un pa\u00f1uelo, donde siempre encontramos apellidos repetidos de uno y otro lado del mostrador. Y vale aqu\u00ed hacer la menci\u00f3n de otro de los hijos de Pablo Quirno Magrane;&nbsp;<strong>Marcos Quirno<\/strong>.<\/p>\n\n\n\n<p>Marcos parec\u00eda haberse convertido en la \u00aboveja negra\u00bb de la familia financiera. Tanto as\u00ed que en 2015 se hab\u00eda recibido de Licenciado en Letras en la Universidad de San Andr\u00e9s. Pero el apellido le deparaba otros caminos:&nbsp;<strong>casi en simult\u00e1neo con el desembarco de su padre en el ministerio de Hacienda macrista, acompa\u00f1ando a Prat Gay en la \u00abnegociaci\u00f3n\u00bb con los fondos buitre en el medio del litigio por la deuda en default,<\/strong>&nbsp;Marcos, \u00abel literario\u00bb,&nbsp;<strong>entraba a trabajar en la banca Morgan en Estados Unidos<\/strong>, donde permanecer\u00e1 hasta que Macri pierde las elecciones en 2019.<\/p>\n\n\n<div class=\"wp-block-image\">\n<figure class=\"aligncenter size-full\"><img loading=\"lazy\" decoding=\"async\" width=\"374\" height=\"562\" src=\"https:\/\/www.enorsai.com\/noticias\/wp-content\/uploads\/2025\/04\/image-10.png\" alt=\"\" class=\"wp-image-3499\" srcset=\"https:\/\/www.enorsai.com\/noticias\/wp-content\/uploads\/2025\/04\/image-10.png 374w, https:\/\/www.enorsai.com\/noticias\/wp-content\/uploads\/2025\/04\/image-10-200x300.png 200w\" sizes=\"auto, (max-width: 374px) 100vw, 374px\" \/><\/figure>\n<\/div>","protected":false},"excerpt":{"rendered":"<p>Pablo Quirno, actual Secretario de Finanzas y ex JP Morgan, fue clave en el endeudamiento con el FMI y en beneficiar al sector financiero durante el macrismo. Su historial familiar y conexiones pol\u00edticas revelan una trama de privilegios, nepotismo y favores cruzados que contin\u00faan influyendo en la econom\u00eda argentina.<\/p>\n","protected":false},"author":6,"featured_media":3500,"comment_status":"open","ping_status":"open","sticky":false,"template":"","format":"standard","meta":{"_monsterinsights_skip_tracking":false,"_monsterinsights_sitenote_active":false,"_monsterinsights_sitenote_note":"","_monsterinsights_sitenote_category":0,"footnotes":"","jetpack_publicize_message":"\ud83d\udcb0 Pablo Quirno, el \u201cmonje negro\u201d de Caputo, es clave en el megaendeudamiento y los favores al poder financiero. Un perfil oscuro, con pasado en JP Morgan, que hoy Milei mantiene en las sombras del Ministerio.","jetpack_publicize_feature_enabled":true,"jetpack_social_post_already_shared":false,"jetpack_social_options":{"image_generator_settings":{"template":"highway","enabled":false},"version":2}},"categories":[2],"tags":[1308,184,75,968,28,90,1257,45,1205,1307],"class_list":["post-3497","post","type-post","status-publish","format-standard","has-post-thumbnail","hentry","category-politica","tag-brubank","tag-caputo","tag-corrupcion","tag-endeudamiento","tag-finanzas","tag-fmi","tag-macrismo","tag-milei","tag-nepotismo","tag-quirno"],"jetpack_publicize_connections":[],"_links":{"self":[{"href":"https:\/\/www.enorsai.com\/noticias\/wp-json\/wp\/v2\/posts\/3497","targetHints":{"allow":["GET"]}}],"collection":[{"href":"https:\/\/www.enorsai.com\/noticias\/wp-json\/wp\/v2\/posts"}],"about":[{"href":"https:\/\/www.enorsai.com\/noticias\/wp-json\/wp\/v2\/types\/post"}],"author":[{"embeddable":true,"href":"https:\/\/www.enorsai.com\/noticias\/wp-json\/wp\/v2\/users\/6"}],"replies":[{"embeddable":true,"href":"https:\/\/www.enorsai.com\/noticias\/wp-json\/wp\/v2\/comments?post=3497"}],"version-history":[{"count":1,"href":"https:\/\/www.enorsai.com\/noticias\/wp-json\/wp\/v2\/posts\/3497\/revisions"}],"predecessor-version":[{"id":3501,"href":"https:\/\/www.enorsai.com\/noticias\/wp-json\/wp\/v2\/posts\/3497\/revisions\/3501"}],"wp:featuredmedia":[{"embeddable":true,"href":"https:\/\/www.enorsai.com\/noticias\/wp-json\/wp\/v2\/media\/3500"}],"wp:attachment":[{"href":"https:\/\/www.enorsai.com\/noticias\/wp-json\/wp\/v2\/media?parent=3497"}],"wp:term":[{"taxonomy":"category","embeddable":true,"href":"https:\/\/www.enorsai.com\/noticias\/wp-json\/wp\/v2\/categories?post=3497"},{"taxonomy":"post_tag","embeddable":true,"href":"https:\/\/www.enorsai.com\/noticias\/wp-json\/wp\/v2\/tags?post=3497"}],"curies":[{"name":"wp","href":"https:\/\/api.w.org\/{rel}","templated":true}]}}