{"id":3494,"date":"2025-04-18T15:37:16","date_gmt":"2025-04-18T18:37:16","guid":{"rendered":"http:\/\/www.enorsai.com\/noticias\/?p=3494"},"modified":"2025-04-18T20:11:36","modified_gmt":"2025-04-18T23:11:36","slug":"el-fascismo-libertario-reivindican-la-desaparicion-forzada-y-llaman-a-matar-zurdos-en-un-instituto-de-formacion-docente","status":"publish","type":"post","link":"https:\/\/www.enorsai.com\/noticias\/sociedad\/el-fascismo-libertario-reivindican-la-desaparicion-forzada-y-llaman-a-matar-zurdos-en-un-instituto-de-formacion-docente\/","title":{"rendered":"El fascismo libertario: Reivindican la desaparici\u00f3n forzada y llaman a \u201cmatar zurdos\u201d en un instituto de formaci\u00f3n docente"},"content":{"rendered":"\n<p><em><strong>Una amenaza escrita a mano que reivindica la desaparici\u00f3n forzada y llama a \u201cmatar zurdos\u201d fue colocada en un instituto de formaci\u00f3n docente. Mientras Milei desmantela pol\u00edticas de memoria, la comunidad educativa exige respuestas ante el silencio c\u00f3mplice de las autoridades.<\/strong><\/em><\/p>\n\n\n\n<p>En el Instituto de Formaci\u00f3n Docente N\u00ba 35 de Monte Grande apareci\u00f3 una amenaza que evoca los m\u00e9todos del terrorismo de Estado. \u201cTraer algunos Ford Falcon verdes y hacerlos desaparecer\u201d, se lee en una nota firmada con el perverso \u201cHagamos Patria. Es una promesa\u201d. La direcci\u00f3n del establecimiento guarda silencio. El Gobierno nacional, mientras tanto, promueve un discurso negacionista, ataca pol\u00edticas de derechos humanos y legitima la violencia con su ret\u00f3rica incendiaria. La comunidad educativa reacciona ante una avanzada que ya no se disimula: el fascismo quiere volver a las aulas.<\/p>\n\n\n\n<p>La escena, en cualquier otro pa\u00eds con instituciones democr\u00e1ticas s\u00f3lidas, ser\u00eda considerada un esc\u00e1ndalo nacional. En la Argentina gobernada por Javier Milei y Victoria Villarruel, sin embargo, parece una an\u00e9cdota que se pretende sepultar con silencio administrativo. El pasado lunes 14 de abril, en los pasillos del Instituto Superior de Formaci\u00f3n Docente \u201cProfesor Vicente D. Abramo\u201d N\u00ba 35 de Monte Grande, provincia de Buenos Aires, alguien peg\u00f3 una hoja de cuaderno escrita a mano con un mensaje inequ\u00edvocamente fascista, que amenaza de muerte a docentes y estudiantes por su ideolog\u00eda pol\u00edtica.<\/p>\n\n\n\n<p>El texto, colocado a la altura de los ojos junto a las aulas donde se dictan clases de Historia y Formaci\u00f3n \u00c9tica, no deja margen a la interpretaci\u00f3n: \u201cLa \u00fanica soluci\u00f3n es erradicar a los zurdos de dicho lugar, ya sea matando a uno o traer algunos Ford Falcon verdes y hacerlos desaparecer. Hagamos Patria. Es una promesa\u201d.<\/p>\n\n\n\n<p>S\u00ed, en pleno 2025, una amenaza que recupera sin tapujos los m\u00e9todos del terrorismo de Estado, que reivindica la desaparici\u00f3n forzada como mecanismo para \u201climpiar\u201d ideol\u00f3gicamente un espacio educativo. En cualquier democracia sana, esto ser\u00eda un grito de alarma. En la Argentina de Milei, es apenas una nota m\u00e1s en una larga serie de s\u00edntomas de una enfermedad pol\u00edtica que avanza sin freno: la negaci\u00f3n del pasado reciente y la legitimaci\u00f3n simb\u00f3lica del genocidio.<\/p>\n\n\n\n<h3 class=\"wp-block-heading\">Un silencio institucional que huele a complicidad<\/h3>\n\n\n\n<p>La gravedad del hecho no se reduce a lo que expresa el papel, sino a lo que no hicieron quienes deb\u00edan reaccionar. A una semana del suceso, la direcci\u00f3n del instituto a\u00fan no emiti\u00f3 ning\u00fan comunicado oficial. No repudi\u00f3 la amenaza. No radic\u00f3 la denuncia judicial correspondiente, a pesar de tratarse de un delito de acci\u00f3n p\u00fablica. Pretende, seg\u00fan denunciaron docentes y estudiantes, \u201ctapar todo\u201d. Esa inacci\u00f3n no es inocua: en el marco de un gobierno nacional que promueve abiertamente el negacionismo, el silencio institucional se convierte en complicidad.<\/p>\n\n\n\n<p>Luis Brunetto, historiador y profesor del instituto desde 2007, fue claro en sus declaraciones: \u201cEstos hechos no pueden separarse del discurso fascista contra los \u2018zurdos\u2019 que deliberadamente propaga el gobierno negacionista de Milei y Villarruel, y del clima que crea Bullrich para legitimar que las fuerzas de seguridad disparen contra periodistas o apaleen jubilados\u201d.<\/p>\n\n\n\n<p>Es un diagn\u00f3stico tan certero como urgente. Porque cuando desde las m\u00e1ximas autoridades del pa\u00eds se justifica la violencia institucional, se banaliza la dictadura y se celebra a represores, la amenaza de Monte Grande no es un hecho aislado: es la consecuencia l\u00f3gica de un clima pol\u00edtico que estimula a los sectores m\u00e1s reaccionarios a salir de las sombras.<\/p>\n\n\n\n<h3 class=\"wp-block-heading\">El Falcon verde como \u00edcono del horror<\/h3>\n\n\n\n<p>La referencia al \u201cFord Falcon verde\u201d no es casual ni simb\u00f3lica: es el veh\u00edculo ic\u00f3nico de la represi\u00f3n clandestina durante la dictadura c\u00edvico-militar. Es el auto sin patente ni identificaci\u00f3n estatal que secuestraba personas en la calle o en sus casas, que desaparec\u00eda vidas enteras sin dejar rastro. El Falcon es la pesadilla sobre ruedas de los a\u00f1os m\u00e1s oscuros de nuestra historia.<\/p>\n\n\n\n<p>Que alguien, en 2025, dentro de un instituto de formaci\u00f3n docente, proponga su regreso como m\u00e9todo de \u201climpieza ideol\u00f3gica\u201d no es una broma de mal gusto, es terrorismo simb\u00f3lico. Y peor a\u00fan: es una se\u00f1al concreta de que hay sectores que se sienten habilitados para reivindicar el genocidio como soluci\u00f3n pol\u00edtica.<\/p>\n\n\n\n<h3 class=\"wp-block-heading\">Milei y la destrucci\u00f3n planificada de la memoria<\/h3>\n\n\n\n<p>El contexto nacional no hace sino potenciar la gravedad del hecho. Apenas unos d\u00edas antes de que apareciera la amenaza, el gobierno de Javier Milei hab\u00eda prohibido actos conmemorativos en el Faro de la Memoria de Mar del Plata, tras censurar la presentaci\u00f3n del artista Milo J. A esto se suma el anuncio del ministro de Defensa, Luis Petri, que confirm\u00f3 su intenci\u00f3n de cerrar la CONADI (Comisi\u00f3n Nacional por el Derecho a la Identidad), una instituci\u00f3n clave para la restituci\u00f3n de nietos apropiados durante el terrorismo de Estado.<\/p>\n\n\n\n<p>No son hechos aislados: forman parte de una avanzada negacionista articulada desde el poder, que busca desarticular los pilares de la memoria colectiva para habilitar un nuevo sentido com\u00fan reaccionario. Un discurso donde \u201czurdos\u201d, \u201cplaneros\u201d, \u201cadoctrinadores\u201d y \u201cenemigos de la patria\u201d son convertidos en blancos leg\u00edtimos para el odio, la violencia y, eventualmente, la represi\u00f3n.<\/p>\n\n\n\n<h3 class=\"wp-block-heading\">La comunidad que no se calla<\/h3>\n\n\n\n<p>Frente a este panorama desolador, no todo es par\u00e1lisis. La comunidad educativa del Instituto N\u00b0 35 ha comenzado a organizarse. El mi\u00e9rcoles posterior a la amenaza realizaron una asamblea; el lunes siguiente se llev\u00f3 adelante una sentada organizada por estudiantes de la carrera de Educaci\u00f3n Especial, y se prev\u00e9 una nueva asamblea general para definir un plan de acci\u00f3n.<\/p>\n\n\n\n<p>Emanuel Denett, vicepresidente del Centro de Estudiantes, lo dijo con contundencia: \u201cLlamamos a las comunidades educativas de todos los institutos y universidades, a los sindicatos docentes y a todo el movimiento obrero a pronunciarse. Al fascismo hay que pararlo antes de que sea tarde\u201d.<\/p>\n\n\n\n<p>Ese llamado resuena como una alarma. Porque los Falcon verdes no est\u00e1n en las calles, pero sus fantasmas caminan por los pasillos. Porque la amenaza no fue escrita con sangre, pero s\u00ed con la tinta ideol\u00f3gica de un r\u00e9gimen que desprecia los derechos humanos. Porque, como advirti\u00f3 Brunetto, \u201cno podemos quedarnos cruzados de brazos ni minimizar estos hechos\u201d.<\/p>\n\n\n\n<h3 class=\"wp-block-heading\">El huevo de la serpiente ya se rompi\u00f3<\/h3>\n\n\n\n<p>Los discursos de odio no son solo palabras: son la antesala del crimen. La historia argentina es testigo de lo que ocurre cuando se naturaliza el odio como forma de hacer pol\u00edtica. Y lo que est\u00e1 ocurriendo en Monte Grande no es una excepci\u00f3n, es una advertencia.<\/p>\n\n\n\n<p>Hoy es una nota en una pared. Ma\u00f1ana, si no se detiene esta avanzada, ser\u00e1 un ataque f\u00edsico. Despu\u00e9s, quiz\u00e1s, una muerte. Porque el fascismo no entra por la puerta grande: se cuela por los intersticios de la indiferencia, se instala en los silencios, se multiplica cuando se lo deja actuar impunemente.<\/p>\n\n\n\n<p>En un pa\u00eds con 30.000 desaparecidos, la frase \u201chacerlos desaparecer\u201d no puede pasar inadvertida. No es solo una amenaza, es una provocaci\u00f3n hist\u00f3rica. Es un intento de restaurar, aunque sea simb\u00f3licamente, el aparato represivo que cost\u00f3 sangre, vidas y d\u00e9cadas de lucha por la memoria, la verdad y la justicia.<\/p>\n\n\n\n<p>La reacci\u00f3n no puede ser tibia. No hay equidistancia posible entre v\u00edctimas y victimarios, entre memoria y olvido, entre educaci\u00f3n y censura. Frente al odio organizado, la respuesta tiene que ser una sola: resistencia activa. Porque si dejamos que el Falcon vuelva, aunque sea en palabras, es porque habremos aceptado que el fascismo ya no necesita disfrazarse para caminar entre nosotros.<\/p>\n\n\n\n<p>Fuente:<\/p>\n\n\n\n<ul class=\"wp-block-list\">\n<li><a href=\"https:\/\/www.eldiarioar.com\/politica\/traer-falcon-verdes-hacerlos-desaparecer-docentes-estudiantes-denuncian-amenaza-fascista-instituto-educativo_1_12230861.html\">https:\/\/www.eldiarioar.com\/politica\/traer-falcon-verdes-hacerlos-desaparecer-docentes-estudiantes-denuncian-amenaza-fascista-instituto-educativo_1_12230861.html<\/a><\/li>\n\n\n\n<li><a href=\"https:\/\/www.ambito.com\/informacion-general\/amenazaron-alumnos-un-profesorado-monte-grande-traer-algunos-ford-falcon-verdes-y-hacerlos-desaparecer-n6135197\">https:\/\/www.ambito.com\/informacion-general\/amenazaron-alumnos-un-profesorado-monte-grande-traer-algunos-ford-falcon-verdes-y-hacerlos-desaparecer-n6135197<\/a><\/li>\n\n\n\n<li><a href=\"https:\/\/www.pagina12.com.ar\/818756-un-cartel-con-la-promesa-de-erradicar-a-los-zurdos\">https:\/\/www.pagina12.com.ar\/818756-un-cartel-con-la-promesa-de-erradicar-a-los-zurdos<\/a><\/li>\n<\/ul>\n\n\n\n<p><\/p>\n","protected":false},"excerpt":{"rendered":"<p>Una amenaza escrita a mano que reivindica la desaparici\u00f3n forzada y llama a \u201cmatar zurdos\u201d fue colocada en un instituto de formaci\u00f3n docente. Mientras Milei desmantela pol\u00edticas de memoria, la comunidad educativa exige respuestas ante el silencio c\u00f3mplice de las autoridades. En el Instituto de Formaci\u00f3n Docente N\u00ba 35 de Monte Grande apareci\u00f3 una amenaza&#8230;<\/p>\n","protected":false},"author":2,"featured_media":3495,"comment_status":"open","ping_status":"open","sticky":false,"template":"","format":"standard","meta":{"_monsterinsights_skip_tracking":false,"_monsterinsights_sitenote_active":false,"_monsterinsights_sitenote_note":"","_monsterinsights_sitenote_category":0,"footnotes":"","jetpack_publicize_message":"","jetpack_publicize_feature_enabled":true,"jetpack_social_post_already_shared":true,"jetpack_social_options":{"image_generator_settings":{"template":"highway","default_image_id":0,"font":"","enabled":false},"version":2}},"categories":[4],"tags":[],"class_list":["post-3494","post","type-post","status-publish","format-standard","has-post-thumbnail","hentry","category-sociedad"],"jetpack_publicize_connections":[],"_links":{"self":[{"href":"https:\/\/www.enorsai.com\/noticias\/wp-json\/wp\/v2\/posts\/3494","targetHints":{"allow":["GET"]}}],"collection":[{"href":"https:\/\/www.enorsai.com\/noticias\/wp-json\/wp\/v2\/posts"}],"about":[{"href":"https:\/\/www.enorsai.com\/noticias\/wp-json\/wp\/v2\/types\/post"}],"author":[{"embeddable":true,"href":"https:\/\/www.enorsai.com\/noticias\/wp-json\/wp\/v2\/users\/2"}],"replies":[{"embeddable":true,"href":"https:\/\/www.enorsai.com\/noticias\/wp-json\/wp\/v2\/comments?post=3494"}],"version-history":[{"count":1,"href":"https:\/\/www.enorsai.com\/noticias\/wp-json\/wp\/v2\/posts\/3494\/revisions"}],"predecessor-version":[{"id":3496,"href":"https:\/\/www.enorsai.com\/noticias\/wp-json\/wp\/v2\/posts\/3494\/revisions\/3496"}],"wp:featuredmedia":[{"embeddable":true,"href":"https:\/\/www.enorsai.com\/noticias\/wp-json\/wp\/v2\/media\/3495"}],"wp:attachment":[{"href":"https:\/\/www.enorsai.com\/noticias\/wp-json\/wp\/v2\/media?parent=3494"}],"wp:term":[{"taxonomy":"category","embeddable":true,"href":"https:\/\/www.enorsai.com\/noticias\/wp-json\/wp\/v2\/categories?post=3494"},{"taxonomy":"post_tag","embeddable":true,"href":"https:\/\/www.enorsai.com\/noticias\/wp-json\/wp\/v2\/tags?post=3494"}],"curies":[{"name":"wp","href":"https:\/\/api.w.org\/{rel}","templated":true}]}}