{"id":3479,"date":"2025-04-18T09:21:26","date_gmt":"2025-04-18T12:21:26","guid":{"rendered":"https:\/\/www.enorsai.com\/noticias\/?p=3479"},"modified":"2025-04-18T20:11:53","modified_gmt":"2025-04-18T23:11:53","slug":"la-crisis-social-de-olavarria-ajuste-libertario-despidos-masivos-y-la-advertencia-de-la-iglesia","status":"publish","type":"post","link":"https:\/\/www.enorsai.com\/noticias\/sociedad\/la-crisis-social-de-olavarria-ajuste-libertario-despidos-masivos-y-la-advertencia-de-la-iglesia\/","title":{"rendered":"La crisis social de Olavarr\u00eda: ajuste libertario, despidos masivos y la advertencia de la Iglesia"},"content":{"rendered":"\n<p><strong><em>Mientras el gobierno nacional ejecuta un brutal plan de ajuste que paraliza la econom\u00eda real, trabajadores y organizaciones sociales denuncian una crisis humanitaria en crecimiento. La Pastoral Social califica la situaci\u00f3n como \u201cdram\u00e1tica\u201d y exige una econom\u00eda con rostro human<\/em><\/strong><strong>o.<\/strong><br><br>En Olavarr\u00eda, coraz\u00f3n industrial del interior bonaerense, se libra una batalla desigual entre un pueblo golpeado por despidos masivos, el cierre de f\u00e1bricas y el desprecio oficial por el trabajo. La pol\u00edtica libertaria de Javier Milei exhibe sus consecuencias m\u00e1s crueles: desindustrializaci\u00f3n, desocupaci\u00f3n, miseria. Mientras tanto, la Iglesia cat\u00f3lica rompe el silencio y se planta con un mensaje inc\u00f3modo: el sufrimiento humano no es una variable econ\u00f3mica, y la econom\u00eda que mata no es econom\u00eda.<br><br>En Olavarr\u00eda, el desastre tiene nombre propio: desindustrializaci\u00f3n. A paso firme, implacable y met\u00f3dico, el plan de ajuste libertario est\u00e1 desmantelando no s\u00f3lo la estructura productiva de esta emblem\u00e1tica localidad del centro bonaerense, sino tambi\u00e9n el tejido social que la sosten\u00eda. Lo que alguna vez fue un polo fabril hoy es un desierto laboral. En lugar de m\u00e1quinas funcionando y chimeneas humeantes, lo que queda son portones cerrados, telegramas de despido y familias a la intemperie.<br><br>El detonante m\u00e1s reciente fue el cierre de la F\u00e1brica de Bolsas Industriales (FABI), ubicada en Estaci\u00f3n Hinojo, una empresa que daba trabajo directo e indirecto a unas 150 familias. La compa\u00f1\u00eda atribuy\u00f3 su decisi\u00f3n a la ca\u00edda abrupta de ventas, producto de la contracci\u00f3n del mercado interno y la apertura indiscriminada de importaciones. Una postal perfecta del modelo Milei: las industrias nacionales no pueden competir con productos extranjeros, las pymes no tienen espalda para sobrevivir al tarifazo, y los consumidores ya no consumen porque sus salarios fueron pulverizados.<br><br>En paralelo, decenas de trabajadores de la cer\u00e1mica Cerro Negro tambi\u00e9n fueron despedidos, sum\u00e1ndose a la lista creciente de los expulsados del sistema. Frente a este panorama desolador, los principales sindicatos de la regi\u00f3n \u2014AOMA y SOECO\u2014 salieron a la calle, encabezando un masivo reclamo que culmin\u00f3 en la sede local de ANSES. All\u00ed, los dirigentes gremiales Alejandro Santill\u00e1n, Bruno D\u2019Amico y Gustavo Bustamante entregaron un documento con una demanda clara: que la referente libertaria local, Celeste Arouxet, interceda ante el gobierno nacional para frenar la sangr\u00eda.<br><br>\u201cEsta alarmante tendencia a la desindustrializaci\u00f3n est\u00e1 generando un da\u00f1o profundo en el entramado productivo local y en la vida cotidiana de miles de olavarrienses\u201d, se\u00f1ala el escrito, que no se queda en generalidades: exige responsabilidad pol\u00edtica. Los firmantes recuerdan que los cargos que ostentan los representantes de La Libertad Avanza son financiados por el esfuerzo de los ciudadanos y que, por lo tanto, deben actuar en defensa del inter\u00e9s com\u00fan.<\/p>\n\n\n\n<figure class=\"wp-block-embed is-type-wp-embed is-provider-wordpress-embed wp-block-embed-wordpress-embed\"><div class=\"wp-block-embed__wrapper\">\n<blockquote class=\"wp-embedded-content\" data-secret=\"ox31U7X1jj\"><a href=\"https:\/\/www.enorsai.com\/noticias\/politica\/lawfare-la-presion-de-milei-sobre-la-corte-suprema-para-proscribir-a-cristina-kirchner\/\">Lawfare: La presi\u00f3n de Milei sobre la Corte Suprema para proscribir a Cristina Kirchner<\/a><\/blockquote><iframe loading=\"lazy\" class=\"wp-embedded-content\" sandbox=\"allow-scripts\" security=\"restricted\" style=\"position: absolute; visibility: hidden;\" title=\"\u00abLawfare: La presi\u00f3n de Milei sobre la Corte Suprema para proscribir a Cristina Kirchner\u00bb \u2014 \" src=\"https:\/\/www.enorsai.com\/noticias\/politica\/lawfare-la-presion-de-milei-sobre-la-corte-suprema-para-proscribir-a-cristina-kirchner\/embed\/#?secret=eTd2Jj1pMI#?secret=ox31U7X1jj\" data-secret=\"ox31U7X1jj\" width=\"600\" height=\"338\" frameborder=\"0\" marginwidth=\"0\" marginheight=\"0\" scrolling=\"no\"><\/iframe>\n<\/div><\/figure>\n\n\n\n<p><br><br>La respuesta de Arouxet fue tan superficial como c\u00ednica. Argument\u00f3 que la crisis econ\u00f3mica local \u201cviene desde hace 20 a\u00f1os\u201d y que ya en el pasado hab\u00eda presentado un proyecto para \u201crepensar\u201d Olavarr\u00eda. Un argumento gastado, m\u00e1s enfocado en la autodefensa que en la soluci\u00f3n. Intent\u00f3 despegarse de la responsabilidad directa en los despidos y sostuvo que sus concejales no est\u00e1n en contra de los trabajadores, aunque d\u00edas antes se hab\u00edan abstenido de apoyar en el Concejo Deliberante una moci\u00f3n de respaldo a los despedidos.<br><br>Pero la gente no se call\u00f3. \u201c\u00a1No se not\u00f3!\u201d, grit\u00f3 uno de los trabajadores presentes, en un acto espont\u00e1neo de dignidad y hartazgo. La l\u00edder libertaria firm\u00f3 el documento, prometi\u00f3 \u201celevarlo a sus superiores\u201d y baj\u00f3 la persiana. Mientras tanto, los obreros vuelven a sus casas sin trabajo, sin respuestas y con la certeza de que el \u201ccambio\u201d prometido s\u00f3lo les trajo hambre.<br><br>Sin embargo, lo que vuelve esta situaci\u00f3n a\u00fan m\u00e1s inquietante es la irrupci\u00f3n de una voz que rara vez se mete en el barro pol\u00edtico: la Iglesia Cat\u00f3lica. A trav\u00e9s de la Pastoral Social de la Di\u00f3cesis de Azul, la Iglesia public\u00f3 un comunicado en el que denuncia, sin eufemismos, las \u201ccircunstancias dram\u00e1ticas\u201d que vive la poblaci\u00f3n de Olavarr\u00eda. La Pastoral no s\u00f3lo se solidariza con los trabajadores y sus familias, sino que plantea una objeci\u00f3n de fondo al paradigma econ\u00f3mico actual.<br><br>\u201cEl crecimiento econ\u00f3mico nunca ser\u00e1 bienvenido si se produce en detrimento del crecimiento humano, social y laboral\u201d, afirma el documento. Una frase que desarma en una l\u00ednea la l\u00f3gica tecnocr\u00e1tica del mile\u00edsmo, que pretende reducir la pol\u00edtica econ\u00f3mica a una simple planilla de Excel. Pero la econom\u00eda no es neutral: tiene consecuencias humanas. Cuando el mercado se impone como dios, los pobres son sacrificados en su altar.<br><br>El texto tambi\u00e9n advierte que los despidos no afectan s\u00f3lo al empleo directo, sino tambi\u00e9n al indirecto: servicios tercerizados como limpieza, comedor, mantenimiento. Es decir, se trata de un derrumbe en cadena que afecta al conjunto de una comunidad de 3.000 habitantes, muchos de los cuales depend\u00edan de esas industrias para sobrevivir.<br><br>La Pastoral Social no dud\u00f3 en citar al Papa Francisco, quien ha sido cr\u00edtico recurrente del capitalismo financiero. En palabras del pont\u00edfice: \u201cDebemos ser prudentes con la econom\u00eda: si se centra demasiado s\u00f3lo en las finanzas, en meras cifras que no tienen entidades reales detr\u00e1s, entonces la econom\u00eda se pulveriza y puede conducir a una grave traici\u00f3n. La econom\u00eda debe ser una econom\u00eda social\u201d. \u00bfQui\u00e9n puede seguir defendiendo el \u201cmodelo libertario\u201d despu\u00e9s de semejante diagn\u00f3stico moral?<br><br>La gravedad de la situaci\u00f3n en Olavarr\u00eda no es un hecho aislado, sino el s\u00edntoma de un modelo nacional. El freno total a la obra p\u00fablica \u2014una de las medidas m\u00e1s crudas del gobierno de Javier Milei\u2014 ha generado un efecto domin\u00f3: se paraliza la construcci\u00f3n, caen las ventas, se frenan las inversiones, cierran las f\u00e1bricas. El ajuste fiscal que celebran los mercados se traduce en destrucci\u00f3n de empleo, pobreza y desesperanza.<br><br>En este contexto, las palabras de los sindicatos olavarrienses adquieren un peso urgente: \u201cRechazar la paralizaci\u00f3n de una obra tambi\u00e9n es rechazar la paralizaci\u00f3n de buena parte de la econom\u00eda olavarriense\u201d. Porque las obras p\u00fablicas no son gastos superfluos; son motores econ\u00f3micos que dinamizan todo un ecosistema productivo. Quitarles financiamiento en nombre del d\u00e9ficit cero es una receta para el colapso.<br><br>Lo m\u00e1s alarmante es la naturalizaci\u00f3n del desastre. El gobierno nacional, parapetado detr\u00e1s de su dogmatismo antiestatal, observa el derrumbe social como si fuera parte de un necesario proceso de \u201cdepuraci\u00f3n\u201d. Pero el da\u00f1o es real, es inmediato y es masivo. En nombre de una supuesta libertad, se est\u00e1n sacrificando miles de vidas a la l\u00f3gica del ajuste.<br><br>Olavarr\u00eda es hoy un laboratorio del fracaso libertario. La desocupaci\u00f3n crece, la pobreza se profundiza y el tejido social se rompe. Lo que all\u00ed ocurre deber\u00eda ser una alarma encendida para todo el pa\u00eds. Y sin embargo, desde la cima del poder, la respuesta es el silencio o el desprecio.<br><br>La Iglesia lo vio antes que muchos: sin justicia social, no hay paz. Y sin trabajo, no hay dignidad. La econom\u00eda que prescinde del ser humano no es econom\u00eda, es crueldad organizada.<br><br>Fuentes:<\/p>\n\n\n\n<ul class=\"wp-block-list\">\n<li>https:\/\/www.infogremiales.com.ar\/por-la-ola-de-despidos-en-la-zona-increpan-a-la-principales-referentes-libertarios-de-olavarria-exigimos-que-intervengan-de-forma-urgente-y-activa\/<\/li>\n\n\n\n<li>https:\/\/www.infogremiales.com.ar\/advertencia-de-la-pastoral-social-por-la-ola-de-despidos-en-olavarria-la-economia-debe-ser-una-economia-social\/<\/li>\n<\/ul>\n","protected":false},"excerpt":{"rendered":"<p>Mientras el gobierno nacional ejecuta un brutal plan de ajuste que paraliza la econom\u00eda real, trabajadores y organizaciones sociales denuncian una crisis humanitaria en crecimiento. La Pastoral Social califica la situaci\u00f3n como \u201cdram\u00e1tica\u201d y exige una econom\u00eda con rostro humano. En Olavarr\u00eda, coraz\u00f3n industrial del interior bonaerense, se libra una batalla desigual entre un pueblo&#8230;<\/p>\n","protected":false},"author":12,"featured_media":3480,"comment_status":"open","ping_status":"open","sticky":false,"template":"","format":"standard","meta":{"_monsterinsights_skip_tracking":false,"_monsterinsights_sitenote_active":false,"_monsterinsights_sitenote_note":"","_monsterinsights_sitenote_category":0,"footnotes":"","jetpack_publicize_message":"","jetpack_publicize_feature_enabled":true,"jetpack_social_post_already_shared":true,"jetpack_social_options":{"image_generator_settings":{"template":"highway","default_image_id":0,"font":"","enabled":false},"version":2}},"categories":[4],"tags":[58,45,967,1306],"class_list":["post-3479","post","type-post","status-publish","format-standard","has-post-thumbnail","hentry","category-sociedad","tag-ajuste","tag-milei","tag-olavarria","tag-trabajo"],"jetpack_publicize_connections":[],"_links":{"self":[{"href":"https:\/\/www.enorsai.com\/noticias\/wp-json\/wp\/v2\/posts\/3479","targetHints":{"allow":["GET"]}}],"collection":[{"href":"https:\/\/www.enorsai.com\/noticias\/wp-json\/wp\/v2\/posts"}],"about":[{"href":"https:\/\/www.enorsai.com\/noticias\/wp-json\/wp\/v2\/types\/post"}],"author":[{"embeddable":true,"href":"https:\/\/www.enorsai.com\/noticias\/wp-json\/wp\/v2\/users\/12"}],"replies":[{"embeddable":true,"href":"https:\/\/www.enorsai.com\/noticias\/wp-json\/wp\/v2\/comments?post=3479"}],"version-history":[{"count":3,"href":"https:\/\/www.enorsai.com\/noticias\/wp-json\/wp\/v2\/posts\/3479\/revisions"}],"predecessor-version":[{"id":3483,"href":"https:\/\/www.enorsai.com\/noticias\/wp-json\/wp\/v2\/posts\/3479\/revisions\/3483"}],"wp:featuredmedia":[{"embeddable":true,"href":"https:\/\/www.enorsai.com\/noticias\/wp-json\/wp\/v2\/media\/3480"}],"wp:attachment":[{"href":"https:\/\/www.enorsai.com\/noticias\/wp-json\/wp\/v2\/media?parent=3479"}],"wp:term":[{"taxonomy":"category","embeddable":true,"href":"https:\/\/www.enorsai.com\/noticias\/wp-json\/wp\/v2\/categories?post=3479"},{"taxonomy":"post_tag","embeddable":true,"href":"https:\/\/www.enorsai.com\/noticias\/wp-json\/wp\/v2\/tags?post=3479"}],"curies":[{"name":"wp","href":"https:\/\/api.w.org\/{rel}","templated":true}]}}