{"id":3476,"date":"2025-04-18T08:31:38","date_gmt":"2025-04-18T11:31:38","guid":{"rendered":"https:\/\/www.enorsai.com\/noticias\/?p=3476"},"modified":"2025-04-18T08:31:38","modified_gmt":"2025-04-18T11:31:38","slug":"desvinculado-y-repudiado-el-municipio-de-obera-echo-al-funcionario-detenido-por-pedofilia","status":"publish","type":"post","link":"https:\/\/www.enorsai.com\/noticias\/sociedad\/desvinculado-y-repudiado-el-municipio-de-obera-echo-al-funcionario-detenido-por-pedofilia\/","title":{"rendered":"Desvinculado y repudiado: el municipio de Ober\u00e1 ech\u00f3 al funcionario detenido por pedofilia"},"content":{"rendered":"\n<hr class=\"wp-block-separator has-alpha-channel-opacity\"\/>\n\n\n\n<h3 class=\"wp-block-heading\"><strong>El gobierno local confirm\u00f3 el despido de Luis Altamirano Mar\u00edn, abogado y empleado municipal, tras su detenci\u00f3n en una causa por corrupci\u00f3n de menores. La gesti\u00f3n de Pablo Hassan se deslig\u00f3 r\u00e1pidamente del caso y manifest\u00f3 su \u201crepudio\u201d ante los hechos.<\/strong><\/h3>\n\n\n\n<p>En un hecho que gener\u00f3 fuerte conmoci\u00f3n en la ciudad de Ober\u00e1, el pasado viernes 11 de abril fue detenido Luis Altamirano Mar\u00edn, abogado local y empleado municipal, en el marco de una investigaci\u00f3n federal por corrupci\u00f3n de menores. La medida fue dispuesta por el Juzgado Criminal y Correccional Federal N\u00ba 4 de la Ciudad Aut\u00f3noma de Buenos Aires, a cargo del juez Ariel Lijo.<\/p>\n\n\n\n<p>Altamirano Mar\u00edn, quien se desempe\u00f1aba en el municipio desde junio de 2021, fue arrestado en su domicilio por orden judicial tras un allanamiento en el que se habr\u00edan encontrado pruebas relevantes en su contra. En respuesta, la intendencia de Pablo Hassan difundi\u00f3 un comunicado oficial este lunes informando la <strong>rescisi\u00f3n inmediata del contrato<\/strong> que ligaba al detenido con la administraci\u00f3n p\u00fablica local.<\/p>\n\n\n\n<blockquote class=\"wp-block-quote is-layout-flow wp-block-quote-is-layout-flow\">\n<p>\u201cEl Gobierno de la Ciudad de Ober\u00e1 informa a la comunidad que, el pasado viernes 11 de abril, se procedi\u00f3 a la rescisi\u00f3n del contrato transitorio y a la inmediata desvinculaci\u00f3n de un agente municipal\u201d, comienza el comunicado oficial.<\/p>\n<\/blockquote>\n\n\n\n<p>La nota aclara que la decisi\u00f3n fue tomada \u201cr\u00e1pidamente tras conocerse los detalles del allanamiento y posterior detenci\u00f3n\u201d del acusado, y subraya que la medida se enmarca en el cumplimiento de una orden judicial en una causa que investiga presuntos hechos de corrupci\u00f3n de menores, lo cual agrava a\u00fan m\u00e1s el contexto del caso.<\/p>\n\n\n\n<p>Adem\u00e1s del despido, el gobierno municipal expres\u00f3 su <strong>repudio institucional<\/strong> hacia los hechos que se investigan, enfatizando que su funci\u00f3n es \u00abdefender y proteger los derechos de nuestros ni\u00f1os, ni\u00f1as y adolescentes\u00bb. El comunicado destaca que las pol\u00edticas del municipio siempre estuvieron enfocadas en fortalecer el sistema de protecci\u00f3n infantil y que esta situaci\u00f3n refuerza la necesidad de continuar mejorando los mecanismos de prevenci\u00f3n.<\/p>\n\n\n\n<blockquote class=\"wp-block-quote is-layout-flow wp-block-quote-is-layout-flow\">\n<p>\u201cReiteramos nuestro compromiso con la transparencia, la legalidad y con la Justicia\u201d, subraya el texto firmado por el Gobierno de la Ciudad de Ober\u00e1, que se declar\u00f3 \u201ca entera disposici\u00f3n\u201d de las autoridades judiciales que llevan adelante la investigaci\u00f3n.<\/p>\n<\/blockquote>\n\n\n\n<p>La noticia gener\u00f3 una fuerte reacci\u00f3n en redes sociales y medios locales, tanto por la gravedad de los delitos que se investigan como por la celeridad con la que el municipio actu\u00f3 para desligarse del implicado. Por el momento, la causa est\u00e1 en etapa de instrucci\u00f3n judicial y no se han brindado m\u00e1s detalles desde la Justicia federal, aunque se espera que en los pr\u00f3ximos d\u00edas surjan novedades sobre el avance del expediente.<\/p>\n\n\n\n<p>El hecho pone en evidencia la necesidad de controles m\u00e1s rigurosos al momento de contratar personal en la administraci\u00f3n p\u00fablica y redobla la exigencia de pol\u00edticas firmes de protecci\u00f3n a la ni\u00f1ez, con perspectiva de derechos y transparencia institucional.<\/p>\n\n\n\n<hr class=\"wp-block-separator has-alpha-channel-opacity\"\/>\n\n\n\n<p>Fuente:<\/p>\n\n\n\n<ul class=\"wp-block-list\">\n<li>https:\/\/infoberdigital.com\/2025\/04\/14\/despidieron-al-empleado-municipal-detenido-por-pedofilia\/<\/li>\n<\/ul>\n","protected":false},"excerpt":{"rendered":"<p>El gobierno local confirm\u00f3 el despido de Luis Altamirano Mar\u00edn, abogado y empleado municipal, tras su detenci\u00f3n en una causa por corrupci\u00f3n de menores. La gesti\u00f3n de Pablo Hassan se deslig\u00f3 r\u00e1pidamente del caso y manifest\u00f3 su \u201crepudio\u201d ante los hechos. En un hecho que gener\u00f3 fuerte conmoci\u00f3n en la ciudad de Ober\u00e1, el pasado&#8230;<\/p>\n","protected":false},"author":1,"featured_media":3477,"comment_status":"open","ping_status":"open","sticky":false,"template":"","format":"standard","meta":{"_monsterinsights_skip_tracking":false,"_monsterinsights_sitenote_active":false,"_monsterinsights_sitenote_note":"","_monsterinsights_sitenote_category":0,"footnotes":"","jetpack_publicize_message":"Desvinculado y repudiado: el municipio de Ober\u00e1 ech\u00f3 al funcionario detenido por pedofilia","jetpack_publicize_feature_enabled":true,"jetpack_social_post_already_shared":false,"jetpack_social_options":{"image_generator_settings":{"template":"highway","enabled":false},"version":2}},"categories":[4],"tags":[],"class_list":["post-3476","post","type-post","status-publish","format-standard","has-post-thumbnail","hentry","category-sociedad"],"jetpack_publicize_connections":[],"_links":{"self":[{"href":"https:\/\/www.enorsai.com\/noticias\/wp-json\/wp\/v2\/posts\/3476","targetHints":{"allow":["GET"]}}],"collection":[{"href":"https:\/\/www.enorsai.com\/noticias\/wp-json\/wp\/v2\/posts"}],"about":[{"href":"https:\/\/www.enorsai.com\/noticias\/wp-json\/wp\/v2\/types\/post"}],"author":[{"embeddable":true,"href":"https:\/\/www.enorsai.com\/noticias\/wp-json\/wp\/v2\/users\/1"}],"replies":[{"embeddable":true,"href":"https:\/\/www.enorsai.com\/noticias\/wp-json\/wp\/v2\/comments?post=3476"}],"version-history":[{"count":1,"href":"https:\/\/www.enorsai.com\/noticias\/wp-json\/wp\/v2\/posts\/3476\/revisions"}],"predecessor-version":[{"id":3478,"href":"https:\/\/www.enorsai.com\/noticias\/wp-json\/wp\/v2\/posts\/3476\/revisions\/3478"}],"wp:featuredmedia":[{"embeddable":true,"href":"https:\/\/www.enorsai.com\/noticias\/wp-json\/wp\/v2\/media\/3477"}],"wp:attachment":[{"href":"https:\/\/www.enorsai.com\/noticias\/wp-json\/wp\/v2\/media?parent=3476"}],"wp:term":[{"taxonomy":"category","embeddable":true,"href":"https:\/\/www.enorsai.com\/noticias\/wp-json\/wp\/v2\/categories?post=3476"},{"taxonomy":"post_tag","embeddable":true,"href":"https:\/\/www.enorsai.com\/noticias\/wp-json\/wp\/v2\/tags?post=3476"}],"curies":[{"name":"wp","href":"https:\/\/api.w.org\/{rel}","templated":true}]}}