{"id":3454,"date":"2025-04-17T11:17:01","date_gmt":"2025-04-17T14:17:01","guid":{"rendered":"https:\/\/www.enorsai.com\/noticias\/?p=3454"},"modified":"2025-04-20T13:25:20","modified_gmt":"2025-04-20T16:25:20","slug":"asi-roba-bullrich-compras-irregulares-sobreprecios-escandalosos-y-una-red-de-favores-que-alcanza-hasta-a-su-propia-familia","status":"publish","type":"post","link":"https:\/\/www.enorsai.com\/noticias\/politica\/asi-roba-bullrich-compras-irregulares-sobreprecios-escandalosos-y-una-red-de-favores-que-alcanza-hasta-a-su-propia-familia\/","title":{"rendered":"As\u00ed roba Bullrich: Compras irregulares, sobreprecios escandalosos, y una red de favores que alcanza hasta a su propia familia"},"content":{"rendered":"\n<p>La maquinaria de corrupci\u00f3n estructural que teji\u00f3 Patricia Bullrich durante su paso por el Ministerio de Seguridad incluye compras irregulares, sobreprecios escandalosos, y una red de favores que alcanza hasta a su propia familia. La causa duerme en Comodoro Py, pero las pruebas hablan por s\u00ed solas.<\/p>\n\n\n\n<p>Mientras el gobierno de Javier Milei repite esl\u00f3ganes de transparencia y honestidad, una de sus figuras centrales protagoniza una historia de saqueo sistem\u00e1tico al Estado. Patricia Bullrich, reciclada una vez m\u00e1s como ministra de Seguridad, vuelve a ocupar el sill\u00f3n desde el cual, entre 2016 y 2019, se aprob\u00f3 una serie de operaciones que combinan negociados millonarios, direccionamiento de licitaciones y lavado de dinero familiar. Nada de esto es opini\u00f3n: todo est\u00e1 documentado.<\/p>\n\n\n\n<p>En el universo paralelo que habita Javier Milei, los corruptos siempre son otros. El gobierno libertario ha hecho del marketing contra \u201cla casta\u201d su n\u00facleo discursivo. Pero detr\u00e1s del tel\u00f3n, en las sombras donde operan los verdaderos engranajes del poder, una vieja conocida del macrismo sigue moviendo millones como si nada hubiese pasado. Patricia Bullrich no s\u00f3lo volvi\u00f3 al Ministerio de Seguridad, sino que lo hizo con la impunidad garantizada por Comodoro Py y la bendici\u00f3n del nuevo oficialismo. Y es all\u00ed, en esa continuidad entre gobiernos que dicen enfrentarse pero que se tapan las espaldas, donde esta historia toma forma.<\/p>\n\n\n\n<p>El video del diputado Rodolfo Tailhade vuelve a hacer lo que la Justicia no: exponer con datos precisos y documentaci\u00f3n concreta c\u00f3mo se vaci\u00f3 el Estado bajo el pretexto de proteger al G20. Lo que deb\u00eda ser una operaci\u00f3n para garantizar la seguridad de una cumbre internacional termin\u00f3 convirti\u00e9ndose en una caja negra de contratos adjudicados sin control, equipamiento comprado a empresas amigas, y un sistema de licitaciones que parec\u00eda dise\u00f1ado m\u00e1s para enriquecerse que para gobernar.<\/p>\n\n\n\n<p>Todo comenz\u00f3 con una firma. El 16 de febrero de 2018, Bullrich y su equipo rubricaron un acta acuerdo para justificar una serie de compras directas millonarias con motivo del G20. Entre los firmantes figuran nombres que hoy est\u00e1n de vuelta en la funci\u00f3n p\u00fablica: Alberto Fernando Forig, Mart\u00edn Siracusa, Carlos Becker Fioretti, Adriana La Forgia y Juan Ignacio Onel. Los cargos que ostentaban entonces explican mucho de lo que vendr\u00eda: eran quienes manejaban la log\u00edstica, la administraci\u00f3n y las compras del ministerio. Eran, en otras palabras, los habilitados para hacer negocios.<\/p>\n\n\n\n<p>Las compras, como documenta Tailhade, fueron escandalosas. Se pagaron <strong>2,1 millones de d\u00f3lares por veh\u00edculos que llegaron meses despu\u00e9s del evento<\/strong>, cuando ya no serv\u00edan para nada. De los 20 furgones adquiridos, s\u00f3lo 5 llegaron antes del G20 y, encima, sin los equipos de comunicaci\u00f3n prometidos. Las ambulancias llegaron medio a\u00f1o m\u00e1s tarde. \u00bfConsecuencias? Ninguna. No se aplicaron multas, no se rescindieron contratos. El Estado fue saqueado a la luz del d\u00eda y nadie movi\u00f3 un dedo.<\/p>\n\n\n\n<figure class=\"wp-block-embed is-type-wp-embed is-provider-incrustado wp-block-embed-incrustado\"><div class=\"wp-block-embed__wrapper\">\n<blockquote class=\"wp-embedded-content\" data-secret=\"eKbu7S1Qwy\"><a href=\"https:\/\/www.enorsai.com\/noticias\/politica\/asi-roba-patricia-bullrich-el-mecanismo-aceitado-de-sobreprecios-y-compras-irregulares-de-la-ministra\/\">As\u00ed roba Patricia Bullrich: El mecanismo aceitado de sobreprecios y compras irregulares de la ministra<\/a><\/blockquote><iframe loading=\"lazy\" class=\"wp-embedded-content\" sandbox=\"allow-scripts\" security=\"restricted\" style=\"position: absolute; visibility: hidden;\" title=\"\u00abAs\u00ed roba Patricia Bullrich: El mecanismo aceitado de sobreprecios y compras irregulares de la ministra\u00bb \u2014 \" src=\"https:\/\/www.enorsai.com\/noticias\/politica\/asi-roba-patricia-bullrich-el-mecanismo-aceitado-de-sobreprecios-y-compras-irregulares-de-la-ministra\/embed\/#?secret=jPxJ4NsBQG#?secret=eKbu7S1Qwy\" data-secret=\"eKbu7S1Qwy\" width=\"600\" height=\"338\" frameborder=\"0\" marginwidth=\"0\" marginheight=\"0\" scrolling=\"no\"><\/iframe>\n<\/div><\/figure>\n\n\n\n<p>Lo mismo ocurri\u00f3 con los uniformes, adjudicados por <strong>200 mil d\u00f3lares a la firma Geotex SRL<\/strong>, \u00fanica oferente. \u00bfCasualidad? Ni por asomo. Meses antes, Siracusa \u2014el mismo que firm\u00f3 la compra\u2014 se hab\u00eda reunido con los responsables de la empresa. Los uniformes llegaron con cinco meses de retraso, y de los 900 prometidos, 800 no cumpl\u00edan con los requisitos t\u00e9cnicos. La SIGEN nunca supo d\u00f3nde terminaron. Pero el dinero ya hab\u00eda volado.<\/p>\n\n\n\n<p>Otra operaci\u00f3n notable fue la adjudicaci\u00f3n a NTtec Company Limited, tambi\u00e9n <strong>\u00fanica oferente<\/strong>, por dos millones de d\u00f3lares. Aqu\u00ed, el esc\u00e1ndalo es a\u00fan m\u00e1s burdo: al momento de la contrataci\u00f3n, la hija del director nacional de log\u00edstica que aprob\u00f3 la compra, <strong>Carlos Becker Fioretti<\/strong>, trabajaba en esa empresa. Sin embargo, la licitaci\u00f3n sigui\u00f3 adelante. La entrega se hizo nueve d\u00edas despu\u00e9s del G20. Todo se lav\u00f3 con el mismo jab\u00f3n.<\/p>\n\n\n\n<p>Los chalecos antibalas, que siempre se adquirieron a Fabricaciones Militares, fueron comprados por primera y \u00fanica vez a la firma Antaj SRL. <strong>Un mill\u00f3n de d\u00f3lares, con un sobreprecio de 300 mil<\/strong> respecto al precio testigo de la propia SIGEN. \u00bfY qui\u00e9n era el gerente de la empresa? <strong>Alejandro Alto\u00e9<\/strong>, miembro de la fundaci\u00f3n Confianza P\u00fablica de Graciela Oca\u00f1a, la supuesta \u00abSe\u00f1ora Transparencia\u00bb de la pol\u00edtica argentina. El entramado es perfecto: un c\u00edrculo cerrado de funcionarios, empresarios amigos y operadores pol\u00edticos que transformaron al Estado en una plataforma de negocios.<\/p>\n\n\n\n<p>Pero lo que convierte esta trama en algo m\u00e1s grave que una simple cadena de corrupci\u00f3n es la <strong>reincidencia, la impunidad y el reciclaje institucional<\/strong>. La Oficina Anticorrupci\u00f3n denunci\u00f3 en 2022 a todos los involucrados por <strong>malversaci\u00f3n de caudales p\u00fablicos, administraci\u00f3n fraudulenta e incumplimiento de deberes<\/strong>. Sin embargo, Comodoro Py decidi\u00f3 mirar para otro lado. Los seis imputados siguen libres, cinco volvieron a ocupar cargos p\u00fablicos, y <strong>Bullrich volvi\u00f3 a ser ministra<\/strong> como si nada hubiera pasado.<\/p>\n\n\n\n<figure class=\"wp-block-embed is-type-wp-embed is-provider-incrustado wp-block-embed-incrustado\"><div class=\"wp-block-embed__wrapper\">\n<blockquote class=\"wp-embedded-content\" data-secret=\"czXQ1PuToy\"><a href=\"https:\/\/www.enorsai.com\/noticias\/uncategorized\/corrupcion-policial-un-oficial-de-la-ciudad-ira-a-juicio-por-intentar-robar-us30-000-en-una-escena-de-suicidio\/\">Corrupci\u00f3n policial: Un oficial de la Ciudad ir\u00e1 a juicio por intentar robar U$S30.000 en una escena de suicidio<\/a><\/blockquote><iframe loading=\"lazy\" class=\"wp-embedded-content\" sandbox=\"allow-scripts\" security=\"restricted\" style=\"position: absolute; visibility: hidden;\" title=\"\u00abCorrupci\u00f3n policial: Un oficial de la Ciudad ir\u00e1 a juicio por intentar robar U$S30.000 en una escena de suicidio\u00bb \u2014 \" src=\"https:\/\/www.enorsai.com\/noticias\/uncategorized\/corrupcion-policial-un-oficial-de-la-ciudad-ira-a-juicio-por-intentar-robar-us30-000-en-una-escena-de-suicidio\/embed\/#?secret=jgLCDkKphN#?secret=czXQ1PuToy\" data-secret=\"czXQ1PuToy\" width=\"600\" height=\"338\" frameborder=\"0\" marginwidth=\"0\" marginheight=\"0\" scrolling=\"no\"><\/iframe>\n<\/div><\/figure>\n\n\n\n<p>\u00bfY el lavado? All\u00ed entra el rol de la familia. Seg\u00fan denuncia Tailhade, Bullrich arm\u00f3 una ONG llamada IES (Instituto de Estudios Estrat\u00e9gicos en Seguridad), que habr\u00eda sido utilizada para canalizar parte de los fondos desviados entre 2016 y 2019. Una estructura aparentemente acad\u00e9mica, en realidad convertida en lavadora de lujo. Porque si algo aprendi\u00f3 la ministra de Seguridad es que, para robar con impunidad, primero hay que revestirse de institucionalidad.<\/p>\n\n\n\n<p>Todo esto ocurre mientras el gobierno de Javier Milei ajusta brutalmente a los sectores populares, recorta presupuesto en educaci\u00f3n, salud y ciencia, y vende como \u201cmotosierra moral\u201d lo que no es m\u00e1s que una <strong>redistribuci\u00f3n brutal del poder econ\u00f3mico hacia los mismos de siempre<\/strong>. La ministra que se llen\u00f3 la boca hablando de \u201corden\u201d y \u201crep\u00fablica\u201d es, seg\u00fan las pruebas, la protagonista de una de las mayores operaciones de desfalco del Estado argentino en tiempos recientes.<\/p>\n\n\n\n<p>Mientras se demoniza a las universidades p\u00fablicas y se reprime la protesta social, <strong>no hay un solo operativo judicial en curso contra Bullrich y su banda<\/strong>. Todo lo que debiera estar siendo investigado con rigurosidad por los tribunales, se reduce a una denuncia dormida en un caj\u00f3n y una funcionaria que sigue acumulando poder.<\/p>\n\n\n\n<p>Pero los datos est\u00e1n. Las fechas est\u00e1n. Las firmas, los montos, las empresas fantasmas, los v\u00ednculos familiares, las entregas fuera de t\u00e9rmino, los sobreprecios, los encuentros previos a las licitaciones, todo est\u00e1 registrado. Y sin embargo, <strong>el blindaje medi\u00e1tico, judicial y pol\u00edtico permite que esta historia siga sin consecuencias<\/strong>.<\/p>\n\n\n\n<p>Porque el problema no es Bullrich. El problema es un sistema que <strong>naturaliza el choreo cuando se hace con corbata, expediente y firma de funcionario p\u00fablico<\/strong>. El problema es un aparato estatal colonizado por mafias que, en nombre de la seguridad, nos desvalijan con total impunidad. Y lo m\u00e1s preocupante es que, mientras eso sucede, nos piden austeridad a nosotros.<\/p>\n","protected":false},"excerpt":{"rendered":"<p>La ministra Patricia Bullrich aparece vinculada a una red de lavado de dinero que involucra a su familia y empresas fantasma. Con protecci\u00f3n pol\u00edtica y medi\u00e1tica, el poder se transforma en impunidad. Mientras Milei habla de corrupci\u00f3n ajena, encubre a su aliada m\u00e1s oscura. Todo queda en familia.<\/p>\n","protected":false},"author":1,"featured_media":3455,"comment_status":"open","ping_status":"open","sticky":false,"template":"","format":"standard","meta":{"_monsterinsights_skip_tracking":false,"_monsterinsights_sitenote_active":false,"_monsterinsights_sitenote_note":"","_monsterinsights_sitenote_category":0,"footnotes":"","jetpack_publicize_message":"As\u00ed roba Bullrich: Compras irregulares, sobreprecios escandalosos, y una red de favores que alcanza hasta a su propia familia","jetpack_publicize_feature_enabled":true,"jetpack_social_post_already_shared":false,"jetpack_social_options":{"image_generator_settings":{"template":"highway","enabled":false},"version":2}},"categories":[17,2],"tags":[262,75,1303,630,1302,98,127,45,1039,72],"class_list":["post-3454","post","type-post","status-publish","format-standard","has-post-thumbnail","hentry","category-opinion","category-politica","tag-bullrich","tag-corrupcion","tag-encubrimiento","tag-escandalo","tag-familia","tag-impunidad","tag-lavado","tag-milei","tag-poder","tag-politica"],"jetpack_publicize_connections":[],"_links":{"self":[{"href":"https:\/\/www.enorsai.com\/noticias\/wp-json\/wp\/v2\/posts\/3454","targetHints":{"allow":["GET"]}}],"collection":[{"href":"https:\/\/www.enorsai.com\/noticias\/wp-json\/wp\/v2\/posts"}],"about":[{"href":"https:\/\/www.enorsai.com\/noticias\/wp-json\/wp\/v2\/types\/post"}],"author":[{"embeddable":true,"href":"https:\/\/www.enorsai.com\/noticias\/wp-json\/wp\/v2\/users\/1"}],"replies":[{"embeddable":true,"href":"https:\/\/www.enorsai.com\/noticias\/wp-json\/wp\/v2\/comments?post=3454"}],"version-history":[{"count":2,"href":"https:\/\/www.enorsai.com\/noticias\/wp-json\/wp\/v2\/posts\/3454\/revisions"}],"predecessor-version":[{"id":3551,"href":"https:\/\/www.enorsai.com\/noticias\/wp-json\/wp\/v2\/posts\/3454\/revisions\/3551"}],"wp:featuredmedia":[{"embeddable":true,"href":"https:\/\/www.enorsai.com\/noticias\/wp-json\/wp\/v2\/media\/3455"}],"wp:attachment":[{"href":"https:\/\/www.enorsai.com\/noticias\/wp-json\/wp\/v2\/media?parent=3454"}],"wp:term":[{"taxonomy":"category","embeddable":true,"href":"https:\/\/www.enorsai.com\/noticias\/wp-json\/wp\/v2\/categories?post=3454"},{"taxonomy":"post_tag","embeddable":true,"href":"https:\/\/www.enorsai.com\/noticias\/wp-json\/wp\/v2\/tags?post=3454"}],"curies":[{"name":"wp","href":"https:\/\/api.w.org\/{rel}","templated":true}]}}