{"id":3438,"date":"2025-04-16T14:00:52","date_gmt":"2025-04-16T17:00:52","guid":{"rendered":"https:\/\/www.enorsai.com\/noticias\/?p=3438"},"modified":"2025-04-18T20:12:47","modified_gmt":"2025-04-18T23:12:47","slug":"el-extravio-discursivo-de-milei-cada-vez-mas-cercano-a-de-la-rua","status":"publish","type":"post","link":"https:\/\/www.enorsai.com\/noticias\/politica\/el-extravio-discursivo-de-milei-cada-vez-mas-cercano-a-de-la-rua\/","title":{"rendered":"El extrav\u00edo discursivo de Milei: Cada vez m\u00e1s cercano a De la R\u00faa"},"content":{"rendered":"\n<p>En plena entrevista p\u00fablica, Javier Milei queda atrapado en un laberinto de frases inconexas, titubeos y contradicciones. Lo que deber\u00eda haber sido una intervenci\u00f3n pol\u00edtica con contenido, se convirti\u00f3 en una radiograf\u00eda del desconcierto presidencial.<\/p>\n\n\n\n<p>(Por Walter Onorato) La persona del video \u2014no es cualquier persona &#8211; es Javier Milei, el presidente de la naci\u00f3n que exhibe una clara dificultad para articular un discurso coherente en p\u00fablico. A lo largo de la grabaci\u00f3n, intenta desarrollar una idea, pero tropieza repetidamente con su propio hilo narrativo: repite frases, se contradice, cambia de rumbo sin concluir ideas previas, e incurre en pausas prolongadas que revelan desconcierto. Su lenguaje corporal, la gestualidad y el tono vacilante refuerzan la impresi\u00f3n de que est\u00e1 desorientado o abrumado por la situaci\u00f3n. <\/p>\n\n\n\n<p>El resultado es un discurso inconexo que deja al espectador con la sensaci\u00f3n de que el orador perdi\u00f3 el control de lo que quer\u00eda comunicar. Este tipo de performance, lejos de transmitir seguridad o claridad, alimenta la percepci\u00f3n de un liderazgo err\u00e1tico y sin rumbo, justo en un contexto donde se esperan definiciones precisas y solvencia argumentativa.<\/p>\n\n\n\n<p>La palabra es, en pol\u00edtica, un acto de poder. Pero cuando se la maltrata, se vuelve signo de debilidad. Eso es exactamente lo que sucede en el video que circula en redes, donde el presidente Javier Milei intenta exponer una idea ante la audiencia y termina desbordado por su propia dificultad para articular un discurso coherente. M\u00e1s que una an\u00e9cdota, la escena revela un s\u00edntoma de fondo: la incapacidad para sostener una narrativa l\u00f3gica y estructurada desde el lugar m\u00e1s alto del poder pol\u00edtico.<\/p>\n\n\n\n<p>La secuencia es breve pero elocuente. Milei comienza con \u00edmpetu, como si supiera hacia d\u00f3nde quiere ir. Pero pronto queda claro que no logra conectar los conceptos. Hay repeticiones vac\u00edas, frases que se interrumpen a mitad de camino, giros verbales que contradicen lo dicho segundos antes y largos silencios que exponen su desconcierto. No se trata de un simple tropiezo: es una cadena de fallos discursivos que imposibilita al espectador comprender qu\u00e9 est\u00e1 intentando comunicar el presidente.<\/p>\n\n\n\n<figure class=\"wp-block-embed is-type-rich is-provider-twitter wp-block-embed-twitter\"><div class=\"wp-block-embed__wrapper\">\n<blockquote class=\"twitter-tweet\" data-width=\"550\" data-dnt=\"true\"><p lang=\"es\" dir=\"ltr\">Este video no est\u00e1 editado, repito ESTE VIDEO NO EST\u00c1 EDITADO (As\u00ed est\u00e1 el presidente de la naci\u00f3n) <a href=\"https:\/\/t.co\/QdlD259ojp\">pic.twitter.com\/QdlD259ojp<\/a><\/p>&mdash; El Profe Romero (@romerodiario) <a href=\"https:\/\/twitter.com\/romerodiario\/status\/1912099259404472606?ref_src=twsrc%5Etfw\">April 15, 2025<\/a><\/blockquote><script async src=\"https:\/\/platform.twitter.com\/widgets.js\" charset=\"utf-8\"><\/script>\n<\/div><\/figure>\n\n\n\n<p>En una democracia representativa, el lenguaje es la herramienta fundamental con la que se construyen pol\u00edticas, se negocian consensos y se conducen naciones. Cuando un jefe de Estado no puede desarrollar una idea completa, el problema no es s\u00f3lo de forma, sino de fondo. \u00bfQu\u00e9 hay detr\u00e1s de este extrav\u00edo discursivo? \u00bfEs un problema de preparaci\u00f3n, de convicci\u00f3n o simplemente una muestra de que las ideas que sostienen el proyecto oficialista son, en s\u00ed mismas, ca\u00f3ticas e improvisadas?<\/p>\n\n\n\n<p>El lenguaje de Milei parece un reflejo de su gesti\u00f3n: err\u00e1tica, sin direcci\u00f3n clara, atravesada por impulsos emocionales y desprovista de un marco conceptual s\u00f3lido. Esta falta de claridad no es nueva, pero el video la concentra con crudeza. Lo que queda es una imagen inquietante: la m\u00e1xima autoridad del pa\u00eds atrapada en un mon\u00f3logo fallido, desconectado del hilo de sus propias palabras, como quien ha perdido el mapa y ya no sabe siquiera qu\u00e9 estaba buscando.<\/p>\n\n\n\n<p>No hay recursos ret\u00f3ricos que puedan disimular la p\u00e9rdida de sentido. Ni las comparaciones rimbombantes, ni los adjetivos grandilocuentes, ni el tono impostado de certeza bastan para cubrir el vac\u00edo. El silencio que lo interrumpe, el gesto nervioso, la mirada err\u00e1tica, no hacen m\u00e1s que confirmar la escena: no se trata de un error fortuito, sino de un cortocircuito estructural entre pensamiento y expresi\u00f3n.<\/p>\n\n\n\n<p>En un momento en que la sociedad demanda certezas, direcci\u00f3n y pol\u00edticas claras, el extrav\u00edo verbal de Javier Milei no es s\u00f3lo preocupante: es alarmante. Porque cuando el presidente no puede hablar, el pa\u00eds se queda sin voz.<\/p>\n","protected":false},"excerpt":{"rendered":"<p>Un video viral expone a Javier Milei intentando dar un discurso sin lograr desarrollar una idea coherente. Balbuceos, contradicciones y silencios inc\u00f3modos revelan m\u00e1s que una simple distracci\u00f3n: muestran un vac\u00edo conceptual preocupante en quien deber\u00eda guiar al pa\u00eds con firmeza, claridad y coherencia.<\/p>\n","protected":false},"author":9,"featured_media":3439,"comment_status":"open","ping_status":"open","sticky":false,"template":"","format":"standard","meta":{"_monsterinsights_skip_tracking":false,"_monsterinsights_sitenote_active":false,"_monsterinsights_sitenote_note":"","_monsterinsights_sitenote_category":0,"footnotes":"","jetpack_publicize_message":"\ud83d\udcf9 Milei intenta hablar, pero no logra terminar una sola idea coherente. El video lo muestra desbordado, confundido y sin rumbo.\n\u00bfPuede un pa\u00eds confiar en un presidente que no puede hablar? \ud83e\udd2f\ud83c\udde6\ud83c\uddf7\n#AyMilei #GobiernoSinRumbo","jetpack_publicize_feature_enabled":true,"jetpack_social_post_already_shared":false,"jetpack_social_options":{"image_generator_settings":{"template":"highway","enabled":false},"version":2}},"categories":[2],"tags":[93,1298,43,1254,1297,1296,1165,45,72,1295],"class_list":["post-3438","post","type-post","status-publish","format-standard","has-post-thumbnail","hentry","category-politica","tag-argentina","tag-comunicacion","tag-crisis","tag-discurso","tag-gestion","tag-incoherencia","tag-liderazgo","tag-milei","tag-politica","tag-presidente"],"jetpack_publicize_connections":[],"_links":{"self":[{"href":"https:\/\/www.enorsai.com\/noticias\/wp-json\/wp\/v2\/posts\/3438","targetHints":{"allow":["GET"]}}],"collection":[{"href":"https:\/\/www.enorsai.com\/noticias\/wp-json\/wp\/v2\/posts"}],"about":[{"href":"https:\/\/www.enorsai.com\/noticias\/wp-json\/wp\/v2\/types\/post"}],"author":[{"embeddable":true,"href":"https:\/\/www.enorsai.com\/noticias\/wp-json\/wp\/v2\/users\/9"}],"replies":[{"embeddable":true,"href":"https:\/\/www.enorsai.com\/noticias\/wp-json\/wp\/v2\/comments?post=3438"}],"version-history":[{"count":1,"href":"https:\/\/www.enorsai.com\/noticias\/wp-json\/wp\/v2\/posts\/3438\/revisions"}],"predecessor-version":[{"id":3440,"href":"https:\/\/www.enorsai.com\/noticias\/wp-json\/wp\/v2\/posts\/3438\/revisions\/3440"}],"wp:featuredmedia":[{"embeddable":true,"href":"https:\/\/www.enorsai.com\/noticias\/wp-json\/wp\/v2\/media\/3439"}],"wp:attachment":[{"href":"https:\/\/www.enorsai.com\/noticias\/wp-json\/wp\/v2\/media?parent=3438"}],"wp:term":[{"taxonomy":"category","embeddable":true,"href":"https:\/\/www.enorsai.com\/noticias\/wp-json\/wp\/v2\/categories?post=3438"},{"taxonomy":"post_tag","embeddable":true,"href":"https:\/\/www.enorsai.com\/noticias\/wp-json\/wp\/v2\/tags?post=3438"}],"curies":[{"name":"wp","href":"https:\/\/api.w.org\/{rel}","templated":true}]}}