{"id":3428,"date":"2025-04-16T08:21:33","date_gmt":"2025-04-16T11:21:33","guid":{"rendered":"https:\/\/www.enorsai.com\/noticias\/?p=3428"},"modified":"2025-04-16T08:21:33","modified_gmt":"2025-04-16T11:21:33","slug":"pego-la-devaluacion-de-milei-brutal-aumento-de-precios-de-los-alimentos","status":"publish","type":"post","link":"https:\/\/www.enorsai.com\/noticias\/economia\/pego-la-devaluacion-de-milei-brutal-aumento-de-precios-de-los-alimentos\/","title":{"rendered":"Peg\u00f3 la devaluaci\u00f3n de Milei: brutal aumento de precios de los alimentos"},"content":{"rendered":"\n<p><strong><em>La remarcaci\u00f3n de precios se hace sentir en los comercios de todo el pa\u00eds. Las repercusiones por el acuerdo con el FMI.<\/em><\/strong><\/p>\n\n\n\n<p>Como es habitual en la Argentina, ante un escenario de incertidumbre los precios en los alimentos se disparan y los comercios y mayoristas comienzan a remarcar. En este caso, tanto almaceneros como carniceros advierten por una suba para la pr\u00f3xima semana de m\u00e1s de un 10 por ciento.<\/p>\n\n\n\n<p>En di\u00e1logo con la 750, el director del Centro de Almaceneros de C\u00f3rdoba, Germ\u00e1n Romero, explic\u00f3 que este lunes \u201clos l\u00e1cteos llegaron en tiempo y forma, despu\u00e9s comenzaron a suspender entregas\u201d.<\/p>\n\n\n\n<p>\u201cHoy comenz\u00f3 con un 5% de incremento, 7% en quesos, galletas y fideos con un 6% de incremento y luego lo dem\u00e1s no est\u00e1 llegando. El aceite es algo que est\u00e1 escaseando en los mayoristas de C\u00f3rdoba\u201d, afirm\u00f3.<\/p>\n\n\n\n<p>\u201cAlgunos mayoristas nos dicen en off que el incremento en promedio ser\u00eda del 10% aplicable una parte esta semana y el resto la que viene. Los incrementos se trasladan directamente al precio\u201d, agreg\u00f3.<\/p>\n\n\n\n<p>En el mismo sentido, Marito Laurens, un carnicero famoso en redes sociales, se\u00f1al\u00f3 que la carne este martes lleg\u00f3 con \u201cel primer aumento de 7%, ma\u00f1ana uno nuevo y el jueves otro\u201d.<\/p>\n\n\n\n<p>\u201cNo tiene tope. Aumenta la faena, el camionero, todos aumentaron\u201d, advirti\u00f3.<\/p>\n\n\n\n<p>\u201cLa carne de la semana pasada no viene con aumento porque se la tienen que sacar de encima. La que viene de faena con fecha de ayer hoy vino con aumento\u201d, aclar\u00f3.<\/p>\n\n\n\n<p>\u201cNosotros est\u00e1bamos pagando 6800 pesos. Hoy se pag\u00f3 7250. La semana que viene podr\u00eda llegar a 7800 pesos. Todo esto es seg\u00fan si se paga al contado o se tiene una deuda\u201d, cerr\u00f3.<\/p>\n\n\n\n<p>Por AM750<\/p>\n","protected":false},"excerpt":{"rendered":"<p>La remarcaci\u00f3n de precios se hace sentir en los comercios de todo el pa\u00eds. Las repercusiones por el acuerdo con el FMI. Como es habitual en la Argentina, ante un escenario de incertidumbre los precios en los alimentos se disparan y los comercios y mayoristas comienzan a remarcar. En este caso, tanto almaceneros como carniceros&#8230;<\/p>\n","protected":false},"author":5,"featured_media":3429,"comment_status":"open","ping_status":"open","sticky":false,"template":"","format":"standard","meta":{"_monsterinsights_skip_tracking":false,"_monsterinsights_sitenote_active":false,"_monsterinsights_sitenote_note":"","_monsterinsights_sitenote_category":0,"footnotes":"","jetpack_publicize_message":"","jetpack_publicize_feature_enabled":true,"jetpack_social_post_already_shared":true,"jetpack_social_options":{"image_generator_settings":{"template":"highway","default_image_id":0,"font":"","enabled":false},"version":2}},"categories":[3],"tags":[58,43,227,45],"class_list":["post-3428","post","type-post","status-publish","format-standard","has-post-thumbnail","hentry","category-economia","tag-ajuste","tag-crisis","tag-inflacion","tag-milei"],"jetpack_publicize_connections":[],"_links":{"self":[{"href":"https:\/\/www.enorsai.com\/noticias\/wp-json\/wp\/v2\/posts\/3428","targetHints":{"allow":["GET"]}}],"collection":[{"href":"https:\/\/www.enorsai.com\/noticias\/wp-json\/wp\/v2\/posts"}],"about":[{"href":"https:\/\/www.enorsai.com\/noticias\/wp-json\/wp\/v2\/types\/post"}],"author":[{"embeddable":true,"href":"https:\/\/www.enorsai.com\/noticias\/wp-json\/wp\/v2\/users\/5"}],"replies":[{"embeddable":true,"href":"https:\/\/www.enorsai.com\/noticias\/wp-json\/wp\/v2\/comments?post=3428"}],"version-history":[{"count":1,"href":"https:\/\/www.enorsai.com\/noticias\/wp-json\/wp\/v2\/posts\/3428\/revisions"}],"predecessor-version":[{"id":3430,"href":"https:\/\/www.enorsai.com\/noticias\/wp-json\/wp\/v2\/posts\/3428\/revisions\/3430"}],"wp:featuredmedia":[{"embeddable":true,"href":"https:\/\/www.enorsai.com\/noticias\/wp-json\/wp\/v2\/media\/3429"}],"wp:attachment":[{"href":"https:\/\/www.enorsai.com\/noticias\/wp-json\/wp\/v2\/media?parent=3428"}],"wp:term":[{"taxonomy":"category","embeddable":true,"href":"https:\/\/www.enorsai.com\/noticias\/wp-json\/wp\/v2\/categories?post=3428"},{"taxonomy":"post_tag","embeddable":true,"href":"https:\/\/www.enorsai.com\/noticias\/wp-json\/wp\/v2\/tags?post=3428"}],"curies":[{"name":"wp","href":"https:\/\/api.w.org\/{rel}","templated":true}]}}