{"id":3400,"date":"2025-04-15T07:50:23","date_gmt":"2025-04-15T10:50:23","guid":{"rendered":"https:\/\/www.enorsai.com\/noticias\/?p=3400"},"modified":"2025-04-15T07:50:23","modified_gmt":"2025-04-15T10:50:23","slug":"esta-todo-mal-javier-milei-acuso-de-traicion-a-mauricio-macri","status":"publish","type":"post","link":"https:\/\/www.enorsai.com\/noticias\/politica\/esta-todo-mal-javier-milei-acuso-de-traicion-a-mauricio-macri\/","title":{"rendered":"Est\u00e1 todo mal: Javier Milei acus\u00f3 de traici\u00f3n a Mauricio Macri"},"content":{"rendered":"\n<p><strong><em>El presidente cuestion\u00f3 la decisi\u00f3n del oficialismo porte\u00f1o de desdoblar las elecciones y dijo que lo hicieron para \u00abcuidar los negocios\u00bb.<\/em><\/strong><\/p>\n\n\n\n<p>Javier Milei est\u00e1 furioso con Mauricio Macri, al que acus\u00f3 de una \u00abtraici\u00f3n por la espalda\u00bb por no permitir que se llegue a un acuerdo electoral en la Ciudad y dijo que la decisi\u00f3n de desdoblar lo hicieron para \u00abcuidar los negocios\u00bb.<\/p>\n\n\n\n<p>\u00abPor el tema de la Ciudad se gener\u00f3 mucho problema y est\u00e1n demonizando a mi hermana de una manera absolutamente injusta. Yo dije vamos juntos en todos lados. \u00bfY yo desdobl\u00e9 las elecciones en la Ciudad?\u00bb, manifest\u00f3 el presidente en di\u00e1logo con FM El Observador.<\/p>\n\n\n\n<p>Y a\u00f1adi\u00f3: \u00ab\u00bfA usted le parece que por eso nosotros podemos avalar una suba de impuestos (en la Ciudad)? \u00bfO que nosotros proponemos una agenda de reformas parecidas a las que estamos haciendo en Naci\u00f3n y las voltean? No hay voluntad de cambio en la Ciudad\u00bb.<\/p>\n\n\n\n<p>\u00abEn el acuerdo que propon\u00edan ellos, pon\u00edan cuatro legisladores y nosotros uno. Si a ustedes le hacen esa propuesta parece una cargada, porque hoy La Libertad Avanza es mucho m\u00e1s poderosa que el PRO. \u00bfSi vamos divididos es por culpa m\u00eda o por culpa del que desdobl\u00f3? Si yo dije: &#8216;vamos todos juntos o nada&#8217;, y usted desdobla, est\u00e1 diciendo &#8216;yo quiero cuidar mis negocios en la Ciudad'\u00bb, expres\u00f3 Milei.<\/p>\n\n\n\n<p>Por Minuto Uno<\/p>\n","protected":false},"excerpt":{"rendered":"<p>El presidente cuestion\u00f3 la decisi\u00f3n del oficialismo porte\u00f1o de desdoblar las elecciones y dijo que lo hicieron para \u00abcuidar los negocios\u00bb. Javier Milei est\u00e1 furioso con Mauricio Macri, al que acus\u00f3 de una \u00abtraici\u00f3n por la espalda\u00bb por no permitir que se llegue a un acuerdo electoral en la Ciudad y dijo que la decisi\u00f3n&#8230;<\/p>\n","protected":false},"author":5,"featured_media":2738,"comment_status":"open","ping_status":"open","sticky":false,"template":"","format":"standard","meta":{"_monsterinsights_skip_tracking":false,"_monsterinsights_sitenote_active":false,"_monsterinsights_sitenote_note":"","_monsterinsights_sitenote_category":0,"footnotes":"","jetpack_publicize_message":"","jetpack_publicize_feature_enabled":true,"jetpack_social_post_already_shared":true,"jetpack_social_options":{"image_generator_settings":{"template":"highway","default_image_id":0,"font":"","enabled":false},"version":2}},"categories":[2],"tags":[43,514,45],"class_list":["post-3400","post","type-post","status-publish","format-standard","has-post-thumbnail","hentry","category-politica","tag-crisis","tag-macri","tag-milei"],"jetpack_publicize_connections":[],"_links":{"self":[{"href":"https:\/\/www.enorsai.com\/noticias\/wp-json\/wp\/v2\/posts\/3400","targetHints":{"allow":["GET"]}}],"collection":[{"href":"https:\/\/www.enorsai.com\/noticias\/wp-json\/wp\/v2\/posts"}],"about":[{"href":"https:\/\/www.enorsai.com\/noticias\/wp-json\/wp\/v2\/types\/post"}],"author":[{"embeddable":true,"href":"https:\/\/www.enorsai.com\/noticias\/wp-json\/wp\/v2\/users\/5"}],"replies":[{"embeddable":true,"href":"https:\/\/www.enorsai.com\/noticias\/wp-json\/wp\/v2\/comments?post=3400"}],"version-history":[{"count":1,"href":"https:\/\/www.enorsai.com\/noticias\/wp-json\/wp\/v2\/posts\/3400\/revisions"}],"predecessor-version":[{"id":3401,"href":"https:\/\/www.enorsai.com\/noticias\/wp-json\/wp\/v2\/posts\/3400\/revisions\/3401"}],"wp:featuredmedia":[{"embeddable":true,"href":"https:\/\/www.enorsai.com\/noticias\/wp-json\/wp\/v2\/media\/2738"}],"wp:attachment":[{"href":"https:\/\/www.enorsai.com\/noticias\/wp-json\/wp\/v2\/media?parent=3400"}],"wp:term":[{"taxonomy":"category","embeddable":true,"href":"https:\/\/www.enorsai.com\/noticias\/wp-json\/wp\/v2\/categories?post=3400"},{"taxonomy":"post_tag","embeddable":true,"href":"https:\/\/www.enorsai.com\/noticias\/wp-json\/wp\/v2\/tags?post=3400"}],"curies":[{"name":"wp","href":"https:\/\/api.w.org\/{rel}","templated":true}]}}