{"id":3369,"date":"2025-04-14T08:01:40","date_gmt":"2025-04-14T11:01:40","guid":{"rendered":"https:\/\/www.enorsai.com\/noticias\/?p=3369"},"modified":"2025-04-14T08:01:40","modified_gmt":"2025-04-14T11:01:40","slug":"kicillof-destrozo-a-milei-el-presidente-balbucea-penosamente-la-confesion-de-su-fracaso","status":"publish","type":"post","link":"https:\/\/www.enorsai.com\/noticias\/politica\/kicillof-destrozo-a-milei-el-presidente-balbucea-penosamente-la-confesion-de-su-fracaso\/","title":{"rendered":"Kicillof destroz\u00f3 a Milei: \u201cEl Presidente balbucea penosamente la confesi\u00f3n de su fracaso\u201d"},"content":{"rendered":"\n<p><strong><em>Axel Kicillof cuestion\u00f3 el nuevo acuerdo con el FMI en los t\u00e9rminos que usaba Javier Milei&#8230; cuando no era presidente.<\/em><\/strong><\/p>\n\n\n\n<p>El gobernador Axel Kicillof se mostr\u00f3 alarmado por el acuerdo con el Fondo Monetario Internacional, que implicar\u00e1 un desembolso de 20 mil millones para la Argentina, y lo consider\u00f3 la admisi\u00f3n del \u201cfracaso\u201d por parte del gobierno de Javier Milei.<\/p>\n\n\n\n<p>\u201cEl presidente balbucea penosamente la confesi\u00f3n de su fracaso. Mientras se agrava la inflaci\u00f3n y contin\u00faa cayendo el consumo, Milei celebra m\u00e1s deuda, ajuste y sumisi\u00f3n al FMI\u201d, escribi\u00f3 en la red social Twitter.<\/p>\n\n\n\n<p>El an\u00e1lisis de Kicillof se basa en los par\u00e1metros que el propio Milei supo establecer antes de ser presidente. El Presidente supo calificar al Fondo como \u201cuna instituci\u00f3n perversa\u201d y vincul\u00f3 su aparici\u00f3n en el horizonte de los Estados a pol\u00edticas econ\u00f3micas fallidas.<\/p>\n\n\n\n<p>\u201cCuando un pa\u00eds, despu\u00e9s de hacer un mont\u00f3n de zafarranchos, y cuando ya nadie lo financia, y est\u00e1 a punto de explotar, el Fondo le pone la guita y le permite patear el ajuste para adelante\u201d, dec\u00eda en 2002.<\/p>\n\n\n\n<p>Kicillof retom\u00f3 ese planteo y traz\u00f3 un panorama sombr\u00edo hacia adelante. \u201cTras destruir jubilaciones y salarios, paralizar la obra p\u00fablica y la producci\u00f3n, secuestrando los recursos de las provincias, el Presidente (estafador de fama mundial) intenta vender como \u00e9xitos lo que en realidad son p\u00e9simas noticias para el pueblo\u201d, augur\u00f3.<\/p>\n\n\n\n<p>\u201cM\u00e1s deuda, desigualdad, ajuste y represi\u00f3n\u2026 la farsa y la tragedia se repiten, pero el futuro no es de Milei, el futuro es del pueblo\u201d, cerr\u00f3 el mandatario provincial, anticipando lo que marca la letra chica del propio acuerdo con el FMI.<\/p>\n\n\n\n<p>Por Redacci\u00f3n infocielo<\/p>\n","protected":false},"excerpt":{"rendered":"<p>Axel Kicillof cuestion\u00f3 el nuevo acuerdo con el FMI en los t\u00e9rminos que usaba Javier Milei&#8230; cuando no era presidente. El gobernador Axel Kicillof se mostr\u00f3 alarmado por el acuerdo con el Fondo Monetario Internacional, que implicar\u00e1 un desembolso de 20 mil millones para la Argentina, y lo consider\u00f3 la admisi\u00f3n del \u201cfracaso\u201d por parte&#8230;<\/p>\n","protected":false},"author":5,"featured_media":3370,"comment_status":"open","ping_status":"open","sticky":false,"template":"","format":"standard","meta":{"_monsterinsights_skip_tracking":false,"_monsterinsights_sitenote_active":false,"_monsterinsights_sitenote_note":"","_monsterinsights_sitenote_category":0,"footnotes":"","jetpack_publicize_message":"","jetpack_publicize_feature_enabled":true,"jetpack_social_post_already_shared":true,"jetpack_social_options":{"image_generator_settings":{"template":"highway","default_image_id":0,"font":"","enabled":false},"version":2}},"categories":[2],"tags":[58,43,90,104,45],"class_list":["post-3369","post","type-post","status-publish","format-standard","has-post-thumbnail","hentry","category-politica","tag-ajuste","tag-crisis","tag-fmi","tag-kicillof","tag-milei"],"jetpack_publicize_connections":[],"_links":{"self":[{"href":"https:\/\/www.enorsai.com\/noticias\/wp-json\/wp\/v2\/posts\/3369","targetHints":{"allow":["GET"]}}],"collection":[{"href":"https:\/\/www.enorsai.com\/noticias\/wp-json\/wp\/v2\/posts"}],"about":[{"href":"https:\/\/www.enorsai.com\/noticias\/wp-json\/wp\/v2\/types\/post"}],"author":[{"embeddable":true,"href":"https:\/\/www.enorsai.com\/noticias\/wp-json\/wp\/v2\/users\/5"}],"replies":[{"embeddable":true,"href":"https:\/\/www.enorsai.com\/noticias\/wp-json\/wp\/v2\/comments?post=3369"}],"version-history":[{"count":1,"href":"https:\/\/www.enorsai.com\/noticias\/wp-json\/wp\/v2\/posts\/3369\/revisions"}],"predecessor-version":[{"id":3371,"href":"https:\/\/www.enorsai.com\/noticias\/wp-json\/wp\/v2\/posts\/3369\/revisions\/3371"}],"wp:featuredmedia":[{"embeddable":true,"href":"https:\/\/www.enorsai.com\/noticias\/wp-json\/wp\/v2\/media\/3370"}],"wp:attachment":[{"href":"https:\/\/www.enorsai.com\/noticias\/wp-json\/wp\/v2\/media?parent=3369"}],"wp:term":[{"taxonomy":"category","embeddable":true,"href":"https:\/\/www.enorsai.com\/noticias\/wp-json\/wp\/v2\/categories?post=3369"},{"taxonomy":"post_tag","embeddable":true,"href":"https:\/\/www.enorsai.com\/noticias\/wp-json\/wp\/v2\/tags?post=3369"}],"curies":[{"name":"wp","href":"https:\/\/api.w.org\/{rel}","templated":true}]}}