{"id":3359,"date":"2025-04-14T06:22:13","date_gmt":"2025-04-14T09:22:13","guid":{"rendered":"https:\/\/www.enorsai.com\/noticias\/?p=3359"},"modified":"2025-04-14T06:22:13","modified_gmt":"2025-04-14T09:22:13","slug":"la-renga-a-milei-aca-estan-los-verdaderos-leones","status":"publish","type":"post","link":"https:\/\/www.enorsai.com\/noticias\/sociedad\/la-renga-a-milei-aca-estan-los-verdaderos-leones\/","title":{"rendered":"La Renga a Milei: \u201cAc\u00e1 est\u00e1n los verdaderos Leones\u00bb"},"content":{"rendered":"\n<p>En un show para juntar dinero para el hospital de Bah\u00eda Blanca hubo tiempo para reclamos.<\/p>\n\n\n\n<p>Los fan\u00e1ticos vibraron al ritmo de&nbsp;<strong>La Renga<\/strong>, una de las bandas m\u00e1s emblem\u00e1ticas del rock argentino, durante un concierto en el que<strong>&nbsp;tambi\u00e9n hubo un espacio para reclamar justicia y una declaraci\u00f3n que reson\u00f3 entre los miles de fan\u00e1ticos presentes<\/strong>.<\/p>\n\n\n\n<p>El cl\u00edmax de la noche lleg\u00f3 cuando Chizzo, en un momento de conexi\u00f3n directa con la multitud, tom\u00f3 el micr\u00f3fono y exclam\u00f3:&nbsp;<em><mark><strong>\u201cAc\u00e1 est\u00e1n los verdaderos leones\u201d<\/strong><\/mark><\/em>. La frase, cargada de simbolismo, fue una referencia a la fuerza y el esp\u00edritu indomable de sus seguidores, pero tambi\u00e9n una alusi\u00f3n a la pol\u00e9mica con el presidente Javier Milei, quien ha utilizado la canci\u00f3n Panic Show y la met\u00e1fora del le\u00f3n en su discurso pol\u00edtico.&nbsp;<\/p>\n\n\n\n<p>La declaraci\u00f3n de Chizzo fue interpretada como un gui\u00f1o a la resistencia cultural frente a intentos de apropiaci\u00f3n de su m\u00fasica, un tema que la banda ya hab\u00eda abordado en el pasado. En 2024, durante otro show en Racing, Chizzo hab\u00eda cuestionado directamente a Milei, diciendo: \u201cAtenci\u00f3n, Javier. El le\u00f3n se quiere comer a la casta y resulta que est\u00e1n todos al lado tuyo\u201d.<\/p>\n\n\n\n<p>La Renga, liderada por Gustavo \u201cChizzo\u201d N\u00e1poli, volvi\u00f3 con un setlist que recorri\u00f3 cl\u00e1sicos como Hablando de la Libertad, El Final es en Donde Part\u00ed y Panic Show.<\/p>\n\n\n\n<blockquote class=\"twitter-tweet\" data-media-max-width=\"560\"><p lang=\"es\" dir=\"ltr\">\u201cAC\u00c1 EST\u00c1N LOS VERDADEROS LEONES. AC\u00c1 EST\u00c1 EL PUEBLO ARGENTINO\u201d<br><br>La Renga meti\u00f3 25 mil personas en La Plata en un show a beneficio de los hospitales de Bah\u00eda Blanca. <a href=\"https:\/\/t.co\/fNBjEzcx79\">pic.twitter.com\/fNBjEzcx79<\/a><\/p>&mdash; Marian Herrera (@marianherrrera) <a href=\"https:\/\/twitter.com\/marianherrrera\/status\/1911274292601356501?ref_src=twsrc%5Etfw\">April 13, 2025<\/a><\/blockquote> <script async src=\"https:\/\/platform.twitter.com\/widgets.js\" charset=\"utf-8\"><\/script>\n\n\n\n<h3 class=\"wp-block-heading\">Justicia para Pablo Grillo<br>&nbsp;<\/h3>\n\n\n\n<p>Uno de los momentos m\u00e1s conmovedores del show fue el pedido de justicia por Pablo Grillo, un fot\u00f3grafo y seguidor de la banda que fue alcanzado por una granda durante la cobertura de la marcha de jubilados. Tete Iglesias, el bajista, luci\u00f3 una remera con la leyenda&nbsp;<strong>\u201cJusticia para Pablo Grillo\u201d<\/strong>&nbsp;frente a las 25.000 personas que colmaron el estadio, un gesto que fue ampliamente compartido en redes sociales. Seg\u00fan un posteo en X, \u201cel rock and roll no morir\u00e1 jam\u00e1s\u201d mientras haya mensajes como este que mantengan viva la memoria de quienes forman parte de la comunidad renguera.<br>&nbsp;<\/p>\n\n\n\n<p>La banda tambi\u00e9n proyect\u00f3 im\u00e1genes de Pablo en las pantallas del escenario, acompa\u00f1ado por un mensaje que ped\u00eda verdad y justicia. Este acto no solo emocion\u00f3 a los presentes, sino que reforz\u00f3 el v\u00ednculo de La Renga con su p\u00fablico, que siempre ha visto en ellos una voz de resistencia y autenticidad.<br>\u201cAc\u00e1 est\u00e1n los verdaderos leones\u201d.<\/p>\n\n\n\n<p>Fuente:<\/p>\n\n\n\n<ul class=\"wp-block-list\">\n<li><a href=\"https:\/\/noticiasargentinas.com\/sociedad\/la-renga-a-milei--en-un-show-epico---aca-esta-el-pueblo-argentino---carajo-_a67fbb62eb40ddccda51a4a4c\">https:\/\/noticiasargentinas.com\/sociedad\/la-renga-a-milei&#8211;en-un-show-epico&#8212;aca-esta-el-pueblo-argentino&#8212;carajo-_a67fbb62eb40ddccda51a4a4c<\/a><\/li>\n<\/ul>\n","protected":false},"excerpt":{"rendered":"<p>En un show solidario, La Renga desat\u00f3 una noche cargada de emoci\u00f3n, memoria y resistencia. Chizzo lanz\u00f3 un dardo a Milei: \u201cAc\u00e1 est\u00e1n los verdaderos leones\u201d. Con un fuerte pedido de justicia por Pablo Grillo, la banda reafirm\u00f3 su rol como voz del pueblo frente al ajuste y la represi\u00f3n.<\/p>\n","protected":false},"author":1,"featured_media":3360,"comment_status":"open","ping_status":"open","sticky":false,"template":"","format":"standard","meta":{"_monsterinsights_skip_tracking":false,"_monsterinsights_sitenote_active":false,"_monsterinsights_sitenote_note":"","_monsterinsights_sitenote_category":0,"footnotes":"","jetpack_publicize_message":"LaRenga, Milei, rock, justicia, cultura, resistencia, m\u00fasica, leones, pueblo, memoria\n\nEn un show para juntar dinero para el hospital de Bah\u00eda Blanca hubo tiempo para reclamos.","jetpack_publicize_feature_enabled":true,"jetpack_social_post_already_shared":false,"jetpack_social_options":{"image_generator_settings":{"template":"highway","enabled":false},"version":2}},"categories":[4],"tags":[663,70,1278,1281,97,45,667,1280,137,1279],"class_list":["post-3359","post","type-post","status-publish","format-standard","has-post-thumbnail","hentry","category-sociedad","tag-cultura","tag-justicia","tag-larenga","tag-leones","tag-memoria","tag-milei","tag-musica","tag-pueblo","tag-resistencia","tag-rock"],"jetpack_publicize_connections":[],"_links":{"self":[{"href":"https:\/\/www.enorsai.com\/noticias\/wp-json\/wp\/v2\/posts\/3359","targetHints":{"allow":["GET"]}}],"collection":[{"href":"https:\/\/www.enorsai.com\/noticias\/wp-json\/wp\/v2\/posts"}],"about":[{"href":"https:\/\/www.enorsai.com\/noticias\/wp-json\/wp\/v2\/types\/post"}],"author":[{"embeddable":true,"href":"https:\/\/www.enorsai.com\/noticias\/wp-json\/wp\/v2\/users\/1"}],"replies":[{"embeddable":true,"href":"https:\/\/www.enorsai.com\/noticias\/wp-json\/wp\/v2\/comments?post=3359"}],"version-history":[{"count":1,"href":"https:\/\/www.enorsai.com\/noticias\/wp-json\/wp\/v2\/posts\/3359\/revisions"}],"predecessor-version":[{"id":3362,"href":"https:\/\/www.enorsai.com\/noticias\/wp-json\/wp\/v2\/posts\/3359\/revisions\/3362"}],"wp:featuredmedia":[{"embeddable":true,"href":"https:\/\/www.enorsai.com\/noticias\/wp-json\/wp\/v2\/media\/3360"}],"wp:attachment":[{"href":"https:\/\/www.enorsai.com\/noticias\/wp-json\/wp\/v2\/media?parent=3359"}],"wp:term":[{"taxonomy":"category","embeddable":true,"href":"https:\/\/www.enorsai.com\/noticias\/wp-json\/wp\/v2\/categories?post=3359"},{"taxonomy":"post_tag","embeddable":true,"href":"https:\/\/www.enorsai.com\/noticias\/wp-json\/wp\/v2\/tags?post=3359"}],"curies":[{"name":"wp","href":"https:\/\/api.w.org\/{rel}","templated":true}]}}