{"id":3352,"date":"2025-04-13T23:13:45","date_gmt":"2025-04-14T02:13:45","guid":{"rendered":"http:\/\/www.enorsai.com\/noticias\/?p=3352"},"modified":"2025-04-13T23:13:45","modified_gmt":"2025-04-14T02:13:45","slug":"el-rosariazo-de-monteverde-una-senal-de-resistencia-al-modelo-milei","status":"publish","type":"post","link":"https:\/\/www.enorsai.com\/noticias\/politica\/el-rosariazo-de-monteverde-una-senal-de-resistencia-al-modelo-milei\/","title":{"rendered":"El Rosariazo de Monteverde: una se\u00f1al de resistencia al modelo Milei"},"content":{"rendered":"\n<p>En una ciudad golpeada por la desigualdad y el abandono estatal, Juan Monteverde emerge como la voz que desaf\u00eda el avance libertario y propone una alternativa progresista.\u200b La destacada performance de Juan Monteverde en las elecciones de Rosario no solo refleja un rechazo al modelo de Javier Milei, sino tambi\u00e9n una apuesta por una pol\u00edtica que prioriza lo social sobre lo mercantil.\u200b<\/p>\n\n\n\n<p>El pasado domingo, Rosario fue escenario de un fen\u00f3meno pol\u00edtico que desaf\u00eda las tendencias nacionales: la notable elecci\u00f3n de Juan Monteverde, l\u00edder de Ciudad Futura y referente del frente \u00abM\u00e1s para Santa Fe\u00bb. En un contexto donde el discurso libertario gana terreno, Monteverde logr\u00f3 consolidarse como una figura central en la pol\u00edtica rosarina, representando una alternativa progresista y comprometida con las demandas sociales.\u200b<\/p>\n\n\n\n<p>Monteverde, quien en 2023 estuvo a escasos votos de arrebatarle la intendencia a Pablo Javkin, ha demostrado una capacidad \u00fanica para conectar con las necesidades de una ciudadan\u00eda harta de promesas vac\u00edas y pol\u00edticas de ajuste. Su campa\u00f1a, centrada en la justicia social y la participaci\u00f3n ciudadana, contrasta fuertemente con las medidas impulsadas por el gobierno de Javier Milei, caracterizadas por recortes y desregulaci\u00f3n.\u200b<\/p>\n\n\n\n<p>La alianza que lidera, \u00abM\u00e1s para Santa Fe\u00bb, no es una coalici\u00f3n improvisada. Est\u00e1 compuesta por sectores del peronismo, el Frente Renovador, el Movimiento Evita y La C\u00e1mpora, entre otros. Esta confluencia de fuerzas progresistas ha permitido a Monteverde presentar una propuesta s\u00f3lida y coherente, que busca enfrentar el avance de pol\u00edticas que priorizan el mercado sobre las personas.\u200b<\/p>\n\n\n\n<p>Durante la jornada electoral, Monteverde expres\u00f3 su satisfacci\u00f3n por la participaci\u00f3n ciudadana, destacando la importancia de la democracia en tiempos donde \u00abtantos gobiernos autoritarios\u00bb amenazan las libertades fundamentales. Su declaraci\u00f3n no es casual; es una cr\u00edtica velada a la gesti\u00f3n de Milei, cuyas pol\u00edticas han sido se\u00f1aladas por diversos sectores como autoritarias y alejadas de las necesidades populares.\u200b<\/p>\n\n\n\n<blockquote class=\"twitter-tweet\" data-media-max-width=\"560\"><p lang=\"es\" dir=\"ltr\">La primera lista peronista con Monteverde fue la fuerza m\u00e1s votada en Rosario. Suena minuto de silencio para Javkin.<br>Tambi\u00e9n le gan\u00f3 a LLA y qued\u00f3 segunda fuerza en toda Santa Fe solo atr\u00e1s de Pullaro pese a que hubo 3 listas peronistas divididas <a href=\"https:\/\/t.co\/cfLGqFhtRy\">pic.twitter.com\/cfLGqFhtRy<\/a><\/p>&mdash; Arrepentidos de Milei (@ArrepentidosLLA) <a href=\"https:\/\/twitter.com\/ArrepentidosLLA\/status\/1911595454485205231?ref_src=twsrc%5Etfw\">April 14, 2025<\/a><\/blockquote> <script async src=\"https:\/\/platform.twitter.com\/widgets.js\" charset=\"utf-8\"><\/script>\n\n\n\n<p>La elecci\u00f3n en Rosario tambi\u00e9n evidenci\u00f3 una fractura en el peronismo santafesino, con Monteverde consolid\u00e1ndose como una figura capaz de unificar a las distintas corrientes internas. Su liderazgo, basado en la coherencia y el compromiso con las bases, contrasta con las disputas internas y la falta de direcci\u00f3n que han caracterizado al peronismo en los \u00faltimos a\u00f1os.\u200b<\/p>\n\n\n\n<p>En las redes sociales, el respaldo a Monteverde fue contundente. Usuarios destacaron su trayectoria, su cercan\u00eda con la gente y su rechazo a las pol\u00edticas de ajuste. Comentarios como \u00abMonteverde es la esperanza que Rosario necesita\u00bb o \u00abFinalmente, alguien que nos representa de verdad\u00bb inundaron las plataformas digitales, reflejando un apoyo genuino y entusiasta.\u200b<\/p>\n\n\n\n<p>El \u00abRosariazo\u00bb de Monteverde no es un hecho aislado. Es parte de una corriente que busca resistir el avance de un modelo que, bajo la promesa de libertad, impone medidas que afectan principalmente a los sectores m\u00e1s vulnerables. En este contexto, la figura de Monteverde se erige como un faro de esperanza para quienes creen en una pol\u00edtica al servicio del pueblo y no del mercado.\u200b<\/p>\n\n\n\n<p>La elecci\u00f3n de Monteverde en Rosario es un llamado de atenci\u00f3n para la dirigencia nacional. Es la muestra de que, incluso en tiempos de desilusi\u00f3n y desencanto, es posible construir alternativas que prioricen lo colectivo sobre lo individual, lo social sobre lo econ\u00f3mico. Y, sobre todo, es una se\u00f1al de que el pueblo no est\u00e1 dispuesto a resignarse a un modelo que lo excluye y lo margina.\u200b<\/p>\n\n\n\n<p>En definitiva, el triunfo de Juan Monteverde en Rosario representa m\u00e1s que una victoria electoral. Es la manifestaci\u00f3n de un deseo profundo de cambio, de una necesidad urgente de pol\u00edticas que pongan en el centro a las personas y no a los intereses econ\u00f3micos. Es, en suma, una esperanza renovada en la posibilidad de una Argentina m\u00e1s justa y solidaria.<\/p>\n","protected":false},"excerpt":{"rendered":"<p>En una ciudad golpeada por la desigualdad y el abandono estatal, Juan Monteverde emerge como la voz que desaf\u00eda el avance libertario y propone una alternativa progresista.\u200b La destacada performance de Juan Monteverde en las elecciones de Rosario no solo refleja un rechazo al modelo de Javier Milei, sino tambi\u00e9n una apuesta por una pol\u00edtica&#8230;<\/p>\n","protected":false},"author":1,"featured_media":3353,"comment_status":"open","ping_status":"open","sticky":false,"template":"","format":"standard","meta":{"_monsterinsights_skip_tracking":false,"_monsterinsights_sitenote_active":false,"_monsterinsights_sitenote_note":"","_monsterinsights_sitenote_category":0,"footnotes":"","jetpack_publicize_message":"El Rosariazo de Monteverde: una se\u00f1al de resistencia al modelo Milei","jetpack_publicize_feature_enabled":true,"jetpack_social_post_already_shared":false,"jetpack_social_options":{"image_generator_settings":{"template":"highway","enabled":false},"version":2}},"categories":[2],"tags":[],"class_list":["post-3352","post","type-post","status-publish","format-standard","has-post-thumbnail","hentry","category-politica"],"jetpack_publicize_connections":[],"_links":{"self":[{"href":"https:\/\/www.enorsai.com\/noticias\/wp-json\/wp\/v2\/posts\/3352","targetHints":{"allow":["GET"]}}],"collection":[{"href":"https:\/\/www.enorsai.com\/noticias\/wp-json\/wp\/v2\/posts"}],"about":[{"href":"https:\/\/www.enorsai.com\/noticias\/wp-json\/wp\/v2\/types\/post"}],"author":[{"embeddable":true,"href":"https:\/\/www.enorsai.com\/noticias\/wp-json\/wp\/v2\/users\/1"}],"replies":[{"embeddable":true,"href":"https:\/\/www.enorsai.com\/noticias\/wp-json\/wp\/v2\/comments?post=3352"}],"version-history":[{"count":1,"href":"https:\/\/www.enorsai.com\/noticias\/wp-json\/wp\/v2\/posts\/3352\/revisions"}],"predecessor-version":[{"id":3354,"href":"https:\/\/www.enorsai.com\/noticias\/wp-json\/wp\/v2\/posts\/3352\/revisions\/3354"}],"wp:featuredmedia":[{"embeddable":true,"href":"https:\/\/www.enorsai.com\/noticias\/wp-json\/wp\/v2\/media\/3353"}],"wp:attachment":[{"href":"https:\/\/www.enorsai.com\/noticias\/wp-json\/wp\/v2\/media?parent=3352"}],"wp:term":[{"taxonomy":"category","embeddable":true,"href":"https:\/\/www.enorsai.com\/noticias\/wp-json\/wp\/v2\/categories?post=3352"},{"taxonomy":"post_tag","embeddable":true,"href":"https:\/\/www.enorsai.com\/noticias\/wp-json\/wp\/v2\/tags?post=3352"}],"curies":[{"name":"wp","href":"https:\/\/api.w.org\/{rel}","templated":true}]}}