{"id":3346,"date":"2025-04-13T21:18:25","date_gmt":"2025-04-14T00:18:25","guid":{"rendered":"http:\/\/www.enorsai.com\/noticias\/?p=3346"},"modified":"2025-04-13T21:18:25","modified_gmt":"2025-04-14T00:18:25","slug":"en-santa-fe-gano-el-laboratorio-del-autoritarismo-blando-pullaro-y-su-intento-de-perpetuarse-en-el-poder","status":"publish","type":"post","link":"https:\/\/www.enorsai.com\/noticias\/politica\/en-santa-fe-gano-el-laboratorio-del-autoritarismo-blando-pullaro-y-su-intento-de-perpetuarse-en-el-poder\/","title":{"rendered":"En Santa Fe gan\u00f3 el laboratorio del autoritarismo blando: Pullaro y su intento de perpetuarse en el poder"},"content":{"rendered":"\n<p>Con el pretexto de modernizar una Carta Magna de 1962, el gobernador Maximiliano Pullaro impulsa una reforma constitucional que encubre su intento de perpetuarse en el poder. La participaci\u00f3n de La Libertad Avanza en esta jugada revela la alianza entre el conservadurismo tradicional y el ultraliberalismo autoritario.<\/p>\n\n\n\n<p>(Por Osvaldo Peralta) Santa Fe inaugur\u00f3 el calendario electoral 2025 con una elecci\u00f3n crucial: la de convencionales constituyentes que redactar\u00e1n una nueva Constituci\u00f3n provincial. Lo que se presenta como un avance institucional podr\u00eda convertirse en una peligrosa regresi\u00f3n democr\u00e1tica. Los resultados dan una amplia ventaja al oficialismo, mientras las listas libertarias y reaccionarias se disputan el segundo lugar. La reelecci\u00f3n del gobernador Pullaro asoma como objetivo encubierto en este proceso, con el aval c\u00f3mplice de los seguidores de Javier Milei.<\/p>\n\n\n\n<p>Santa Fe abri\u00f3 el a\u00f1o electoral 2025 y, con ello, tambi\u00e9n abri\u00f3 una caja de Pandora institucional. Lo que se anunci\u00f3 como una jornada democr\u00e1tica ejemplar para elegir a los convencionales que redactar\u00e1n la nueva Constituci\u00f3n provincial es, en realidad, una operaci\u00f3n pol\u00edtica de alta peligrosidad. El principal impulsor, el gobernador Maximiliano Pullaro, obtuvo este domingo un contundente 37,6% de los votos a trav\u00e9s de su frente oficialista <em>Unidos para Cambiar Santa Fe<\/em>, y con ese respaldo proyecta avanzar en una reforma que incluye una cl\u00e1usula de reelecci\u00f3n que hoy la ley no permite.<\/p>\n\n\n\n<p>La \u00faltima Constituci\u00f3n santafesina data de 1962. Claro, los tiempos cambiaron. Pero no todo cambio es progreso. La excusa de la \u201cmodernizaci\u00f3n institucional\u201d esgrimida por Pullaro no es otra cosa que un plan de reingenier\u00eda pol\u00edtica al servicio de su proyecto personalista. Y lo m\u00e1s preocupante es que lo hace desde una posici\u00f3n de poder que amenaza con utilizar la reforma como un traje a medida.<\/p>\n\n\n\n<p>Con un padr\u00f3n de m\u00e1s de 2,8 millones de electores y utilizando el sistema de Boleta \u00danica de Papel \u2014novedad que permite camuflar mejor las manipulaciones simb\u00f3licas\u2014, los santafesinos votaron a 69 convencionales constituyentes: 50 por distrito \u00fanico y 19 por circunscripciones departamentales. Una arquitectura electoral dise\u00f1ada para dar una p\u00e1tina de legitimidad t\u00e9cnica a un proceso profundamente viciado de origen.<\/p>\n\n\n\n<p>Los resultados son ilustrativos y, a la vez, alarmantes. Pullaro logr\u00f3 imponer su fuerza pol\u00edtica con claridad, dejando lejos a sus competidores. Detr\u00e1s, el panorama se volvi\u00f3 a\u00fan m\u00e1s sombr\u00edo. Nicol\u00e1s Mayoraz, representante de La Libertad Avanza y operador de los intereses mile\u00edstas en la provincia, se ubic\u00f3 muy cerca del segundo lugar con un 13,4% de los votos, apenas por detr\u00e1s del peronista Juan Monteverde (13,8%) y de la medi\u00e1tica Amalia Granata (12,9%).<\/p>\n\n\n\n<p>La fragmentaci\u00f3n opositora y la consolidaci\u00f3n de las fuerzas conservadoras y de ultraderecha muestran un escenario f\u00e9rtil para que avance un modelo de poder autoritario pero con fachada democr\u00e1tica. Pullaro y Mayoraz \u2014aunque provienen de tradiciones pol\u00edticas distintas\u2014 parecen compartir una visi\u00f3n de la pol\u00edtica centrada en el control verticalista del Estado, el debilitamiento de los mecanismos de participaci\u00f3n real y la construcci\u00f3n de liderazgos personales por encima de las instituciones.<\/p>\n\n\n\n<p>La coincidencia no es casual. La Libertad Avanza ha mostrado una y otra vez su desprecio por las formas republicanas cuando no se ajustan a sus fines. Javier Milei ha afirmado, sin tapujos, que \u201cla casta\u201d debe ser destruida, pero en los hechos pacta con los gobernadores que le garantizan gobernabilidad \u2014o negocios\u2014. Pullaro, por su parte, sabe que para mantener su proyecto a largo plazo necesita del respaldo (t\u00e1cito o expl\u00edcito) del poder nacional, aunque eso implique aliarse con las expresiones m\u00e1s reaccionarias del espectro pol\u00edtico.<\/p>\n\n\n\n<div class=\"wp-block-jetpack-related-posts has-medium-font-size\"><\/div>\n\n\n\n<p>La elecci\u00f3n de convencionales se presenta como un hito democr\u00e1tico, pero esconde una peligrosa concentraci\u00f3n de poder. No habr\u00e1 segunda vuelta. No hay mecanismos de participaci\u00f3n directa posteriores. Lo que se vote ahora tendr\u00e1 consecuencias estructurales para los pr\u00f3ximos a\u00f1os. Y todo indica que la reforma buscar\u00e1 consagrar la reelecci\u00f3n del gobernador como primer punto de un nuevo orden pol\u00edtico provincial.<\/p>\n\n\n\n<p>\u00bfD\u00f3nde queda la pluralidad? \u00bfQu\u00e9 voz tendr\u00e1 la ciudadan\u00eda m\u00e1s all\u00e1 del acto electoral? \u00bfQui\u00e9n controlar\u00e1 a los convencionales, muchos de los cuales responden ciegamente a sus l\u00edderes pol\u00edticos? Las respuestas son inquietantes. En vez de una apertura hacia una democracia m\u00e1s participativa, Santa Fe podr\u00eda estar entrando en una etapa de simulacro institucional, donde se legisla para blindar proyectos personales y se debilita el control ciudadano.<\/p>\n\n\n\n<p>Resulta inevitable advertir la semejanza de este proceso con otros experimentos autoritarios disfrazados de reformas. La narrativa de la eficiencia, la modernizaci\u00f3n y la gobernabilidad se impone como discurso hegem\u00f3nico, mientras en los hechos se recortan derechos, se clausuran debates y se vac\u00eda de contenido la idea de soberan\u00eda popular.<\/p>\n\n\n\n<p>Pullaro no es un outsider. Es un dirigente que representa lo m\u00e1s rancio del radicalismo reciclado, y que hoy cabalga sobre la inestabilidad nacional para consolidarse como un nuevo caudillo de provincia. Su jugada constitucional no busca fortalecer a Santa Fe, sino garantizarse poder a largo plazo en un contexto nacional fragmentado, donde cada gobernador se refugia en su feudo mientras el gobierno nacional destruye sistem\u00e1ticamente las bases del Estado.<\/p>\n\n\n\n<p>La complicidad de La Libertad Avanza en este proceso es a\u00fan m\u00e1s grave. La fuerza de Milei, que se vende como adalid de la libertad, participa activamente de una elecci\u00f3n que puede terminar avalando la reelecci\u00f3n indefinida, un mecanismo t\u00edpicamente autoritario. No sorprende: los libertarios han demostrado que su idea de libertad es, en realidad, la libertad del poder para imponerse sin l\u00edmites.<\/p>\n\n\n\n<p>En resumen, la elecci\u00f3n de convencionales en Santa Fe no es solo un hecho local. Es un laboratorio de lo que puede venir a nivel nacional: reformas constitucionales a medida de los poderosos, participaci\u00f3n ciudadana reducida al voto cada cuatro a\u00f1os y una creciente alianza entre conservadurismo tradicional y liberalismo extremo.<\/p>\n\n\n\n<p>La democracia santafesina est\u00e1 siendo puesta a prueba. Y lo hace en un contexto de retroceso institucional a nivel nacional, con Milei promoviendo una l\u00f3gica de demolici\u00f3n del Estado y Pullaro construyendo, ladrillo por ladrillo, su torre de poder.<\/p>\n\n\n\n<p>El resultado de esta elecci\u00f3n, aunque parcial, ya deja un mensaje claro: los actores pol\u00edticos que hoy dominan la escena est\u00e1n m\u00e1s preocupados por perpetuarse que por construir una provincia justa, equitativa y verdaderamente democr\u00e1tica.<\/p>\n\n\n\n<p>Si no se encienden las alertas ahora, ma\u00f1ana ser\u00e1 demasiado tarde.<\/p>\n","protected":false},"excerpt":{"rendered":"<p>Santa Fe inaugura el calendario electoral 2025 con una elecci\u00f3n clave para reformar su Constituci\u00f3n. Pullaro busca consolidar poder con la reelecci\u00f3n indefinida, mientras La Libertad Avanza crece al calor del desgobierno de Milei. Un escenario tenso donde la democracia se juega mucho m\u00e1s que una simple reforma.<\/p>\n","protected":false},"author":1,"featured_media":3347,"comment_status":"open","ping_status":"open","sticky":false,"template":"","format":"standard","meta":{"_monsterinsights_skip_tracking":false,"_monsterinsights_sitenote_active":false,"_monsterinsights_sitenote_note":"","_monsterinsights_sitenote_category":0,"footnotes":"","jetpack_publicize_message":"En Santa Fe gan\u00f3 el laboratorio del autoritarismo blando: Pullaro y su intento de perpetuarse en el poder","jetpack_publicize_feature_enabled":true,"jetpack_social_post_already_shared":false,"jetpack_social_options":{"image_generator_settings":{"template":"highway","enabled":false},"version":2}},"categories":[2],"tags":[669,209,190,605,45,1044,72,1269,1271,1270],"class_list":["post-3346","post","type-post","status-publish","format-standard","has-post-thumbnail","hentry","category-politica","tag-constitucion","tag-democracia","tag-elecciones","tag-libertarios","tag-milei","tag-oficialismo","tag-politica","tag-pullaro","tag-reforma","tag-santafe"],"jetpack_publicize_connections":[],"_links":{"self":[{"href":"https:\/\/www.enorsai.com\/noticias\/wp-json\/wp\/v2\/posts\/3346","targetHints":{"allow":["GET"]}}],"collection":[{"href":"https:\/\/www.enorsai.com\/noticias\/wp-json\/wp\/v2\/posts"}],"about":[{"href":"https:\/\/www.enorsai.com\/noticias\/wp-json\/wp\/v2\/types\/post"}],"author":[{"embeddable":true,"href":"https:\/\/www.enorsai.com\/noticias\/wp-json\/wp\/v2\/users\/1"}],"replies":[{"embeddable":true,"href":"https:\/\/www.enorsai.com\/noticias\/wp-json\/wp\/v2\/comments?post=3346"}],"version-history":[{"count":1,"href":"https:\/\/www.enorsai.com\/noticias\/wp-json\/wp\/v2\/posts\/3346\/revisions"}],"predecessor-version":[{"id":3348,"href":"https:\/\/www.enorsai.com\/noticias\/wp-json\/wp\/v2\/posts\/3346\/revisions\/3348"}],"wp:featuredmedia":[{"embeddable":true,"href":"https:\/\/www.enorsai.com\/noticias\/wp-json\/wp\/v2\/media\/3347"}],"wp:attachment":[{"href":"https:\/\/www.enorsai.com\/noticias\/wp-json\/wp\/v2\/media?parent=3346"}],"wp:term":[{"taxonomy":"category","embeddable":true,"href":"https:\/\/www.enorsai.com\/noticias\/wp-json\/wp\/v2\/categories?post=3346"},{"taxonomy":"post_tag","embeddable":true,"href":"https:\/\/www.enorsai.com\/noticias\/wp-json\/wp\/v2\/tags?post=3346"}],"curies":[{"name":"wp","href":"https:\/\/api.w.org\/{rel}","templated":true}]}}