{"id":333,"date":"2025-01-23T10:29:04","date_gmt":"2025-01-23T10:29:04","guid":{"rendered":"https:\/\/www.enorsai.com\/noticias\/uncategorized\/2025-el-caos-global-y-el-ascenso-de-las-elites\/"},"modified":"2025-01-31T05:59:49","modified_gmt":"2025-01-31T05:59:49","slug":"2025-el-caos-global-y-el-ascenso-de-las-elites","status":"publish","type":"post","link":"https:\/\/www.enorsai.com\/noticias\/mundo\/2025-el-caos-global-y-el-ascenso-de-las-elites\/","title":{"rendered":"2025: el caos global y el ascenso de las elites"},"content":{"rendered":"\n<p>Por: Lic. Alejandro Marc\u00f3 del Pont<\/p>\n<p class=\"has-text-align-right\"><em>Colaboraci\u00f3n para la Era \u201cpoco\u201d Inteligente<\/em><\/p>\n<p class=\"has-text-align-justify\">El a\u00f1o 2025 comienza con m\u00e1s preguntas que respuestas. Ser\u00e1, como m\u00ednimo, un a\u00f1o de treguas, pero no de paz. En Ucrania, la diplomacia ganar\u00e1 terreno, aunque los movimientos de las potencias pondr\u00e1n a prueba un sistema internacional incapaz de resolver las causas estructurales de los conflictos. En Gaza, el alto al fuego estar\u00e1 marcado por el previsible incumplimiento israel\u00ed.<\/p>\n<p class=\"has-text-align-justify\">En un panorama global dominado por el caos geopol\u00edtico, el crecimiento desigual entre las econom\u00edas sigue siendo una tendencia alarmante. En los \u00faltimos 20 a\u00f1os (2004-2024), los pa\u00edses del G7 crecieron a un promedio de apenas <strong>1.58%<\/strong>, mientras que China lo hizo al <strong>8.15%<\/strong> y la India al <strong>6.9%<\/strong>. Estados Unidos, el l\u00edder del G7, creci\u00f3 casi cuatro veces m\u00e1s lento que China, una diferencia que evidencia el ascenso imparable de Asia como eje del poder econ\u00f3mico global.<\/p>\n<p class=\"has-text-align-justify\">Sin embargo, esta transici\u00f3n no ser\u00e1 f\u00e1cil. Un mundo en caos ralentiza el crecimiento econ\u00f3mico global, generando incertidumbre e inseguridad que afectan tanto el comercio como el desarrollo. Para las potencias occidentales, esta ralentizaci\u00f3n es una estrategia para frenar el avance de China e India, aunque el futuro parece inclinarse inevitablemente hacia Asia.<\/p>\n<p class=\"has-text-align-justify\">El a\u00f1o 2024 marc\u00f3 un cambio pol\u00edtico global. M\u00e1s de <a href=\"https:\/\/www.idea.int\/initiatives\/the-2024-global-elections-supercycle\" target=\"_blank\" rel=\"noreferrer noopener\">1.600 millones<\/a> de personas acudieron a las urnas, movidas por el enojo, el malestar o el miedo. En la mayor\u00eda de los casos, votaron para castigar a los partidos en el poder. Gobiernos como el de los dem\u00f3cratas en Estados Unidos, los conservadores brit\u00e1nicos, los macronistas en Francia o la izquierda en Portugal sufrieron derrotas significativas. Incluso los que resistieron, como Jap\u00f3n, India o Sud\u00e1frica, salieron debilitados.<\/p>\n<p class=\"has-text-align-justify\">Esta ola de cambios pol\u00edticos refleja una creciente desconfianza en las instituciones tradicionales, alimentada por la frustraci\u00f3n ciudadana y las divisiones sociales. Seg\u00fan el fil\u00f3sofo Peter Sloterdijk, la ira colectiva ha sido un motor hist\u00f3rico para la transformaci\u00f3n social. En el pasado, instituciones como la iglesia o los movimientos obreros canalizaron este enejo hacia objetivos claros, como la lucha contra la explotaci\u00f3n o las desigualdades.<\/p>\n<p class=\"has-text-align-justify\">Sin embargo, en la <strong>era de las redes sociales<\/strong>, la ira ha perdido su direcci\u00f3n. Estas plataformas democratizan la indignaci\u00f3n, pero la fragmentan en emociones reactivas y polarizadas sin un prop\u00f3sito transformador claro. Mark Zuckerberg, director general de Meta (Facebook, Instagram, WhatsApp y otros), anunci\u00f3 para el 2025 el fin de la verificaci\u00f3n programada de datos y contenidos en las redes sociales de la empresa, una se\u00f1al de alineamiento con la presidencia de Donald Trump y su aliado ideol\u00f3gico y comercial Elon Musk.<\/p>\n<p class=\"has-text-align-justify\">La decisi\u00f3n de Zuckerberg afecta a las populares redes sociales bajo su control y a un universo de unos 3.000 millones de usuarios en todo el mundo, eliminando los filtros autom\u00e1ticos contra la desinformaci\u00f3n y <em>fake news<\/em>, y allana el camino para la actividad deliberada de granjas de <em>trolls<\/em> y constructores de la \u201copini\u00f3n p\u00fablica\u201d en miras a sostener una agenda pol\u00edtica reaccionaria. Bienvenidos a la plaza p\u00fablica domina por las elites.<\/p>\n<p class=\"has-text-align-justify\">Las viejas fracturas sociales y culturales se han intensificado: desde las guerras culturales a la lucha por el control de la informaci\u00f3n y de las burbujas algor\u00edtmicamente construidas en las redes sociales. La irrupci\u00f3n del magnate Elon Musk en la presidencia del nuevo gobierno de Donald Trump personifica este cambio en el ejercicio del poder. El hombre m\u00e1s rico del mundo, con el meg\u00e1fono m\u00e1s potente de la sociedad digitalizada, entra en la Casa Blanca para ejercer de mano derecha del presidente. Musk es un\u00a0<em>poder global<\/em>, detentor de una\u00a0<a href=\"https:\/\/www.lemonde.fr\/en\/international\/article\/2024\/11\/15\/how-america-s-tech-right-came-to-power_6732989_4.html\" target=\"_blank\" rel=\"noreferrer noopener\">agenda pol\u00edtica<\/a>\u00a0y unos intereses privados, que muchos gobiernos democr\u00e1ticos no saben c\u00f3mo gestionar.\u00a0<\/p>\n<p class=\"has-text-align-justify\">Mientras tanto, Europa enfrenta su propia crisis. Parlamentos fragmentados y una \u00ablocomotora franco-alemana\u00bb debilitada reflejan la fragilidad de la integraci\u00f3n europea. La dependencia de Europa hacia Estados Unidos y su incapacidad para liderar de manera aut\u00f3noma acent\u00faan esta debilidad.<\/p>\n<p class=\"has-text-align-justify\">El a\u00f1o arranca con un individualismo reforzado. Estamos ante un mundo menos institucional. Si el miedo o la rabia se han convertido en el est\u00edmulo movilizador que determina el voto, esta creciente sensaci\u00f3n de desesperanza es preocupantemente alta entre los j\u00f3venes. Como dice el <a href=\"https:\/\/www.cidob.org\/\">Barcelona Centre for International Affairs, <\/a>\u201c\u2026 <em>en las elecciones europeas de 2024, se produjo un\u00a0<\/em><a href=\"https:\/\/feps-europe.eu\/youth-turnout-in-the-2024-european-elections-a-closer-look-at-the-under-25-vote\/\" target=\"_blank\" rel=\"noreferrer noopener\"><em>descenso de la participaci\u00f3n electoral<\/em><\/a><em>\u00a0entre los menores de 25 a\u00f1os. Solo el 36% de los votantes de este grupo de edad acudi\u00f3 a las urnas.<\/em> <em>Entre los j\u00f3venes que no votaron, un 28% adujo, como raz\u00f3n principal, la falta de inter\u00e9s en la pol\u00edtica; un 14% mencion\u00f3 la desconfianza en la pol\u00edtica, y el 10% sinti\u00f3 que su voto no cambiar\u00eda nada<\/em>.<\/p>\n<p class=\"has-text-align-justify\"><em>La mitad de los votos que sumaron los nazis en su segunda elecci\u00f3n, 8,5 millones sobre 16,5 millones \u201ccorrespondi\u00f3 a nuevos votantes, a j\u00f3venes\u201d.<\/em><strong> <\/strong>Siegmund Ginzberg<em>, <\/em>autor de\u00a0<em>S\u00edndrome 1933<\/em>, excelentemente explicado por Jorge Fontevecchia en <a href=\"https:\/\/www.perfil.com\/noticias\/columnistas\/1998-2025-1933-por-jorge-fontevecchia.phtml\">su art\u00edculo<\/a> \u201c1998-2025 (\u00bf1933?)\u201d,<em> recurre a una iron\u00eda de Bertolt Brecht: \u201csi los resultados electorales los decepcionan, les sugiero que disuelvan el pueblo y elijan otro\u201d.<\/em><\/p>\n<p class=\"has-text-align-justify\"><em>\u201cDespiadados con los seres humanos, compasivos con los animales. Entre las primer\u00edsimas medidas aprobadas por el gobierno de Hitler, figuraba una \u2018ley contra la crueldad contra los animales\u2019, promulgada en abril de 1933. En esta Argentina de hoy para nada comparable con aquella Alemania, a pocos meses de haber asumido un nuevo gobierno, a instancias de aliados al oficialismo, se propuso la Ley Conan, que aumentaba las penas por maltrato animal de 15 d\u00edas a un a\u00f1o de prisi\u00f3n vigentes, a de tres meses a tres a\u00f1os de prisi\u00f3n, y adem\u00e1s establecer el D\u00eda del Animal como jornada de reflexi\u00f3n en las escuelas.<\/em><\/p>\n<p class=\"has-text-align-justify\">Tambi\u00e9n rima el presente actual de la Argentina con \u201cel lento suicidio del Parlamento alem\u00e1n: en 1930 el Congreso hab\u00eda aprobado 98 leyes y el gobierno cinco por decreto. En 1931 el Congreso hab\u00eda aprobado 32 leyes y el Ejecutivo 44 decretos. Y en 1932 el Congreso hab\u00eda aprobado cinco leyes mientras que el Gobierno hab\u00eda promulgado 66 decretos\u201d En los primeros 12 meses de Javier Milei en Casa Rosada, el Parlamento aprob\u00f3 44 leyes, la cifra m\u00e1s baja para un primer a\u00f1o de gesti\u00f3n de las \u00faltimas cuatro presidencia y <a href=\"https:\/\/chequeado.com\/el-explicador\/el-dnu-de-javier-milei-cuales-son-los-presidentes-que-mas-usaron-esta-herramienta-entre-1989-y-2023\/\">46 decretos en 330 d\u00edas de gobierno<\/a>.<\/p>\n<p class=\"has-text-align-justify\">La previsi\u00f3n del\u00a0<a href=\"https:\/\/www.imf.org\/en\/Publications\/WEO\/Issues\/2024\/10\/22\/world-economic-outlook-october-2024\" target=\"_blank\" rel=\"noreferrer noopener\">FMI<\/a>\u00a0de crecimiento global para 2025 es del 3,2%, una tasa muy similar a la estimada para 2024, pero inferior a la din\u00e1mica prepand\u00e9mica. Sin embargo, esta cifra enmascara diferencias significativas por regiones, donde la fortaleza de Estados Unidos y algunas econom\u00edas asi\u00e1ticas emergentes contrastar\u00eda con la debilidad de Europa. En este contexto, es de esperar un incremento de la\u00a0<a href=\"https:\/\/www.cidob.org\/publicaciones\/apuntes-la-union-europea-en-la-era-de-la-inseguridad-economica\" target=\"_blank\" rel=\"noreferrer noopener\">inseguridad econ\u00f3mica<\/a>\u00a0y una aceleraci\u00f3n de la<a href=\"https:\/\/www.imf.org\/en\/Publications\/WEO\/Issues\/2024\/10\/22\/world-economic-outlook-october-2024\" target=\"_blank\" rel=\"noreferrer noopener\">\u00a0fragmentaci\u00f3n de la econom\u00eda global<\/a>, donde ya es observable el mayor acercamiento entre pa\u00edses afines. El ataque a los BRICS ser\u00e1 frontal.<\/p>\n<p class=\"has-text-align-justify\">En 2025, China sigue consolidando su liderazgo tecnol\u00f3gico, destac\u00e1ndose en sectores clave como los drones, bater\u00edas de litio y paneles solares. Sin embargo, su avance en semiconductores se ha visto ralentizado por los bloqueos y restricciones impuestos por Occidente.<\/p>\n<p class=\"has-text-align-justify\">El panorama global est\u00e1 marcado por la fragmentaci\u00f3n econ\u00f3mica. Las alianzas regionales, como los BRICS, enfrentan un ataque frontal por parte de las potencias occidentales, mientras que las econom\u00edas emergentes buscan alternativas para reducir su dependencia de Estados Unidos y Europa.<\/p>\n<p class=\"has-text-align-justify\">El a\u00f1o 2025 no se presenta prometedor. En medio de la incertidumbre econ\u00f3mica, el caos pol\u00edtico y la manipulaci\u00f3n masiva de la informaci\u00f3n, el mundo avanza hacia un futuro cada vez m\u00e1s individualista y menos institucional. La desesperanza entre los j\u00f3venes y la falta de inter\u00e9s en la pol\u00edtica son s\u00edntomas preocupantes de una sociedad que parece haber perdido su rumbo.<\/p>\n","protected":false},"excerpt":{"rendered":"<p>Por: Lic. Alejandro Marc\u00f3 del Pont Colaboraci\u00f3n para la Era \u201cpoco\u201d Inteligente El a\u00f1o 2025 comienza con m\u00e1s preguntas que respuestas. Ser\u00e1, como m\u00ednimo, un a\u00f1o de treguas, pero no de paz. En Ucrania, la diplomacia ganar\u00e1 terreno, aunque los movimientos de las potencias pondr\u00e1n a prueba un sistema internacional incapaz de resolver las causas&#8230;<\/p>\n","protected":false},"author":1,"featured_media":334,"comment_status":"open","ping_status":"open","sticky":false,"template":"","format":"standard","meta":{"_monsterinsights_skip_tracking":false,"_monsterinsights_sitenote_active":false,"_monsterinsights_sitenote_note":"","_monsterinsights_sitenote_category":0,"footnotes":"","jetpack_publicize_message":"","jetpack_publicize_feature_enabled":true,"jetpack_social_post_already_shared":true,"jetpack_social_options":{"image_generator_settings":{"template":"highway","default_image_id":0,"font":"","enabled":false},"version":2}},"categories":[7],"tags":[],"class_list":["post-333","post","type-post","status-publish","format-standard","has-post-thumbnail","hentry","category-mundo"],"jetpack_publicize_connections":[],"_links":{"self":[{"href":"https:\/\/www.enorsai.com\/noticias\/wp-json\/wp\/v2\/posts\/333","targetHints":{"allow":["GET"]}}],"collection":[{"href":"https:\/\/www.enorsai.com\/noticias\/wp-json\/wp\/v2\/posts"}],"about":[{"href":"https:\/\/www.enorsai.com\/noticias\/wp-json\/wp\/v2\/types\/post"}],"author":[{"embeddable":true,"href":"https:\/\/www.enorsai.com\/noticias\/wp-json\/wp\/v2\/users\/1"}],"replies":[{"embeddable":true,"href":"https:\/\/www.enorsai.com\/noticias\/wp-json\/wp\/v2\/comments?post=333"}],"version-history":[{"count":1,"href":"https:\/\/www.enorsai.com\/noticias\/wp-json\/wp\/v2\/posts\/333\/revisions"}],"predecessor-version":[{"id":355,"href":"https:\/\/www.enorsai.com\/noticias\/wp-json\/wp\/v2\/posts\/333\/revisions\/355"}],"wp:featuredmedia":[{"embeddable":true,"href":"https:\/\/www.enorsai.com\/noticias\/wp-json\/wp\/v2\/media\/334"}],"wp:attachment":[{"href":"https:\/\/www.enorsai.com\/noticias\/wp-json\/wp\/v2\/media?parent=333"}],"wp:term":[{"taxonomy":"category","embeddable":true,"href":"https:\/\/www.enorsai.com\/noticias\/wp-json\/wp\/v2\/categories?post=333"},{"taxonomy":"post_tag","embeddable":true,"href":"https:\/\/www.enorsai.com\/noticias\/wp-json\/wp\/v2\/tags?post=333"}],"curies":[{"name":"wp","href":"https:\/\/api.w.org\/{rel}","templated":true}]}}