{"id":3305,"date":"2025-04-11T17:12:26","date_gmt":"2025-04-11T20:12:26","guid":{"rendered":"https:\/\/www.enorsai.com\/noticias\/economia\/la-inflacion-que-milei-no-puede-domar-alimentos-por-las-nubes-y-una-promesa-de-ajuste-eterno\/"},"modified":"2025-04-11T17:12:26","modified_gmt":"2025-04-11T20:12:26","slug":"la-inflacion-que-milei-no-puede-domar-alimentos-por-las-nubes-y-una-promesa-de-ajuste-eterno","status":"publish","type":"post","link":"https:\/\/www.enorsai.com\/noticias\/economia\/la-inflacion-que-milei-no-puede-domar-alimentos-por-las-nubes-y-una-promesa-de-ajuste-eterno\/","title":{"rendered":"La inflaci\u00f3n que Milei no puede domar: alimentos por las nubes y una promesa de ajuste eterno"},"content":{"rendered":"\n<p>Pese al relato oficial, el \u00edndice de precios volvi\u00f3 a acelerarse en marzo. Mientras el Gobierno festeja desaceleraciones estad\u00edsticas, la comida, la educaci\u00f3n y la vida cotidiana siguen por las nubes. El \u00abmilagro liberal\u00bb no se traduce en el changuito del supermercado.<br><br>Con una inflaci\u00f3n mensual del 3,7% y un interanual del 55,9%, el Gobierno de Javier Milei se aferra a una ret\u00f3rica de \u00e9xito que contrasta con la realidad de millones de argentinos. La suba descontrolada de alimentos y educaci\u00f3n enciende una nueva alerta sobre el costo social del ajuste permanente y la dependencia absoluta del Fondo Monetario Internacional. El bolsillo popular no encuentra alivio.<br><br>El Instituto Nacional de Estad\u00edstica y Censos (Indec) public\u00f3 el dato que el Gobierno busc\u00f3 maquillar con optimismo vac\u00edo: la inflaci\u00f3n de marzo fue del 3,7%, marcando una suba respecto al 2,4% registrado en febrero. Lo que para el equipo econ\u00f3mico libertario parece motivo de celebraci\u00f3n \u2014una supuesta \u00abdesaceleraci\u00f3n interanual\u00bb\u2014 para la mayor\u00eda de los argentinos es una tragedia repetida: la comida vuelve a dispararse, la educaci\u00f3n se vuelve impagable y la estabilidad econ\u00f3mica es apenas una entelequia para quienes habitan m\u00e1s all\u00e1 del microcentro porte\u00f1o.<br><br>La inflaci\u00f3n interanual lleg\u00f3 al 55,9%, una cifra que, aunque levemente menor a la de per\u00edodos anteriores, no representa ninguna victoria real. En el trimestre, el alza acumulada fue del 8,6%, pero los rubros que m\u00e1s pesan en la vida cotidiana, como alimentos, educaci\u00f3n e indumentaria, mostraron aumentos muy por encima del promedio. El gobierno de Javier Milei parece celebrar que el fuego ahora quema un poco m\u00e1s lento, ignorando que la casa sigue incendiada.<br><br>Detr\u00e1s del n\u00famero fr\u00edo del 3,7% hay historias que no entran en las planillas de Excel del Ministerio de Econom\u00eda: una madre que no puede costear \u00fatiles escolares, un jubilado que debe elegir entre carne o medicamentos, una familia que abandona la dieta saludable porque las verduras se dispararon un 39,5% solo en el Gran Buenos Aires. Mientras tanto, el gobierno se apresta a cerrar un nuevo acuerdo con el Fondo Monetario Internacional por 20 mil millones de d\u00f3lares, consolidando una dependencia t\u00f3xica que hipotecar\u00e1 a\u00fan m\u00e1s la soberan\u00eda econ\u00f3mica del pa\u00eds.<br><br>El principal motor de la suba inflacionaria en marzo fue el rubro de alimentos y bebidas no alcoh\u00f3licas, con un alza del 5,9%. En un pa\u00eds donde m\u00e1s del 40% de la poblaci\u00f3n es pobre, esta cifra no solo es alarmante: es criminal. Las verduras, tub\u00e9rculos y legumbres subieron m\u00e1s del 30% en varias regiones, y las carnes, que hab\u00edan mostrado cierta estabilidad en febrero, retomaron su escalada. El fen\u00f3meno no se explica s\u00f3lo por cuestiones estacionales o clim\u00e1ticas \u2014como las lluvias que afectaron la producci\u00f3n\u2014 sino por una desregulaci\u00f3n brutal del mercado que deja librado todo a las leyes de una oferta concentrada y una demanda cada vez m\u00e1s desesperada.<br><br>A esto se suma una categor\u00eda particularmente sensible: la educaci\u00f3n. En el mes del inicio del ciclo lectivo, el rubro se dispar\u00f3 un 21,6%. Lejos de garantizar el derecho b\u00e1sico al acceso escolar, el modelo mile\u00edsta impulsa una elitizaci\u00f3n silenciosa del sistema educativo, donde s\u00f3lo quienes puedan pagar sobrevivir\u00e1n. La suba impact\u00f3 en todos los niveles: desde jardines hasta universidades privadas. En paralelo, las universidades p\u00fablicas siguen siendo atacadas presupuestariamente, con Milei vetando sistem\u00e1ticamente los fondos que les permitir\u00edan funcionar con normalidad. La pol\u00edtica educativa del gobierno se resume en una ecuaci\u00f3n perversa: los ricos estudian, los pobres se endeudan o abandonan.<br><br>Aun en servicios donde las tarifas fueron \u00abmoderadas\u00bb, como vivienda, agua y electricidad, el alza fue del 2,9%, y el transporte subi\u00f3 1,7%. Nada baja, todo sube. Pero el relato oficial insiste en destacar que esta es \u00abla inflaci\u00f3n de marzo m\u00e1s baja desde 2020\u00bb, como si se tratara de un campeonato de negaciones, donde lo importante no es lo que sufre la sociedad, sino qu\u00e9 tan bien se oculta en los discursos oficiales. El problema, claro, es que la g\u00f3ndola no miente, y la panza tampoco.<br><br>Mientras tanto, las proyecciones privadas desnudaron las falencias del equipo econ\u00f3mico. Consultoras como Analytica, Ferreres y C&amp;T ya advert\u00edan una aceleraci\u00f3n inflacionaria, aunque sus estimaciones quedaran por debajo del \u00edndice real. El Relevamiento de Expectativas de Mercado (REM), elaborado por el Banco Central, se qued\u00f3 corto, anticipando un IPC del 2,6%. Nadie parece tener el control real del fen\u00f3meno, ni siquiera aquellos que prometieron exterminarlo con motosierra y dinamita.<br><br>Y es aqu\u00ed donde se revela la mayor falacia del discurso mile\u00edsta: el supuesto orden monetario, la supuesta \u00abcura\u00bb liberal, la supuesta estabilidad cambiaria. Todo descansa sobre una ficci\u00f3n sostenida por endeudamiento externo, atraso cambiario y represi\u00f3n salarial. No hay crecimiento, no hay inversi\u00f3n productiva, no hay mejora del poder adquisitivo. Lo que hay es ajuste, pobreza y una fragilidad macroecon\u00f3mica alarmante.<br><br>El IPC N\u00facleo, que excluye los precios regulados y estacionales, fue del 3,2%, tambi\u00e9n por encima del mes anterior. Es decir: incluso sin contar los factores estacionales como la educaci\u00f3n o las frutas, la inflaci\u00f3n estructural persiste. El modelo econ\u00f3mico no ha resuelto ninguna de las causas profundas de la inflaci\u00f3n argentina: ni la concentraci\u00f3n de mercado, ni la dolarizaci\u00f3n de los precios internos, ni el colapso de la industria nacional.<br><br>Mientras tanto, el Gobierno festeja como si la guerra contra la inflaci\u00f3n estuviera ganada. Pero el \u00fanico campo de batalla real es el supermercado, donde las familias argentinas pierden todos los d\u00edas. Los salarios est\u00e1n planchados, las jubilaciones licuadas, los ingresos informales pulverizados. El relato de la \u00abcompetencia de monedas\u00bb y el \u00abmercado autorregulado\u00bb ya no convence a nadie, excepto a los operadores de Twitter pagados para amplificar un relato sin correlato emp\u00edrico.<br><br>En este contexto, la dependencia del FMI se vuelve estructural. El acuerdo que se cocina en estas horas por otros 20.000 millones de d\u00f3lares no hace m\u00e1s que atar a la Argentina a una l\u00f3gica de ajuste eterno. Los mismos actores que generaron la crisis durante el macrismo \u2014hoy reciclados bajo el libertarismo con ropaje anarco-capitalista\u2014 vuelven a abrirle las puertas al Fondo, mientras las condiciones impuestas ya se traducen en recortes, despidos, subejecuciones presupuestarias y vaciamiento del Estado.<br><br>La pregunta que queda flotando es una sola: \u00bfcu\u00e1nto m\u00e1s puede resistir la sociedad argentina antes de que estalle? \u00bfHasta cu\u00e1ndo se podr\u00e1 sostener un modelo que naturaliza la pobreza, criminaliza la protesta y festeja que la inflaci\u00f3n \u00abbaj\u00f3\u00bb mientras la leche cuesta el doble y las escuelas se caen a pedazos?<br><br>Porque si algo ense\u00f1a la historia econ\u00f3mica argentina es que los n\u00fameros maquillados no tapan el hambre. Y el hambre, tarde o temprano, se vuelve grito, movilizaci\u00f3n y memoria.<br><\/p>\n\n\n\n<p>Fuente:<\/p>\n\n\n\n<ul class=\"wp-block-list\">\n<li>https:\/\/www.infobae.com\/economia\/2025\/04\/11\/la-inflacion-de-marzo-fue-de-37-y-acumulo-559-en-los-ultimos-doce-meses\/<\/li>\n<\/ul>\n","protected":false},"excerpt":{"rendered":"<p>Pese al relato oficial, el \u00edndice de precios volvi\u00f3 a acelerarse en marzo. Mientras el Gobierno festeja desaceleraciones estad\u00edsticas, la comida, la educaci\u00f3n y la vida cotidiana siguen por las nubes. El \u00abmilagro liberal\u00bb no se traduce en el changuito del supermercado. Con una inflaci\u00f3n mensual del 3,7% y un interanual del 55,9%, el Gobierno&#8230;<\/p>\n","protected":false},"author":1,"featured_media":3304,"comment_status":"open","ping_status":"open","sticky":false,"template":"","format":"standard","meta":{"_monsterinsights_skip_tracking":false,"_monsterinsights_sitenote_active":false,"_monsterinsights_sitenote_note":"","_monsterinsights_sitenote_category":0,"footnotes":"","jetpack_publicize_message":"","jetpack_publicize_feature_enabled":true,"jetpack_social_post_already_shared":true,"jetpack_social_options":{"image_generator_settings":{"template":"highway","default_image_id":0,"font":"","enabled":false},"version":2}},"categories":[3],"tags":[549,227,45],"class_list":["post-3305","post","type-post","status-publish","format-standard","has-post-thumbnail","hentry","category-economia","tag-indec","tag-inflacion","tag-milei"],"jetpack_publicize_connections":[],"_links":{"self":[{"href":"https:\/\/www.enorsai.com\/noticias\/wp-json\/wp\/v2\/posts\/3305","targetHints":{"allow":["GET"]}}],"collection":[{"href":"https:\/\/www.enorsai.com\/noticias\/wp-json\/wp\/v2\/posts"}],"about":[{"href":"https:\/\/www.enorsai.com\/noticias\/wp-json\/wp\/v2\/types\/post"}],"author":[{"embeddable":true,"href":"https:\/\/www.enorsai.com\/noticias\/wp-json\/wp\/v2\/users\/1"}],"replies":[{"embeddable":true,"href":"https:\/\/www.enorsai.com\/noticias\/wp-json\/wp\/v2\/comments?post=3305"}],"version-history":[{"count":0,"href":"https:\/\/www.enorsai.com\/noticias\/wp-json\/wp\/v2\/posts\/3305\/revisions"}],"wp:featuredmedia":[{"embeddable":true,"href":"https:\/\/www.enorsai.com\/noticias\/wp-json\/wp\/v2\/media\/3304"}],"wp:attachment":[{"href":"https:\/\/www.enorsai.com\/noticias\/wp-json\/wp\/v2\/media?parent=3305"}],"wp:term":[{"taxonomy":"category","embeddable":true,"href":"https:\/\/www.enorsai.com\/noticias\/wp-json\/wp\/v2\/categories?post=3305"},{"taxonomy":"post_tag","embeddable":true,"href":"https:\/\/www.enorsai.com\/noticias\/wp-json\/wp\/v2\/tags?post=3305"}],"curies":[{"name":"wp","href":"https:\/\/api.w.org\/{rel}","templated":true}]}}